{"id":4863,"date":"2026-04-25T20:23:51","date_gmt":"2026-04-25T20:23:51","guid":{"rendered":"https:\/\/odakhaber.site\/?p=4863"},"modified":"2026-04-25T20:23:51","modified_gmt":"2026-04-25T20:23:51","slug":"gurol-sozenden-etkileyici-sergi-siyah-ne-yapardi-beyaz-olmasaydi","status":"publish","type":"post","link":"https:\/\/odakhaber.site\/?p=4863","title":{"rendered":"G\u00fcrol S\u00f6zen\u2019den Etkileyici Sergi: \u201cSiyah Ne Yapard\u0131, Beyaz Olmasayd\u0131!\u201d"},"content":{"rendered":"\n<h2 class=\"wp-block-heading\">Renklerin \u00d6z\u00fcne Yolculuk: G\u00fcrol S\u00f6zen\u2019den \u201cSiyah\u0131n Karas\u0131, Beyaz\u0131n Ak\u00e7as\u0131\u201d<\/h2>\n\n\n\n<p>\u00c7ok y\u00f6nl\u00fc sanat\u00e7\u0131 ki\u015fili\u011fiyle tan\u0131nan ressam, yazar ve sanat tarih\u00e7isi&nbsp;<strong>G\u00fcrol S\u00f6zen<\/strong>, bu kez renklerin en yal\u0131n haliyle izleyiciyi derin bir sorgulamaya davet ediyor. Sanat\u00e7\u0131n\u0131n merakla beklenen yeni sergisi, 19 May\u0131s tarihine kadar Beyo\u011flu\u2019nun tarihi dokusunu ta\u015f\u0131yan&nbsp;<strong>ARK K\u00fclt\u00fcr<\/strong>\u2019de ziyaret edilebilecek.<\/p>\n\n\n\n<h3 class=\"wp-block-heading\">I\u015f\u0131\u011f\u0131n ve Karanl\u0131\u011f\u0131n Diyalekti\u011fi<\/h3>\n\n\n\n<p>Yak\u0131n d\u00f6nemde \u201c1919-23 Destan ve Onlar\u201d projesiyle b\u00fcy\u00fck ses getiren ve \u00e7ocuk edebiyat\u0131na kazand\u0131rd\u0131\u011f\u0131 Anadolu uygarl\u0131klar\u0131 temal\u0131 \u00f6yk\u00fcleriyle tan\u0131nan S\u00f6zen, bu yeni sergisinde oda\u011f\u0131n\u0131 siyah ve beyaza \u00e7eviriyor. Eserlerinde Rembrandt\u2019\u0131n \u0131\u015f\u0131k-g\u00f6lge ustal\u0131\u011f\u0131n\u0131 and\u0131ran bir derinlik sunan sanat\u00e7\u0131; siyah\u0131n mutlak karanl\u0131\u011f\u0131 ile beyaz\u0131n umut dolu par\u0131lt\u0131s\u0131 aras\u0131ndaki o ince \u00e7izgiyi ke\u015ffe \u00e7\u0131k\u0131yor.<\/p>\n\n\n\n<h3 class=\"wp-block-heading\">\u00c7ocuklardan Sanatseverlere Uzanan Bir K\u00f6pr\u00fc<\/h3>\n\n\n\n<p>Can Yay\u0131nlar\u0131 etiketiyle okurla bulu\u015fan&nbsp;<em>\u201c<\/em>Hititli K\u00fc\u00e7\u00fck Hayalcinin D\u00fc\u015fleri\u201d ve \u201cTroya\u2019da Bin P\u0131narl\u0131 Da\u011f\u0131n Kelebe\u011fi\u201dgibi eserlerinde tarihsel dokuyu masals\u0131 bir dille anlatan S\u00f6zen, bu sergisinde ise f\u0131r\u00e7as\u0131n\u0131 daha felsefi bir zemine oturtuyor. \u0130zleyiciyi g\u00f6rsel bir \u015f\u00f6lenin \u00f6tesinde, varolu\u015fsal sorularla ba\u015f ba\u015fa b\u0131rakan \u00e7al\u0131\u015fma, siyah\u0131n en koyu haliyle beyaz\u0131n \u201cak\u00e7as\u0131n\u0131\u201d ustal\u0131kla harmanl\u0131yor.<\/p>\n\n\n\n<p><strong>Sergi Notlar\u0131:<\/strong><\/p>\n\n\n\n<ul class=\"wp-block-list\">\n<li><strong>Mekan:<\/strong>\u00a0Beyo\u011flu ARK K\u00fclt\u00fcr<\/li>\n\n\n\n<li><strong>Son Tarih:<\/strong>\u00a019 May\u0131s<\/li>\n\n\n\n<li><strong>Tema:<\/strong>\u00a0Siyah ve beyaz\u0131n saf hali, \u0131\u015f\u0131k-g\u00f6lge oyunlar\u0131 ve felsefi derinlik.<\/li>\n<\/ul>\n\n\n\n<p>Sanat\u00e7\u0131n\u0131n zengin i\u00e7 d\u00fcnyas\u0131n\u0131 ve akademik birikimini tuvale yans\u0131tt\u0131\u011f\u0131 bu \u00f6zel se\u00e7ki, bahar aylar\u0131nda \u0130stanbul sanat rotas\u0131n\u0131n en g\u00fc\u00e7l\u00fc duraklar\u0131ndan biri olmaya aday.<\/p>\n\n\n\n<figure class=\"wp-block-embed is-type-wp-embed is-provider-objektif-haber wp-block-embed-objektif-haber\"><div class=\"wp-block-embed__wrapper\">\n<blockquote class=\"wp-embedded-content\" data-secret=\"rf0UX86xa7\"><a href=\"https:\/\/objektif.site\/2026\/04\/25\/gurol-sozenden-etkileyici-sergi-siyah-ne-yapardi-beyaz-olmasaydi\/\">G\u00fcrol S\u00f6zen\u2019den Etkileyici Sergi: \u201cSiyah Ne Yapard\u0131, Beyaz Olmasayd\u0131!\u201d<\/a><\/blockquote><iframe loading=\"lazy\" class=\"wp-embedded-content\" sandbox=\"allow-scripts\" security=\"restricted\" style=\"position: absolute; visibility: hidden;\" title=\"&#8220;G\u00fcrol S\u00f6zen\u2019den Etkileyici Sergi: \u201cSiyah Ne Yapard\u0131, Beyaz Olmasayd\u0131!\u201d&#8221; &#8212; Objektif Haber\" src=\"https:\/\/objektif.site\/2026\/04\/25\/gurol-sozenden-etkileyici-sergi-siyah-ne-yapardi-beyaz-olmasaydi\/embed\/#?secret=yXmlDoYftZ#?secret=rf0UX86xa7\" data-secret=\"rf0UX86xa7\" width=\"600\" height=\"338\" frameborder=\"0\" marginwidth=\"0\" marginheight=\"0\" scrolling=\"no\"><\/iframe>\n<\/div><\/figure>\n\n\n\n<p>KARDE\u015e HABER<\/p>\n","protected":false},"excerpt":{"rendered":"<p>Renklerin \u00d6z\u00fcne Yolculuk: G\u00fcrol S\u00f6zen\u2019den \u201cSiyah\u0131n Karas\u0131, Beyaz\u0131n Ak\u00e7as\u0131\u201d \u00c7ok y\u00f6nl\u00fc sanat\u00e7\u0131 ki\u015fili\u011fiyle tan\u0131nan ressam, yazar ve sanat tarih\u00e7isi&nbsp;G\u00fcrol S\u00f6zen, bu kez renklerin en yal\u0131n haliyle izleyiciyi derin bir sorgulamaya davet ediyor. Sanat\u00e7\u0131n\u0131n merakla beklenen yeni sergisi, 19 May\u0131s tarihine kadar Beyo\u011flu\u2019nun tarihi dokusunu ta\u015f\u0131yan&nbsp;ARK K\u00fclt\u00fcr\u2019de ziyaret edilebilecek. I\u015f\u0131\u011f\u0131n ve Karanl\u0131\u011f\u0131n Diyalekti\u011fi Yak\u0131n d\u00f6nemde \u201c1919-23 [&hellip;]<\/p>\n","protected":false},"author":3,"featured_media":4864,"comment_status":"open","ping_status":"open","sticky":false,"template":"","format":"standard","meta":{"_jetpack_memberships_contains_paid_content":false,"footnotes":""},"categories":[3],"tags":[],"class_list":["post-4863","post","type-post","status-publish","format-standard","has-post-thumbnail","hentry","category-kultur-sanat-haberleri"],"jetpack_featured_media_url":"https:\/\/odakhaber.site\/wp-content\/uploads\/2026\/04\/825cdefb-a104-4617-b9b9-8a2a2f17d091.jpg-e1777148625320.webp","jetpack_sharing_enabled":true,"_links":{"self":[{"href":"https:\/\/odakhaber.site\/index.php?rest_route=\/wp\/v2\/posts\/4863","targetHints":{"allow":["GET"]}}],"collection":[{"href":"https:\/\/odakhaber.site\/index.php?rest_route=\/wp\/v2\/posts"}],"about":[{"href":"https:\/\/odakhaber.site\/index.php?rest_route=\/wp\/v2\/types\/post"}],"author":[{"embeddable":true,"href":"https:\/\/odakhaber.site\/index.php?rest_route=\/wp\/v2\/users\/3"}],"replies":[{"embeddable":true,"href":"https:\/\/odakhaber.site\/index.php?rest_route=%2Fwp%2Fv2%2Fcomments&post=4863"}],"version-history":[{"count":1,"href":"https:\/\/odakhaber.site\/index.php?rest_route=\/wp\/v2\/posts\/4863\/revisions"}],"predecessor-version":[{"id":4865,"href":"https:\/\/odakhaber.site\/index.php?rest_route=\/wp\/v2\/posts\/4863\/revisions\/4865"}],"wp:featuredmedia":[{"embeddable":true,"href":"https:\/\/odakhaber.site\/index.php?rest_route=\/wp\/v2\/media\/4864"}],"wp:attachment":[{"href":"https:\/\/odakhaber.site\/index.php?rest_route=%2Fwp%2Fv2%2Fmedia&parent=4863"}],"wp:term":[{"taxonomy":"category","embeddable":true,"href":"https:\/\/odakhaber.site\/index.php?rest_route=%2Fwp%2Fv2%2Fcategories&post=4863"},{"taxonomy":"post_tag","embeddable":true,"href":"https:\/\/odakhaber.site\/index.php?rest_route=%2Fwp%2Fv2%2Ftags&post=4863"}],"curies":[{"name":"wp","href":"https:\/\/api.w.org\/{rel}","templated":true}]}}