{"id":4891,"date":"2026-04-26T18:03:49","date_gmt":"2026-04-26T18:03:49","guid":{"rendered":"https:\/\/odakhaber.site\/?p=4891"},"modified":"2026-04-26T18:03:49","modified_gmt":"2026-04-26T18:03:49","slug":"avrupa-ulasiminda-dev-veda-blablacar-bus-sektorden-cekiliyor","status":"publish","type":"post","link":"https:\/\/odakhaber.site\/?p=4891","title":{"rendered":"Avrupa Ula\u015f\u0131m\u0131nda Dev Veda: BlaBlaCar Bus Sekt\u00f6rden \u00c7ekiliyor"},"content":{"rendered":"\n<p>Avrupa karayolu ta\u015f\u0131mac\u0131l\u0131\u011f\u0131nda ta\u015flar yerinden oynuyor. D\u00fc\u015f\u00fck maliyetli bilet politikas\u0131yla milyonlarca yolcunun tercihi olan dev otob\u00fcs firmas\u0131, finansal zorluklar ve artan maliyetler nedeniyle havlu atma karar\u0131 ald\u0131.<\/p>\n\n\n\n<p>\u0130\u015fte Avrupa ula\u015f\u0131m pazar\u0131n\u0131 sarsan \u00e7ekilme karar\u0131n\u0131n detaylar\u0131:<\/p>\n\n\n\n<hr class=\"wp-block-separator has-alpha-channel-opacity\"\/>\n\n\n\n<h2 class=\"wp-block-heading\">BlaBlaCar Bus Sekt\u00f6re Veda Ediyor<\/h2>\n\n\n\n<p>2019 y\u0131l\u0131nda Frans\u0131z Devlet Demiryollar\u0131 (SNCF) b\u00fcnyesindeki Ouibus\u2019u devralarak iddial\u0131 bir giri\u015f yapan\u00a0BlaBlaCar Bus, 2026 y\u0131l\u0131 sonunda t\u00fcm faaliyetlerini durduraca\u011f\u0131n\u0131 a\u00e7\u0131klad\u0131. \u015eirketin yedi y\u0131l s\u00fcren otob\u00fcs piyasas\u0131 maceras\u0131, beklenen finansal hedeflere ula\u015f\u0131lamamas\u0131yla son buluyor.<\/p>\n\n\n\n<h3 class=\"wp-block-heading\">\u00c7ekilme Karar\u0131n\u0131n Arkas\u0131ndaki Nedenler<\/h3>\n\n\n\n<p>\u015eirket y\u00f6netimi, radikal karar\u0131n gerek\u00e7elerini \u015fu temel fakt\u00f6rlere dayand\u0131rd\u0131:<\/p>\n\n\n\n<ul class=\"wp-block-list\">\n<li><strong>Yak\u0131t Fiyatlar\u0131ndaki Art\u0131\u015f:<\/strong>\u00a0Jeopolitik gerilimlerin tetikledi\u011fi akaryak\u0131t zamlar\u0131, d\u00fc\u015f\u00fck bilet stratejisini imkans\u0131z hale getirdi.<\/li>\n\n\n\n<li><strong>Finansal S\u00fcrd\u00fcr\u00fclebilirlik:<\/strong>\u00a0Operasyonel verimsizlik nedeniyle faaliyetlerin beklenen k\u00e2r d\u00fczeyine bir t\u00fcrl\u00fc ula\u015famamas\u0131.<\/li>\n<\/ul>\n\n\n\n<hr class=\"wp-block-separator has-alpha-channel-opacity\"\/>\n\n\n\n<h2 class=\"wp-block-heading\">15 \u00dclke ve 6 Milyon Yolcu Etkilenecek<\/h2>\n\n\n\n<p>BlaBlaCar Bus; \u0130ngiltere, \u0130spanya, \u0130talya ve Almanya dahil olmak \u00fczere 15 \u00fclkede 300\u2019den fazla noktay\u0131 birbirine ba\u011fl\u0131yordu. Y\u0131lda ortalama\u00a06 milyon yolcuya\u00a0hizmet veren bu geni\u015f a\u011f\u0131n kapanmas\u0131yla:<\/p>\n\n\n\n<ul class=\"wp-block-list\">\n<li>Avrupa ula\u015f\u0131m pazar\u0131nda dev bir bo\u015fluk olu\u015facak.<\/li>\n\n\n\n<li>Pazar lideri Alman\u00a0<strong>FlixBus<\/strong>&#8216;\u0131n rakipsiz kalmas\u0131ndan endi\u015fe ediliyor.<\/li>\n\n\n\n<li>Sekt\u00f6r temsilcileri, rekabetin azalmas\u0131yla bilet fiyatlar\u0131n\u0131n y\u00fckselebilece\u011fi uyar\u0131s\u0131nda bulunuyor.<\/li>\n<\/ul>\n\n\n\n<hr class=\"wp-block-separator has-alpha-channel-opacity\"\/>\n\n\n\n<h2 class=\"wp-block-heading\">Ekonomik ve Sosyal Fatura A\u011f\u0131r<\/h2>\n\n\n\n<p>Karar sadece yolcular\u0131 de\u011fil, sekt\u00f6rdeki binlerce \u00e7al\u0131\u015fan\u0131 ve alt y\u00fckleniciyi de etkileyecek:<\/p>\n\n\n\n<ul class=\"wp-block-list\">\n<li><strong>\u0130stihdam Kayb\u0131:<\/strong>\u00a0\u015eirket b\u00fcnyesindeki 40 pozisyon do\u011frudan tasfiye edilecek.<\/li>\n\n\n\n<li><strong>Alt Ta\u015f\u0131mac\u0131lar Ma\u011fdur:<\/strong>\u00a0\u015eirket ad\u0131na sefer d\u00fczenleyen yakla\u015f\u0131k\u00a0<strong>60 alt y\u00fcklenici firman\u0131n<\/strong>\u00a0yapt\u0131\u011f\u0131 otob\u00fcs ve personel yat\u0131r\u0131mlar\u0131 bo\u015fa \u00e7\u0131kma riskiyle kar\u015f\u0131 kar\u015f\u0131ya.<\/li>\n\n\n\n<li><strong>OTRE De\u011ferlendirmesi:<\/strong>\u00a0Avrupa Karayolu Ta\u015f\u0131mac\u0131lar\u0131 \u00d6rg\u00fct\u00fc (OTRE), karar\u0131 &#8220;beklenmedik&#8221; ve &#8220;endi\u015fe verici&#8221; olarak nitelendirdi.<\/li>\n<\/ul>\n\n\n\n<p><a href=\"https:\/\/www.sondakika.com\/haber\/haber-avrupanin-unlu-otobus-firmasi-sektorden-tamamen-19781508\">https:\/\/www.sondakika.com\/haber\/haber-avrupanin-unlu-otobus-firmasi-sektorden-tamamen-19781508<\/a><\/p>\n\n\n\n<p><\/p>\n","protected":false},"excerpt":{"rendered":"<p>Avrupa karayolu ta\u015f\u0131mac\u0131l\u0131\u011f\u0131nda ta\u015flar yerinden oynuyor. D\u00fc\u015f\u00fck maliyetli bilet politikas\u0131yla milyonlarca yolcunun tercihi olan dev otob\u00fcs firmas\u0131, finansal zorluklar ve artan maliyetler nedeniyle havlu atma karar\u0131 ald\u0131. \u0130\u015fte Avrupa ula\u015f\u0131m pazar\u0131n\u0131 sarsan \u00e7ekilme karar\u0131n\u0131n detaylar\u0131: BlaBlaCar Bus Sekt\u00f6re Veda Ediyor 2019 y\u0131l\u0131nda Frans\u0131z Devlet Demiryollar\u0131 (SNCF) b\u00fcnyesindeki Ouibus\u2019u devralarak iddial\u0131 bir giri\u015f yapan\u00a0BlaBlaCar Bus, 2026 [&hellip;]<\/p>\n","protected":false},"author":5,"featured_media":4892,"comment_status":"open","ping_status":"open","sticky":false,"template":"","format":"standard","meta":{"_jetpack_memberships_contains_paid_content":false,"footnotes":""},"categories":[37],"tags":[],"class_list":["post-4891","post","type-post","status-publish","format-standard","has-post-thumbnail","hentry","category-dunya-haberleri"],"jetpack_featured_media_url":"https:\/\/odakhaber.site\/wp-content\/uploads\/2026\/04\/avrupanin-unlu-otobus-firmasi-sektorden-tamamen-19781507_9198_amp-2.jpg","jetpack_sharing_enabled":true,"_links":{"self":[{"href":"https:\/\/odakhaber.site\/index.php?rest_route=\/wp\/v2\/posts\/4891","targetHints":{"allow":["GET"]}}],"collection":[{"href":"https:\/\/odakhaber.site\/index.php?rest_route=\/wp\/v2\/posts"}],"about":[{"href":"https:\/\/odakhaber.site\/index.php?rest_route=\/wp\/v2\/types\/post"}],"author":[{"embeddable":true,"href":"https:\/\/odakhaber.site\/index.php?rest_route=\/wp\/v2\/users\/5"}],"replies":[{"embeddable":true,"href":"https:\/\/odakhaber.site\/index.php?rest_route=%2Fwp%2Fv2%2Fcomments&post=4891"}],"version-history":[{"count":1,"href":"https:\/\/odakhaber.site\/index.php?rest_route=\/wp\/v2\/posts\/4891\/revisions"}],"predecessor-version":[{"id":4893,"href":"https:\/\/odakhaber.site\/index.php?rest_route=\/wp\/v2\/posts\/4891\/revisions\/4893"}],"wp:featuredmedia":[{"embeddable":true,"href":"https:\/\/odakhaber.site\/index.php?rest_route=\/wp\/v2\/media\/4892"}],"wp:attachment":[{"href":"https:\/\/odakhaber.site\/index.php?rest_route=%2Fwp%2Fv2%2Fmedia&parent=4891"}],"wp:term":[{"taxonomy":"category","embeddable":true,"href":"https:\/\/odakhaber.site\/index.php?rest_route=%2Fwp%2Fv2%2Fcategories&post=4891"},{"taxonomy":"post_tag","embeddable":true,"href":"https:\/\/odakhaber.site\/index.php?rest_route=%2Fwp%2Fv2%2Ftags&post=4891"}],"curies":[{"name":"wp","href":"https:\/\/api.w.org\/{rel}","templated":true}]}}