{"id":4894,"date":"2026-04-26T18:09:10","date_gmt":"2026-04-26T18:09:10","guid":{"rendered":"https:\/\/odakhaber.site\/?p=4894"},"modified":"2026-04-26T18:09:10","modified_gmt":"2026-04-26T18:09:10","slug":"arnavutkoylu-gencler-abdde-tarih-yazdi-dunya-robot-sampiyonasinda-gurur-tablosu","status":"publish","type":"post","link":"https:\/\/odakhaber.site\/?p=4894","title":{"rendered":"Arnavutk\u00f6yl\u00fc Gen\u00e7ler ABD\u2019de Tarih Yazd\u0131: D\u00fcnya Robot \u015eampiyonas\u0131\u2019nda Gurur Tablosu"},"content":{"rendered":"\n<p>Arnavutk\u00f6y\u2019\u00fcn gen\u00e7 yetenekleri, teknoloji d\u00fcnyas\u0131n\u0131n kalbinin att\u0131\u011f\u0131 ABD\u2019de T\u00fcrkiye r\u00fczgar\u0131 estirdi. Arnavutk\u00f6y Belediyesi\u2019nin destekleriyle haz\u0131rlanan \u00f6\u011frenciler, d\u00fcnyan\u0131n en b\u00fcy\u00fck robotik organizasyonu olarak Guinness Rekorlar Kitab\u0131\u2019na giren\u00a0VEX Robotics D\u00fcnya \u015eampiyonas\u0131&#8217;nda ay-y\u0131ld\u0131zl\u0131 bayra\u011f\u0131 gururla temsil etti.<\/p>\n\n\n\n<p>\u0130\u015fte gen\u00e7 m\u00fchendislerin St. Louis\u2019deki ba\u015far\u0131 dolu yolculu\u011fu:<\/p>\n\n\n\n<hr class=\"wp-block-separator has-alpha-channel-opacity\"\/>\n\n\n\n<h2 class=\"wp-block-heading\">D\u00fcnya Arenas\u0131nda \u0130ki Dev Tak\u0131m: Robotist ve Mario<\/h2>\n\n\n\n<p>ABD\u2019nin St. Louis kentinde d\u00fczenlenen ve 800 tak\u0131m\u0131n kat\u0131ld\u0131\u011f\u0131 dev organizasyonda, Arnavutk\u00f6y\u2019den iki \u00f6nemli lise teknik becerilerini sergiledi:<\/p>\n\n\n\n<ul class=\"wp-block-list\">\n<li><strong>\u0130brahim \u00d6zayd\u0131n MTAL (IOROBOT\/Mario Tak\u0131m\u0131):<\/strong>\u00a0\u00dcst \u00fcste 4. y\u0131l\u0131nda da d\u00fcnya \u015fampiyonas\u0131ndan \u00f6d\u00fclle d\u00f6nerek istikrarl\u0131 bir ba\u015far\u0131ya imza att\u0131.<\/li>\n\n\n\n<li><strong>\u0130stanbul Havaliman\u0131 MTAL (RobotIST Tak\u0131m\u0131):<\/strong>\u00a0Turnuvaya ikinci kat\u0131l\u0131m\u0131nda b\u00fcy\u00fck bir s\u0131\u00e7rama yaparak g\u00fc\u00e7l\u00fc rakiplerini geride b\u0131rakt\u0131 ve \u00e7eyrek finale y\u00fckselerek \u00f6d\u00fcl kazand\u0131.<\/li>\n<\/ul>\n\n\n\n<h3 class=\"wp-block-heading\">Gelece\u011fin Teknolojisi &#8220;Bilim Arnavutk\u00f6y&#8221;de \u015eekilleniyor<\/h3>\n\n\n\n<p>Gen\u00e7lerin uluslararas\u0131 arenadaki ba\u015far\u0131s\u0131n\u0131n arkas\u0131nda, Arnavutk\u00f6y Belediyesi\u2019nin s\u00fcrd\u00fcr\u00fclebilir teknoloji yat\u0131r\u0131mlar\u0131 yat\u0131yor.\u00a0Bilim Arnavutk\u00f6y\u00a0ve teknoloji at\u00f6lyelerinde binlerce \u00e7ocuk;<\/p>\n\n\n\n<ul class=\"wp-block-list\">\n<li>Yapay zeka ve kodlama,<\/li>\n\n\n\n<li>Robotik ve elektronik,<\/li>\n\n\n\n<li>3 boyutlu tasar\u0131m gibi gelece\u011fin alanlar\u0131nda e\u011fitim alarak bu platformlara haz\u0131rlan\u0131yor.<\/li>\n<\/ul>\n\n\n\n<hr class=\"wp-block-separator has-alpha-channel-opacity\"\/>\n\n\n\n<h2 class=\"wp-block-heading\">&#8220;Gen\u00e7lerimize \u0130mkan Verildi\u011finde Ba\u015faramayacaklar\u0131 \u015eey Yok&#8221;<\/h2>\n\n\n\n<p>\u00d6\u011frencileri ABD&#8217;deki \u015fampiyona alan\u0131nda yaln\u0131z b\u0131rakmayan\u00a0Arnavutk\u00f6y Belediye Ba\u015fkan\u0131 Mustafa Candaro\u011flu, tak\u0131mlar\u0131n heyecan\u0131na ortak oldu. Candaro\u011flu, s\u00fcreci \u015fu s\u00f6zlerle de\u011ferlendirdi:<\/p>\n\n\n\n<blockquote class=\"wp-block-quote is-layout-flow wp-block-quote-is-layout-flow\">\n<p><em>&#8220;Gen\u00e7lerimize imkan verildi\u011finde neler ba\u015farabileceklerini burada bir kez daha g\u00f6r\u00fcyoruz. \u00dclkemiz ve bayra\u011f\u0131m\u0131z ad\u0131na bizleri gururland\u0131ran \u00e7ok k\u0131ymetli bir tablo var. Eme\u011fi ge\u00e7en t\u00fcm \u00f6\u011fretmen ve \u00f6\u011frencilerimize te\u015fekk\u00fcr ediyorum.&#8221;<\/em><\/p>\n<\/blockquote>\n\n\n\n<h3 class=\"wp-block-heading\">E\u011fitim Camias\u0131ndan Te\u015fekk\u00fcr<\/h3>\n\n\n\n<p>Okul m\u00fcd\u00fcrleri Talha Bekta\u015f ve Saadet Bekta\u015f, belediyenin sadece finansal de\u011fil, fiziki olarak da yanlar\u0131nda bulunmas\u0131ndan duyduklar\u0131 memnuniyeti dile getirerek; bu deste\u011fin \u00f6\u011frencilerin motivasyonunu zirveye ta\u015f\u0131d\u0131\u011f\u0131n\u0131 vurgulad\u0131.<\/p>\n\n\n\n<hr class=\"wp-block-separator has-alpha-channel-opacity\"\/>\n\n\n\n<h3 class=\"wp-block-heading\">Bu Haber \u0130\u00e7in Ba\u015fl\u0131k \u00d6nerileri:<\/h3>\n\n\n\n<ul class=\"wp-block-list\">\n<li><strong>Arnavutk\u00f6yl\u00fc Gen\u00e7ler ABD\u2019de Tarih Yazd\u0131: Robot \u015eampiyonas\u0131\u2019ndan \u00d6d\u00fclle D\u00f6nd\u00fcler<\/strong><\/li>\n\n\n\n<li><strong>D\u00fcnya Robot Devleri Aras\u0131nda Bir T\u00fcrk Ba\u015far\u0131s\u0131: Arnavutk\u00f6y Tak\u0131mlar\u0131 \u00d6d\u00fcle Doymad\u0131<\/strong><\/li>\n\n\n\n<li><strong>Gelece\u011fin M\u00fchendisleri St. Louis\u2019de: Arnavutk\u00f6y\u2019den D\u00fcnya 4.\u2019l\u00fc\u011f\u00fc Geldi<\/strong><\/li>\n\n\n\n<li><strong>Robotik D\u00fcnyas\u0131nda Arnavutk\u00f6y R\u00fczgar\u0131: Gen\u00e7 Yetenekler ABD\u2019de K\u00fcrs\u00fcye \u00c7\u0131kt\u0131<\/strong><\/li>\n\n\n\n<li><strong>T\u00fcrkiye\u2019nin Robot Gururlar\u0131: Arnavutk\u00f6yl\u00fc \u00d6\u011frenciler VEX D\u00fcnya \u015eampiyonas\u0131\u2019nda<\/strong><\/li>\n<\/ul>\n\n\n\n<p><a href=\"https:\/\/www.sondakika.com\/teknoloji\/haber-arnavutkoylu-gencler-abd-de-duzenlenen-dunya-robot-19781890\">https:\/\/www.sondakika.com\/teknoloji\/haber-arnavutkoylu-gencler-abd-de-duzenlenen-dunya-robot-19781890<\/a><\/p>\n\n\n\n<p><\/p>\n","protected":false},"excerpt":{"rendered":"<p>Arnavutk\u00f6y\u2019\u00fcn gen\u00e7 yetenekleri, teknoloji d\u00fcnyas\u0131n\u0131n kalbinin att\u0131\u011f\u0131 ABD\u2019de T\u00fcrkiye r\u00fczgar\u0131 estirdi. Arnavutk\u00f6y Belediyesi\u2019nin destekleriyle haz\u0131rlanan \u00f6\u011frenciler, d\u00fcnyan\u0131n en b\u00fcy\u00fck robotik organizasyonu olarak Guinness Rekorlar Kitab\u0131\u2019na giren\u00a0VEX Robotics D\u00fcnya \u015eampiyonas\u0131&#8217;nda ay-y\u0131ld\u0131zl\u0131 bayra\u011f\u0131 gururla temsil etti. \u0130\u015fte gen\u00e7 m\u00fchendislerin St. Louis\u2019deki ba\u015far\u0131 dolu yolculu\u011fu: D\u00fcnya Arenas\u0131nda \u0130ki Dev Tak\u0131m: Robotist ve Mario ABD\u2019nin St. Louis kentinde d\u00fczenlenen [&hellip;]<\/p>\n","protected":false},"author":5,"featured_media":4895,"comment_status":"open","ping_status":"open","sticky":false,"template":"","format":"standard","meta":{"_jetpack_memberships_contains_paid_content":false,"footnotes":""},"categories":[37],"tags":[],"class_list":["post-4894","post","type-post","status-publish","format-standard","has-post-thumbnail","hentry","category-dunya-haberleri"],"jetpack_featured_media_url":"https:\/\/odakhaber.site\/wp-content\/uploads\/2026\/04\/arnavutkoylu-gencler-abd-de-duzenlenen-dunya-19781890_amp.jpg","jetpack_sharing_enabled":true,"_links":{"self":[{"href":"https:\/\/odakhaber.site\/index.php?rest_route=\/wp\/v2\/posts\/4894","targetHints":{"allow":["GET"]}}],"collection":[{"href":"https:\/\/odakhaber.site\/index.php?rest_route=\/wp\/v2\/posts"}],"about":[{"href":"https:\/\/odakhaber.site\/index.php?rest_route=\/wp\/v2\/types\/post"}],"author":[{"embeddable":true,"href":"https:\/\/odakhaber.site\/index.php?rest_route=\/wp\/v2\/users\/5"}],"replies":[{"embeddable":true,"href":"https:\/\/odakhaber.site\/index.php?rest_route=%2Fwp%2Fv2%2Fcomments&post=4894"}],"version-history":[{"count":1,"href":"https:\/\/odakhaber.site\/index.php?rest_route=\/wp\/v2\/posts\/4894\/revisions"}],"predecessor-version":[{"id":4896,"href":"https:\/\/odakhaber.site\/index.php?rest_route=\/wp\/v2\/posts\/4894\/revisions\/4896"}],"wp:featuredmedia":[{"embeddable":true,"href":"https:\/\/odakhaber.site\/index.php?rest_route=\/wp\/v2\/media\/4895"}],"wp:attachment":[{"href":"https:\/\/odakhaber.site\/index.php?rest_route=%2Fwp%2Fv2%2Fmedia&parent=4894"}],"wp:term":[{"taxonomy":"category","embeddable":true,"href":"https:\/\/odakhaber.site\/index.php?rest_route=%2Fwp%2Fv2%2Fcategories&post=4894"},{"taxonomy":"post_tag","embeddable":true,"href":"https:\/\/odakhaber.site\/index.php?rest_route=%2Fwp%2Fv2%2Ftags&post=4894"}],"curies":[{"name":"wp","href":"https:\/\/api.w.org\/{rel}","templated":true}]}}