{"id":4900,"date":"2026-04-26T18:17:08","date_gmt":"2026-04-26T18:17:08","guid":{"rendered":"https:\/\/odakhaber.site\/?p=4900"},"modified":"2026-04-26T18:17:08","modified_gmt":"2026-04-26T18:17:08","slug":"cocuklarda-ayak-sagligi-ve-erken-tani-fonksiyonel-gelisimin-stratejik-onemi","status":"publish","type":"post","link":"https:\/\/odakhaber.site\/?p=4900","title":{"rendered":"\u00c7ocuklarda Ayak Sa\u011fl\u0131\u011f\u0131 ve Erken Tan\u0131: Fonksiyonel Geli\u015fimin Stratejik \u00d6nemi"},"content":{"rendered":"\n<figure class=\"wp-block-image\"><img decoding=\"async\" src=\"https:\/\/i0.wp.com\/hurbakisgazetesi.com\/wp-content\/uploads\/2026\/04\/fa6462b7-53d4-4ea3-b68b-d551afcd1fd0.webp?resize=816%2C459&amp;ssl=1\" alt=\"\" title=\"\u00c7ocuklarda Ayak Sa\u011fl\u0131\u011f\u0131 ve Erken Tan\u0131: Fonksiyonel Geli\u015fimin Stratejik \u00d6nemi\"\/><\/figure>\n\n\n\n<p><strong>Ortopedik geli\u015fim s\u00fcre\u00e7lerinde erken d\u00f6nem analizlerin, ilerleyen ya\u015flardaki hareket kabiliyeti ve kinetik zincir b\u00fct\u00fcnl\u00fc\u011f\u00fc \u00fczerinde belirleyici oldu\u011fu vurgulan\u0131yor. Uzmanlar, \u00e7ocukluk \u00e7a\u011f\u0131 ayak yap\u0131s\u0131 de\u011fi\u015fimlerinde d\u00fczenli takibin, ya\u015fam kalitesini korumada kritik rol oynad\u0131\u011f\u0131n\u0131 ifade ediyor.<\/strong><\/p>\n\n\n\n<figure class=\"wp-block-image\"><img decoding=\"async\" src=\"https:\/\/i0.wp.com\/hurbakisgazetesi.com\/wp-content\/uploads\/2026\/04\/fa6462b7-53d4-4ea3-b68b-d551afcd1fd0.webp?resize=616%2C347&amp;ssl=1\" alt=\"\" class=\"wp-image-10883\"\/><\/figure>\n\n\n\n<h3 class=\"wp-block-heading\">Fizyolojik S\u00fcre\u00e7ler ve Uzman G\u00f6zleminin Gereklili\u011fi<\/h3>\n\n\n\n<p>\u00c7ocukluk \u00e7a\u011f\u0131nda s\u0131k\u00e7a kar\u015f\u0131la\u015f\u0131lan ortopedik durumlardan biri olan ayak taban\u0131 yap\u0131s\u0131ndaki de\u011fi\u015fimler, aileler i\u00e7in birer hassasiyet noktas\u0131 olu\u015ftursa da her zaman m\u00fcdahale gerektiren bir tabloyu i\u015faret etmiyor. \u00d6zellikle erken ya\u015flarda g\u00f6zlemlenen esnek yap\u0131lar\u0131n b\u00fcy\u00fck bir k\u0131sm\u0131n\u0131n fizyolojik bir s\u00fcre\u00e7 olarak kabul edilmesi gerekti\u011fini belirten uzmanlar; ancak bu duruma e\u015flik eden y\u00fcr\u00fcme dinamiklerindeki de\u011fi\u015fimler veya \u00e7abuk yorulma gibi belirtiler kar\u015f\u0131s\u0131nda dikkatli olunmas\u0131 gerekti\u011fini vurguluyor. Erken de\u011ferlendirme ve do\u011fru y\u00f6nlendirme s\u00fcre\u00e7leri, ilerleyen ya\u015flarda ortaya \u00e7\u0131kabilecek kal\u0131c\u0131 yap\u0131sal durumlar\u0131n \u00f6nlenmesinde merkezi bir rol \u00fcstleniyor.<\/p>\n\n\n\n<h3 class=\"wp-block-heading\">D\u00fczenli Takip ve Geli\u015fimsel Fakt\u00f6rler<\/h3>\n\n\n\n<p>Cumhuriyet\u2019e \u00f6nemli a\u00e7\u0131klamalarda bulunan Uzman Fizyoterapist Ahmet Burak Sezgin, bu t\u00fcr durumlar\u0131n b\u00fcy\u00fck bir k\u0131sm\u0131n\u0131n ge\u00e7ici nitelikte oldu\u011funu belirterek geli\u015fim s\u00fcrecine dair \u015fu bilgileri payla\u015f\u0131yor: \u201c\u00c7ocuk geli\u015fimini s\u00fcrd\u00fcrd\u00fck\u00e7e bu yap\u0131sal s\u00fcre\u00e7ler genellikle kendili\u011finden optimize olur. Bu evrede ayak kaslar\u0131n\u0131n g\u00fc\u00e7lenmesi, proprioseptif geli\u015fim dedi\u011fimiz denge ve fark\u0131ndal\u0131k mekanizmalar\u0131n\u0131n oturmas\u0131 ile y\u00fcr\u00fcy\u00fc\u015f\u00fcn olgunla\u015fmas\u0131 belirleyici fakt\u00f6rlerdir. Ancak baz\u0131 durumlarda bu tablo kal\u0131c\u0131l\u0131k g\u00f6sterebilir. \u00d6zellikle altta yatan yap\u0131sal fakt\u00f6rler veya ba\u011f dokusu esnekli\u011fi devam ediyorsa, durum yeti\u015fkinlik d\u00f6nemine de yans\u0131yabilir. Bu nedenle uzmanlar taraf\u0131ndan ger\u00e7ekle\u015ftirilecek d\u00fczenli g\u00f6zlemler b\u00fcy\u00fck \u00f6nem ta\u015f\u0131maktad\u0131r.\u201d<\/p>\n\n\n\n<h3 class=\"wp-block-heading\">Belirleyici Kriterler: A\u011fr\u0131 Her Zaman \u00d6l\u00e7\u00fct De\u011fildir<\/h3>\n\n\n\n<p>\u00c7ocuklarda g\u00f6zlemlenen ayak a\u011fr\u0131s\u0131, hareketlilikte zorlanma, s\u0131k d\u00fc\u015fme veya motor becerilerdeki k\u0131s\u0131tl\u0131l\u0131k gibi sinyallerin mutlaka profesyonel bir de\u011ferlendirmeden ge\u00e7mesi gerekti\u011fini aktaran Sezgin, dikkat edilmesi gereken di\u011fer hususlar\u0131 \u015f\u00f6yle s\u0131ral\u0131yor: \u201cTek tarafl\u0131 yap\u0131sal farkl\u0131l\u0131klar, ayaktaki sert (rijid) doku \u00f6zellikleri, belirgin form de\u011fi\u015fiklikleri veya ayak ark\u0131n\u0131n geli\u015fim g\u00f6stermemesi gibi durumlar mutlaka klinik bir de\u011ferlendirme gerektirir. \u00d6nemle belirtmek gerekir ki a\u011fr\u0131, her zaman belirleyici bir kriter de\u011fildir. \u00d6zellikle rijid yap\u0131lar veya biyomekanik uyumsuzluklar, ba\u015flang\u0131\u00e7 a\u015famas\u0131nda a\u011fr\u0131ya neden olmasa dahi zamanla v\u00fccudun farkl\u0131 b\u00f6lgelerinde y\u00fcklenme dengesizliklerine yol a\u00e7abilir. Bu ba\u011flamda, yaln\u0131zca \u2018a\u011fr\u0131 yoksa sorun yoktur\u2019 yakla\u015f\u0131m\u0131n\u0131 benimsemek yerine, fonksiyonel anlamda bir fizyoterapist de\u011ferlendirmesinden ge\u00e7mek kritik bir \u00f6neme sahiptir.\u201d<\/p>\n\n\n\n<h3 class=\"wp-block-heading\">Kinetik Zincir ve V\u00fccut Post\u00fcr\u00fc \u00dczerindeki Etkiler<\/h3>\n\n\n\n<p>Ayak yap\u0131s\u0131ndaki de\u011fi\u015fimlerin \u00e7ocu\u011fun genel duru\u015f yap\u0131s\u0131 ve y\u00fcr\u00fcy\u00fc\u015f esteti\u011fi \u00fczerinde zincirleme bir etkisi olabilece\u011fine i\u015faret eden Sezgin, konuyu \u015fu s\u00f6zlerle detayland\u0131r\u0131yor: \u201cE\u011fer mevcut durum biyomekanik olarak v\u00fccutta bir etkile\u015fim ba\u015flat\u0131rsa; alt ekstremite kinetik zinciri dedi\u011fimiz yap\u0131 \u00fczerinden ayaktan ba\u015flayan y\u00fck da\u011f\u0131l\u0131m\u0131 de\u011fi\u015fiklikleri, diz, kal\u00e7a ve bel b\u00f6lgesine kadar yans\u0131ma yapabilir. Bu durum, geli\u015fim tamamland\u0131\u011f\u0131nda farkl\u0131 fonksiyonel k\u0131s\u0131tl\u0131l\u0131klarla kar\u015f\u0131m\u0131za \u00e7\u0131kabilir.\u201d<\/p>\n\n\n\n<h3 class=\"wp-block-heading\">Destekleyici Ekipmanlar ve Egzersiz Protokolleri<\/h3>\n\n\n\n<p>Destekleyici tabanl\u0131k kullan\u0131m\u0131 konusunda se\u00e7ici davran\u0131lmas\u0131 gerekti\u011fini hat\u0131rlatan Sezgin, \u201cGereksiz ekipman kullan\u0131m\u0131, ayak kaslar\u0131n\u0131n aktif \u00e7al\u0131\u015fma kapasitesini s\u0131n\u0131rlayabilir. Ancak fonksiyonel ihtiyac\u0131 olan veya belirgin biyomekanik destek gereksinimi bulunan vakalarda tabanl\u0131k etkili bir yard\u0131mc\u0131 unsur olabilir. Bu y\u00f6ndeki kararlar mutlaka ki\u015fiye \u00f6zel analizler neticesinde verilmelidir\u201d ifadelerini kullan\u0131yor.<\/p>\n\n\n\n<p>Evde uygulanabilecek y\u00f6ntemlere de de\u011finen uzman, ayak kaslar\u0131n\u0131 aktive eden \u00e7al\u0131\u015fmalar\u0131n (parmaklarla materyal toplama, parmak ucunda ilerleme ve tek ayak \u00fczerinde denge egzersizleri gibi) ayak ark\u0131 geli\u015fimine katk\u0131 sa\u011flad\u0131\u011f\u0131n\u0131 belirtiyor. Ayr\u0131ca \u00e7ocu\u011fun do\u011fal zeminlerde \u00e7\u0131plak ayakla temas etmesinin duyusal geli\u015fim a\u00e7\u0131s\u0131ndan faydal\u0131 oldu\u011fu, ancak t\u00fcm egzersizlerin ki\u015fiye \u00f6zel olarak bir fizyoterapist taraf\u0131ndan kurgulanmas\u0131 gerekti\u011fi vurgulan\u0131yor.<\/p>\n\n\n\n<h3 class=\"wp-block-heading\">Ayakkab\u0131 Se\u00e7iminde Stratejik Yakla\u015f\u0131m<\/h3>\n\n\n\n<p>S\u00fcrecin en \u00f6nemli d\u0131\u015f etkenlerinden biri olan ayakkab\u0131 se\u00e7iminde ise; esnek taban yap\u0131s\u0131, aya\u011f\u0131n do\u011fal fizyolojisine izin veren form ve topuk k\u0131sm\u0131ndaki stabilite kritik kriterler olarak \u00f6ne \u00e7\u0131k\u0131yor. Aya\u011f\u0131n do\u011fal hareketini k\u0131s\u0131tlayan a\u015f\u0131r\u0131 sert veya kal\u0131pla\u015fm\u0131\u015f yap\u0131lar\u0131n geli\u015fim s\u00fcrecini olumsuz etkileyebilece\u011fi, \u00e7ocuklar\u0131n serbest\u00e7e hareket edebilece\u011fi modellerin tercih edilmesi gerekti\u011fi \u00f6nemle hat\u0131rlat\u0131l\u0131yor.<\/p>\n\n\n\n<p>KARDE\u015e HABER<\/p>\n\n\n\n<figure class=\"wp-block-embed is-type-wp-embed is-provider-h-r-bak-gazetesi wp-block-embed-h-r-bak-gazetesi\"><div class=\"wp-block-embed__wrapper\">\n<blockquote class=\"wp-embedded-content\" data-secret=\"QMVrQMevkE\"><a href=\"https:\/\/hurbakisgazetesi.com\/2026\/04\/26\/cocuklarda-ayak-sagligi-ve-erken-tani-fonksiyonel-gelisimin-stratejik-onemi\/\">\u00c7ocuklarda Ayak Sa\u011fl\u0131\u011f\u0131 ve Erken Tan\u0131: Fonksiyonel Geli\u015fimin Stratejik \u00d6nemi<\/a><\/blockquote><iframe loading=\"lazy\" class=\"wp-embedded-content\" sandbox=\"allow-scripts\" security=\"restricted\" style=\"position: absolute; visibility: hidden;\" title=\"&#8220;\u00c7ocuklarda Ayak Sa\u011fl\u0131\u011f\u0131 ve Erken Tan\u0131: Fonksiyonel Geli\u015fimin Stratejik \u00d6nemi&#8221; &#8212; H\u00fcr Bak\u0131\u015f Gazetesi\" src=\"https:\/\/hurbakisgazetesi.com\/2026\/04\/26\/cocuklarda-ayak-sagligi-ve-erken-tani-fonksiyonel-gelisimin-stratejik-onemi\/embed\/#?secret=ogoVS7fQtO#?secret=QMVrQMevkE\" data-secret=\"QMVrQMevkE\" width=\"600\" height=\"338\" frameborder=\"0\" marginwidth=\"0\" marginheight=\"0\" scrolling=\"no\"><\/iframe>\n<\/div><\/figure>\n\n\n\n<p><\/p>\n","protected":false},"excerpt":{"rendered":"<p>Ortopedik geli\u015fim s\u00fcre\u00e7lerinde erken d\u00f6nem analizlerin, ilerleyen ya\u015flardaki hareket kabiliyeti ve kinetik zincir b\u00fct\u00fcnl\u00fc\u011f\u00fc \u00fczerinde belirleyici oldu\u011fu vurgulan\u0131yor. Uzmanlar, \u00e7ocukluk \u00e7a\u011f\u0131 ayak yap\u0131s\u0131 de\u011fi\u015fimlerinde d\u00fczenli takibin, ya\u015fam kalitesini korumada kritik rol oynad\u0131\u011f\u0131n\u0131 ifade ediyor. Fizyolojik S\u00fcre\u00e7ler ve Uzman G\u00f6zleminin Gereklili\u011fi \u00c7ocukluk \u00e7a\u011f\u0131nda s\u0131k\u00e7a kar\u015f\u0131la\u015f\u0131lan ortopedik durumlardan biri olan ayak taban\u0131 yap\u0131s\u0131ndaki de\u011fi\u015fimler, aileler i\u00e7in birer [&hellip;]<\/p>\n","protected":false},"author":5,"featured_media":4901,"comment_status":"open","ping_status":"open","sticky":false,"template":"","format":"standard","meta":{"_jetpack_memberships_contains_paid_content":false,"footnotes":""},"categories":[39],"tags":[],"class_list":["post-4900","post","type-post","status-publish","format-standard","has-post-thumbnail","hentry","category-saglik-haberleri"],"jetpack_featured_media_url":"https:\/\/odakhaber.site\/wp-content\/uploads\/2026\/04\/fa6462b7-53d4-4ea3-b68b-d551afcd1fd0.webp","jetpack_sharing_enabled":true,"_links":{"self":[{"href":"https:\/\/odakhaber.site\/index.php?rest_route=\/wp\/v2\/posts\/4900","targetHints":{"allow":["GET"]}}],"collection":[{"href":"https:\/\/odakhaber.site\/index.php?rest_route=\/wp\/v2\/posts"}],"about":[{"href":"https:\/\/odakhaber.site\/index.php?rest_route=\/wp\/v2\/types\/post"}],"author":[{"embeddable":true,"href":"https:\/\/odakhaber.site\/index.php?rest_route=\/wp\/v2\/users\/5"}],"replies":[{"embeddable":true,"href":"https:\/\/odakhaber.site\/index.php?rest_route=%2Fwp%2Fv2%2Fcomments&post=4900"}],"version-history":[{"count":1,"href":"https:\/\/odakhaber.site\/index.php?rest_route=\/wp\/v2\/posts\/4900\/revisions"}],"predecessor-version":[{"id":4902,"href":"https:\/\/odakhaber.site\/index.php?rest_route=\/wp\/v2\/posts\/4900\/revisions\/4902"}],"wp:featuredmedia":[{"embeddable":true,"href":"https:\/\/odakhaber.site\/index.php?rest_route=\/wp\/v2\/media\/4901"}],"wp:attachment":[{"href":"https:\/\/odakhaber.site\/index.php?rest_route=%2Fwp%2Fv2%2Fmedia&parent=4900"}],"wp:term":[{"taxonomy":"category","embeddable":true,"href":"https:\/\/odakhaber.site\/index.php?rest_route=%2Fwp%2Fv2%2Fcategories&post=4900"},{"taxonomy":"post_tag","embeddable":true,"href":"https:\/\/odakhaber.site\/index.php?rest_route=%2Fwp%2Fv2%2Ftags&post=4900"}],"curies":[{"name":"wp","href":"https:\/\/api.w.org\/{rel}","templated":true}]}}