{"id":4904,"date":"2026-04-26T19:24:19","date_gmt":"2026-04-26T19:24:19","guid":{"rendered":"https:\/\/odakhaber.site\/?p=4904"},"modified":"2026-04-26T19:24:19","modified_gmt":"2026-04-26T19:24:19","slug":"calido-maris-hotel-2026-sezonuna-iddiali-bir-baslangic-yapti-strateji-verimlilik-ve-memnuniyet","status":"publish","type":"post","link":"https:\/\/odakhaber.site\/?p=4904","title":{"rendered":"Calido Maris Hotel 2026 Sezonuna \u0130ddial\u0131 Bir Ba\u015flang\u0131\u00e7 Yapt\u0131: Strateji, Verimlilik ve Memnuniyet!"},"content":{"rendered":"\n<p>T\u00fcrk turizminin dinamik temsilcilerinden Calido Hotels grubunun parlayan y\u0131ld\u0131z\u0131 <strong>Calido Maris Hotel<\/strong>, k\u0131\u015f boyunca s\u00fcrd\u00fcrd\u00fc\u011f\u00fc titiz haz\u0131rl\u0131k evresini tamamlayarak 2026 turizm sezonu i\u00e7in kap\u0131lar\u0131n\u0131 ard\u0131na kadar a\u00e7t\u0131. Bahar\u0131n ilk s\u0131caklar\u0131yla birlikte misafirlerini a\u011f\u0131rlamaya ba\u015flayan tesis, yeni sezonda sekt\u00f6rdeki \u00e7\u0131tay\u0131 y\u00fckseltmeyi hedefliyor.<\/p>\n\n\n\n<hr class=\"wp-block-separator has-alpha-channel-opacity\"\/>\n\n\n\n<h3 class=\"wp-block-heading\"><strong>&#8220;Erken Rezervasyon \u0130vmesini Verimlili\u011fe D\u00f6n\u00fc\u015ft\u00fcrece\u011fiz&#8221;<\/strong><\/h3>\n\n\n\n<p>A\u00e7\u0131l\u0131\u015f\u0131n heyecan\u0131n\u0131 payla\u015fan <strong>Calido Maris Hotel Genel M\u00fcd\u00fcr\u00fc R. Hakan Toks\u00f6z<\/strong>, bu y\u0131lki hedeflerini net bir dille ortaya koydu. Erken rezervasyon d\u00f6nemindeki g\u00fc\u00e7l\u00fc rakamlar\u0131n alt\u0131n\u0131 \u00e7izen Toks\u00f6z, sezonun stratejik yol haritas\u0131n\u0131 \u015fu s\u00f6zlerle \u00f6zetledi:<\/p>\n\n\n\n<blockquote class=\"wp-block-quote is-layout-flow wp-block-quote-is-layout-flow\">\n<p>&#8220;Sezona g\u00fcne\u015fli ve umut dolu bir g\u00fcnde merhaba demenin mutlulu\u011funu ya\u015f\u0131yoruz. T\u00fcm ekibimizle birlikte eksiksiz bir haz\u0131rl\u0131k d\u00f6nemi ge\u00e7irdik. \u015eu ana kadar erken rezervasyon verilerinde ald\u0131\u011f\u0131m\u0131z sat\u0131\u015f ivmesi olduk\u00e7a sevindirici. Temel stratejimiz, bu ivmeyi verimli bir \u015fekilde y\u00f6neterek misafir memnuniyetiyle ta\u00e7land\u0131rmak ve y\u00fcksek doluluk oranlar\u0131yla sezonu tamamlamakt\u0131r.&#8221;<\/p>\n<\/blockquote>\n\n\n\n<hr class=\"wp-block-separator has-alpha-channel-opacity\"\/>\n\n\n\n<h3 class=\"wp-block-heading\"><strong>Y\u00f6netim Kadrosundan &#8220;Y\u00fcksek Standart&#8221; Mesaj\u0131<\/strong><\/h3>\n\n\n\n<p>A\u00e7\u0131l\u0131\u015f g\u00fcn\u00fcnde tam kadro haz\u0131r bulunan y\u00f6netim ekibi, bu sezonun ana temas\u0131n\u0131n <strong>hizmet kalitesini yukar\u0131 ta\u015f\u0131mak<\/strong> oldu\u011funu vurgulad\u0131. \u00d6zellikle aile dostu konseptler ve geli\u015ftirilen e\u011flence olanaklar\u0131yla fark yaratacaklar\u0131n\u0131 belirten ekip, operasyonel s\u00fcre\u00e7lerin her a\u015famas\u0131nda misafir mutlulu\u011funa odaklanacaklar\u0131n\u0131 bildirdi.<\/p>\n\n\n\n<hr class=\"wp-block-separator has-alpha-channel-opacity\"\/>\n\n\n\n<h3 class=\"wp-block-heading\"><strong>Calido Maris Hotel\u2019de Bu Sezon Neler Bekleniyor?<\/strong><\/h3>\n\n\n\n<p>Calido Hotels grubunun yenilik\u00e7i vizyonunu yans\u0131tan otel, bu y\u0131l hem yerli hem de yabanc\u0131 turistlerin radar\u0131na girmeyi ba\u015fard\u0131. Modernize edilen konaklama birimleri, zengin gastronomi \u00e7e\u015fitlili\u011fi ve her ya\u015fa hitap eden geni\u015f aktivite alanlar\u0131yla Calido Maris Hotel, b\u00f6lgenin en dikkat \u00e7ekici tesisi olma iddias\u0131n\u0131 s\u00fcrd\u00fcr\u00fcyor.<\/p>\n\n\n\n<hr class=\"wp-block-separator has-alpha-channel-opacity\"\/>\n\n\n\n<p><strong>Profesyonel De\u011ferlendirme:<\/strong> Calido Maris Hotel\u2019in 2026 stratejisi, sadece &#8220;yatak satmak&#8221; \u00fczerine de\u011fil, erken rezervasyonla gelen talebi <strong>operasyonel verimlilikle<\/strong> birle\u015ftirme \u00fczerine kurulu. Sekt\u00f6rdeki rekabetin artt\u0131\u011f\u0131 bu d\u00f6nemde, y\u00f6netimin &#8220;y\u00fcksek doluluk ve verimlilik&#8221; odakl\u0131 yakla\u015f\u0131m\u0131, s\u00fcrd\u00fcr\u00fclebilir ba\u015far\u0131 i\u00e7in kritik bir hamle olarak \u00f6ne \u00e7\u0131k\u0131yor.<\/p>\n\n\n\n<p><a href=\"https:\/\/www.turizmdays.com\/news\/calido-maris-hotel-sezona-merhaba-dedi-32214\">https:\/\/www.turizmdays.com\/news\/calido-maris-hotel-sezona-merhaba-dedi-32214<\/a><\/p>\n","protected":false},"excerpt":{"rendered":"<p>T\u00fcrk turizminin dinamik temsilcilerinden Calido Hotels grubunun parlayan y\u0131ld\u0131z\u0131 Calido Maris Hotel, k\u0131\u015f boyunca s\u00fcrd\u00fcrd\u00fc\u011f\u00fc titiz haz\u0131rl\u0131k evresini tamamlayarak 2026 turizm sezonu i\u00e7in kap\u0131lar\u0131n\u0131 ard\u0131na kadar a\u00e7t\u0131. Bahar\u0131n ilk s\u0131caklar\u0131yla birlikte misafirlerini a\u011f\u0131rlamaya ba\u015flayan tesis, yeni sezonda sekt\u00f6rdeki \u00e7\u0131tay\u0131 y\u00fckseltmeyi hedefliyor. &#8220;Erken Rezervasyon \u0130vmesini Verimlili\u011fe D\u00f6n\u00fc\u015ft\u00fcrece\u011fiz&#8221; A\u00e7\u0131l\u0131\u015f\u0131n heyecan\u0131n\u0131 payla\u015fan Calido Maris Hotel Genel M\u00fcd\u00fcr\u00fc R. [&hellip;]<\/p>\n","protected":false},"author":3,"featured_media":4905,"comment_status":"open","ping_status":"open","sticky":false,"template":"","format":"standard","meta":{"_jetpack_memberships_contains_paid_content":false,"footnotes":""},"categories":[34],"tags":[],"class_list":["post-4904","post","type-post","status-publish","format-standard","has-post-thumbnail","hentry","category-turizm-ve-seyehat-haberleri"],"jetpack_featured_media_url":"https:\/\/odakhaber.site\/wp-content\/uploads\/2026\/04\/32214_calido-maris-hotel-sezona-merhaba-dedi_0.jpg","jetpack_sharing_enabled":true,"_links":{"self":[{"href":"https:\/\/odakhaber.site\/index.php?rest_route=\/wp\/v2\/posts\/4904","targetHints":{"allow":["GET"]}}],"collection":[{"href":"https:\/\/odakhaber.site\/index.php?rest_route=\/wp\/v2\/posts"}],"about":[{"href":"https:\/\/odakhaber.site\/index.php?rest_route=\/wp\/v2\/types\/post"}],"author":[{"embeddable":true,"href":"https:\/\/odakhaber.site\/index.php?rest_route=\/wp\/v2\/users\/3"}],"replies":[{"embeddable":true,"href":"https:\/\/odakhaber.site\/index.php?rest_route=%2Fwp%2Fv2%2Fcomments&post=4904"}],"version-history":[{"count":1,"href":"https:\/\/odakhaber.site\/index.php?rest_route=\/wp\/v2\/posts\/4904\/revisions"}],"predecessor-version":[{"id":4906,"href":"https:\/\/odakhaber.site\/index.php?rest_route=\/wp\/v2\/posts\/4904\/revisions\/4906"}],"wp:featuredmedia":[{"embeddable":true,"href":"https:\/\/odakhaber.site\/index.php?rest_route=\/wp\/v2\/media\/4905"}],"wp:attachment":[{"href":"https:\/\/odakhaber.site\/index.php?rest_route=%2Fwp%2Fv2%2Fmedia&parent=4904"}],"wp:term":[{"taxonomy":"category","embeddable":true,"href":"https:\/\/odakhaber.site\/index.php?rest_route=%2Fwp%2Fv2%2Fcategories&post=4904"},{"taxonomy":"post_tag","embeddable":true,"href":"https:\/\/odakhaber.site\/index.php?rest_route=%2Fwp%2Fv2%2Ftags&post=4904"}],"curies":[{"name":"wp","href":"https:\/\/api.w.org\/{rel}","templated":true}]}}