{"id":4907,"date":"2026-04-26T19:26:36","date_gmt":"2026-04-26T19:26:36","guid":{"rendered":"https:\/\/odakhaber.site\/?p=4907"},"modified":"2026-04-26T19:26:36","modified_gmt":"2026-04-26T19:26:36","slug":"hulya-avsar-cupin-25-yil-gururu-megasaray-kortlarinda-tenis-ve-sosyal-sorumluluk-ruzgari","status":"publish","type":"post","link":"https:\/\/odakhaber.site\/?p=4907","title":{"rendered":"H\u00fclya Av\u015far Cup\u2019\u0131n 25. Y\u0131l Gururu: Megasaray Kortlar\u0131nda Tenis ve Sosyal Sorumluluk R\u00fczgar\u0131"},"content":{"rendered":"\n<p>Antalya\u2019y\u0131 d\u00fcnya tenis haritas\u0131nda bir marka haline getirme vizyonuyla hareket eden <strong>Megasaray Tenis Akademi (MTA)<\/strong>, prestijli bir organizasyona daha ba\u015far\u0131yla ev sahipli\u011fi yapt\u0131. Bu y\u0131l 25. y\u0131l\u0131n\u0131 kutlayan <strong>H\u00fclya Av\u015far Cup<\/strong>, Antalya Megasaray Club Belek\u2019in profesyonel kortlar\u0131nda sporcular\u0131 ve tenis tutkunlar\u0131n\u0131 bir araya getirdi.<\/p>\n\n\n\n<hr class=\"wp-block-separator has-alpha-channel-opacity\"\/>\n\n\n\n<h3 class=\"wp-block-heading\"><strong>Gen\u00e7 Yeteneklere Burs ve T\u00fcrk Tenisine Yat\u0131r\u0131m<\/strong><\/h3>\n\n\n\n<p>Turnuvan\u0131n \u00f6d\u00fcl t\u00f6reninde konu\u015fan <strong>\u015eahinler Holding Y\u00f6netim Kurulu Ba\u015fkan\u0131 Kemal \u015eahin<\/strong>, organizasyonun sosyal boyutuna dikkat \u00e7ekerek \u015funlar\u0131 s\u00f6yledi:<\/p>\n\n\n\n<blockquote class=\"wp-block-quote is-layout-flow wp-block-quote-is-layout-flow\">\n<p>&#8220;H\u00fclya Av\u015far Cup turnuvas\u0131na 5. kez i\u015f birli\u011fi yap\u0131yoruz. Megasaray Tenis Akademi olarak vizyonumuz, T\u00fcrk tenisinin geli\u015fmesi, yayg\u0131nla\u015fmas\u0131, yetenekli oyuncular ke\u015ffetmek ve yeti\u015ftirmek. Benim 33 ya\u015f\u0131nda kurdu\u011fum \u015eahinler Vakf\u0131m\u0131zla dar gelirli ve ba\u015far\u0131l\u0131 y\u00fczbinlerce \u00f6\u011frenciye burs verdik ve vermeye devam ediyoruz. H\u00fclya Han\u0131mla bu anlamda ortak bir noktam\u0131z var. O da turnuva gelirleriyle maddi imkanlar\u0131 s\u0131n\u0131rl\u0131 gen\u00e7lere e\u011fitim ve spor bursu sa\u011fl\u0131yor. Bu turnuvada yine i\u015f birli\u011fi yapmaktan \u00e7ok mutluyuz.&#8221;<\/p>\n<\/blockquote>\n\n\n\n<p>\u015eahin ayr\u0131ca, MTA\u2019n\u0131n Avrupa\u2019n\u0131n en b\u00fcy\u00fck akademilerinden biri oldu\u011funu belirterek; Ada Kumru, Adelina Lachinova, Toprak El\u00e7in ve Kerem Gen\u00e7 gibi milli sporcular\u0131n ba\u015far\u0131lar\u0131yla gurur duyduklar\u0131n\u0131 ifade etti.<\/p>\n\n\n\n<hr class=\"wp-block-separator has-alpha-channel-opacity\"\/>\n\n\n\n<h3 class=\"wp-block-heading\"><strong>H\u00fclya Av\u015far: &#8220;Bu Sadece Bir Spor Etkinli\u011fi De\u011fil&#8221;<\/strong><\/h3>\n\n\n\n<p>Turnuvaya ismini veren sanat\u00e7\u0131 <strong>H\u00fclya Av\u015far<\/strong>, 2001 y\u0131l\u0131ndan bu yana devam eden bu yolculu\u011fun toplumsal faydas\u0131na vurgu yapt\u0131:<\/p>\n\n\n\n<blockquote class=\"wp-block-quote is-layout-flow wp-block-quote-is-layout-flow\">\n<p>&#8220;H\u00fclya Av\u015far Cup\u2019\u0131n 25. y\u0131l\u0131nda Antalya\u2019da, Megasaray Tenis Akademi\u2019de tenis severlerle bir araya geldik. Bu g\u00fczel ev sahipli\u011fi i\u00e7in Kemal Bey\u2019e ve Megasaray ailesine de \u00e7ok te\u015fekk\u00fcr ediyorum. 2001 y\u0131l\u0131ndan bu yana d\u00fczenledi\u011fimiz H\u00fclya Av\u015far Cup yaln\u0131zca bir spor etkinli\u011fi olman\u0131n \u00f6tesinde, gen\u00e7 yeteneklere destek olan g\u00fc\u00e7l\u00fc bir sosyal sorumluluk platformu. Sizlerin de katk\u0131lar\u0131yla bug\u00fcne kadar \u00e7ok say\u0131da ba\u015far\u0131l\u0131 ancak maddi imk\u00e2nlar\u0131 s\u0131n\u0131rl\u0131 \u00f6\u011frenciye e\u011fitim deste\u011fi ve spor bursu sa\u011flad\u0131k. Bunu sadece ben de\u011fil hep birlikte yapt\u0131k.&#8221;<\/p>\n<\/blockquote>\n\n\n\n<hr class=\"wp-block-separator has-alpha-channel-opacity\"\/>\n\n\n\n<h3 class=\"wp-block-heading\"><strong>Megasaray\u2019dan Turizm ve Spor Entegrasyonu<\/strong><\/h3>\n\n\n\n<p>Antalya ve Erciyes\u2019te toplam <strong>72 korta<\/strong> ula\u015ft\u0131klar\u0131n\u0131 belirten Kemal \u015eahin, turizm yat\u0131r\u0131mlar\u0131n\u0131n da h\u0131z kesmedi\u011fini m\u00fcjdeledi. Kapadokya\u2019da a\u00e7\u0131lacak olan <strong>&#8220;DAS1350&#8221;<\/strong> oteli ile grubun 6. tesisinin hizmete girece\u011fini belirten \u015eahin, personelin 12 ay boyunca kesintisiz istihdam edilmesiyle hizmet kalitesini koruduklar\u0131n\u0131 ifade etti.<\/p>\n\n\n\n<p>27 farkl\u0131 kategoride <strong>300&#8217;\u00fcn \u00fczerinde<\/strong> tenis\u00e7inin m\u00fccadele etti\u011fi turnuva, Kemal \u015eahin ve milli sporcu Samiye \u0130dil \u00d6zkeresteci\u2019nin, H\u00fclya Av\u015far ve Korhan Ak\u0131n ile yapt\u0131\u011f\u0131 keyifli g\u00f6steri ma\u00e7\u0131yla haf\u0131zalara kaz\u0131nd\u0131.<\/p>\n\n\n\n<hr class=\"wp-block-separator has-alpha-channel-opacity\"\/>\n\n\n\n<p>H\u00fclya Av\u015far Cup, \u00e7eyrek as\u0131rl\u0131k ge\u00e7mi\u015fiyle T\u00fcrkiye&#8217;nin en istikrarl\u0131 spor organizasyonlar\u0131ndan biri oldu\u011funu kan\u0131tlad\u0131. Megasaray\u2019\u0131n profesyonel altyap\u0131s\u0131yla birle\u015fen bu etkinlik, sporun sadece rekabetten ibaret olmad\u0131\u011f\u0131n\u0131, e\u011fitim ve f\u0131rsat e\u015fitli\u011fi i\u00e7in nas\u0131l g\u00fc\u00e7l\u00fc bir araca d\u00f6n\u00fc\u015febilece\u011fini g\u00f6steren en iyi \u00f6rneklerden biri olarak \u00f6ne \u00e7\u0131k\u0131yor.<\/p>\n\n\n\n<p><a href=\"https:\/\/www.turizmdays.com\/news\/hulya-avsar-cup-25-yilinda-megasaray-tenis-akademi-ev-sahipliginde-gerceklesti-32213\">https:\/\/www.turizmdays.com\/news\/hulya-avsar-cup-25-yilinda-megasaray-tenis-akademi-ev-sahipliginde-gerceklesti-32213<\/a><\/p>\n","protected":false},"excerpt":{"rendered":"<p>Antalya\u2019y\u0131 d\u00fcnya tenis haritas\u0131nda bir marka haline getirme vizyonuyla hareket eden Megasaray Tenis Akademi (MTA), prestijli bir organizasyona daha ba\u015far\u0131yla ev sahipli\u011fi yapt\u0131. Bu y\u0131l 25. y\u0131l\u0131n\u0131 kutlayan H\u00fclya Av\u015far Cup, Antalya Megasaray Club Belek\u2019in profesyonel kortlar\u0131nda sporcular\u0131 ve tenis tutkunlar\u0131n\u0131 bir araya getirdi. Gen\u00e7 Yeteneklere Burs ve T\u00fcrk Tenisine Yat\u0131r\u0131m Turnuvan\u0131n \u00f6d\u00fcl t\u00f6reninde konu\u015fan [&hellip;]<\/p>\n","protected":false},"author":3,"featured_media":4908,"comment_status":"open","ping_status":"open","sticky":false,"template":"","format":"standard","meta":{"_jetpack_memberships_contains_paid_content":false,"footnotes":""},"categories":[34],"tags":[],"class_list":["post-4907","post","type-post","status-publish","format-standard","has-post-thumbnail","hentry","category-turizm-ve-seyehat-haberleri"],"jetpack_featured_media_url":"https:\/\/odakhaber.site\/wp-content\/uploads\/2026\/04\/32213_hulya-avsar-cup-25-yilinda-megasaray-tenis-akademi-ev-sahipliginde-gerceklesti_0.jpg","jetpack_sharing_enabled":true,"_links":{"self":[{"href":"https:\/\/odakhaber.site\/index.php?rest_route=\/wp\/v2\/posts\/4907","targetHints":{"allow":["GET"]}}],"collection":[{"href":"https:\/\/odakhaber.site\/index.php?rest_route=\/wp\/v2\/posts"}],"about":[{"href":"https:\/\/odakhaber.site\/index.php?rest_route=\/wp\/v2\/types\/post"}],"author":[{"embeddable":true,"href":"https:\/\/odakhaber.site\/index.php?rest_route=\/wp\/v2\/users\/3"}],"replies":[{"embeddable":true,"href":"https:\/\/odakhaber.site\/index.php?rest_route=%2Fwp%2Fv2%2Fcomments&post=4907"}],"version-history":[{"count":1,"href":"https:\/\/odakhaber.site\/index.php?rest_route=\/wp\/v2\/posts\/4907\/revisions"}],"predecessor-version":[{"id":4909,"href":"https:\/\/odakhaber.site\/index.php?rest_route=\/wp\/v2\/posts\/4907\/revisions\/4909"}],"wp:featuredmedia":[{"embeddable":true,"href":"https:\/\/odakhaber.site\/index.php?rest_route=\/wp\/v2\/media\/4908"}],"wp:attachment":[{"href":"https:\/\/odakhaber.site\/index.php?rest_route=%2Fwp%2Fv2%2Fmedia&parent=4907"}],"wp:term":[{"taxonomy":"category","embeddable":true,"href":"https:\/\/odakhaber.site\/index.php?rest_route=%2Fwp%2Fv2%2Fcategories&post=4907"},{"taxonomy":"post_tag","embeddable":true,"href":"https:\/\/odakhaber.site\/index.php?rest_route=%2Fwp%2Fv2%2Ftags&post=4907"}],"curies":[{"name":"wp","href":"https:\/\/api.w.org\/{rel}","templated":true}]}}