{"id":4910,"date":"2026-04-26T19:29:45","date_gmt":"2026-04-26T19:29:45","guid":{"rendered":"https:\/\/odakhaber.site\/?p=4910"},"modified":"2026-04-26T19:29:45","modified_gmt":"2026-04-26T19:29:45","slug":"bir-asrin-mizah-mirasi-cumhuriyetin-karikaturculeri-sergisi-kadikoyde-kapilarini-acti","status":"publish","type":"post","link":"https:\/\/odakhaber.site\/?p=4910","title":{"rendered":"Bir Asr\u0131n Mizah Miras\u0131: &#8220;Cumhuriyet\u2019in Karikat\u00fcrc\u00fcleri&#8221; Sergisi Kad\u0131k\u00f6y\u2019de Kap\u0131lar\u0131n\u0131 A\u00e7t\u0131"},"content":{"rendered":"\n<p>Cumhuriyet gazetesi ve Kad\u0131k\u00f6y Belediyesi\u2019nin anlaml\u0131 i\u015fbirli\u011fiyle hayata ge\u00e7irilen, T\u00fcrkiye&#8217;nin son 102 y\u0131l\u0131na \u00e7izgilerle tan\u0131kl\u0131k eden <strong>\u201cCumhuriyet\u2019in Karikat\u00fcrc\u00fcleri\u201d<\/strong> sergisi, Alan Kad\u0131k\u00f6y\u2019de sanatseverlerle bulu\u015ftu. Gazetenin zengin ar\u015fivini ve T\u00fcrkiye\u2019nin siyasi tarihini mizah penceresinden sunan sergi, 71 ustan\u0131n eserini bir araya getiriyor.<\/p>\n\n\n\n<hr class=\"wp-block-separator has-alpha-channel-opacity\"\/>\n\n\n\n<h3 class=\"wp-block-heading\"><strong>A\u00e7\u0131l\u0131\u015fta Sanat ve Siyaset D\u00fcnyas\u0131 Bulu\u015ftu<\/strong><\/h3>\n\n\n\n<p>I\u015f\u0131k Kansu ve G\u00fcven Baykan\u2019\u0131n haz\u0131rlad\u0131\u011f\u0131, G\u00fclsev Toks\u00f6z, Eda Kasa ve Ersin Ayd\u0131n\u2019\u0131n emekleriyle \u015fekillenen serginin a\u00e7\u0131l\u0131\u015f\u0131, bas\u0131n ve sanat d\u00fcnyas\u0131n\u0131n \u00f6nemli isimlerini a\u011f\u0131rlad\u0131. Cumhuriyet Vakf\u0131 Genel Sekreteri I\u015f\u0131k Kansu, Genel Yay\u0131n Y\u00f6netmeni Mine Esen ve pek \u00e7ok de\u011ferli yazar\u0131n yan\u0131 s\u0131ra; Kad\u0131k\u00f6y Belediyesi yetkilileri ile Tan Oral, Kamil Masarac\u0131, Zafer Temo\u00e7in gibi usta \u00e7izerler de t\u00f6rende haz\u0131r bulundu. Etkinlik, Kad\u0131k\u00f6y Belediyesi Gen\u00e7lik Sanat Merkezi \u00f6\u011fretmenlerinin sundu\u011fu m\u00fczik dinletisiyle renkli bir atmosfere d\u00f6n\u00fc\u015ft\u00fc.<\/p>\n\n\n\n<hr class=\"wp-block-separator has-alpha-channel-opacity\"\/>\n\n\n\n<h3 class=\"wp-block-heading\"><strong>&#8220;Cumhuriyet Gazetesi Karikat\u00fcrc\u00fclere Olanak K\u0131ld\u0131&#8221;<\/strong><\/h3>\n\n\n\n<p>A\u00e7\u0131l\u0131\u015f konu\u015fmas\u0131nda karikat\u00fcr\u00fcn gazete tarihindeki \u00f6nemine de\u011finen <strong>I\u015f\u0131k Kansu<\/strong>, \u015fu ifadeleri kulland\u0131:<\/p>\n\n\n\n<blockquote class=\"wp-block-quote is-layout-flow wp-block-quote-is-layout-flow\">\n<p>\u201cBizim temel genel yay\u0131n ilkelerimiz demokrasiyi, Cumhuriyeti ve Cumhuriyetinin b\u00fct\u00fcn temel ilkelerini savunmak. Onun yan\u0131nda sadece gazetecilik yapt\u0131\u011f\u0131m\u0131z i\u015f olarak kalmam\u0131\u015f 100 y\u0131l boyunca. Ayn\u0131 zamanda k\u00fclt\u00fcr, sanat ve edebiyata b\u00fcy\u00fck katk\u0131larda bulunmu\u015f bir gazeteyiz. Bunlar\u0131n i\u00e7inde en \u00f6nemli unsurlardan biri de bizim hepimizin bildi\u011fi gibi karikat\u00fcr sanat\u0131. \u0130\u00e7imizden \u00e7ok b\u00fcy\u00fck karikat\u00fcrc\u00fcler yeti\u015fmi\u015f, Cumhuriyet gazetesi onlara olanaklar k\u0131lm\u0131\u015f. Onlar da Cumhuriyet\u2019e \u00e7ok \u015feyler katm\u0131\u015flar.\u201d<\/p>\n<\/blockquote>\n\n\n\n<hr class=\"wp-block-separator has-alpha-channel-opacity\"\/>\n\n\n\n<h3 class=\"wp-block-heading\"><strong>T\u00fcrkiye Tarihinin \u00c7izgilerle Panoramas\u0131<\/strong><\/h3>\n\n\n\n<p>Sergi, sadece bir sanat etkinli\u011fi de\u011fil, ayn\u0131 zamanda T\u00fcrkiye Cumhuriyeti\u2019nin haf\u0131za tazeleme s\u00fcreci olarak nitelendiriliyor. \u0130lk y\u0131llar\u0131n heyecan\u0131ndan \u0130kinci D\u00fcnya Sava\u015f\u0131\u2019n\u0131n karanl\u0131k g\u00fcnlerine, askeri darbelerden Ergenekon-Balyoz s\u00fcre\u00e7lerine kadar her d\u00f6nem, sergideki eserlerle yeniden hayat buluyor.<\/p>\n\n\n\n<p><strong>Sergide \u00d6ne \u00c7\u0131kan Detaylar:<\/strong><\/p>\n\n\n\n<ul class=\"wp-block-list\">\n<li><strong>Kat\u0131l\u0131mc\u0131 Say\u0131s\u0131:<\/strong> 71 farkl\u0131 \u00e7izerin 71 \u00f6zg\u00fcn eseri.<\/li>\n\n\n\n<li><strong>Kapsam:<\/strong> Cumhuriyet\u2019in ilk y\u0131llar\u0131ndan g\u00fcn\u00fcm\u00fcze uzanan siyasi ve sosyal olaylar.<\/li>\n\n\n\n<li><strong>\u0130konik \u0130simler:<\/strong> Ali Ulvi\u2019den Turhan Sel\u00e7uk\u2019a, Apt\u00fclika\u2019dan Kamil Masarac\u0131\u2019ya uzanan geni\u015f bir sanat\u00e7\u0131 yelpazesi.<\/li>\n<\/ul>\n\n\n\n<hr class=\"wp-block-separator has-alpha-channel-opacity\"\/>\n\n\n\n<h3 class=\"wp-block-heading\"><strong>Karikat\u00fcr\u00fcn Ba\u015fkenti Kad\u0131k\u00f6y<\/strong><\/h3>\n\n\n\n<p>Kad\u0131k\u00f6y Belediyesi Genel Sanat Y\u00f6netmeni <strong>\u00d6m\u00fcr Kurt<\/strong>, T\u00fcrkiye\u2019nin ilk ve tek karikat\u00fcr evine sahip olan belediye olarak bu sergiye ev sahipli\u011fi yapmaktan b\u00fcy\u00fck mutluluk duyduklar\u0131n\u0131 belirtti. Kurt, &#8220;Cumhuriyetin 102 y\u0131ll\u0131k karikat\u00fcrlerini bug\u00fcn sizlerle bulu\u015fturuyoruz. \u00c7ok \u00f6zel karikat\u00fcrler se\u00e7ildi,&#8221; diyerek serginin k\u00fcrasyonel de\u011ferine vurgu yapt\u0131.<\/p>\n\n\n\n<hr class=\"wp-block-separator has-alpha-channel-opacity\"\/>\n\n\n\n<p>&#8220;Cumhuriyet\u2019in Karikat\u00fcrc\u00fcleri&#8221; sergisi, karikat\u00fcr\u00fcn sadece bir e\u011flence arac\u0131 de\u011fil, ayn\u0131 zamanda en keskin tarih yaz\u0131c\u0131l\u0131\u011f\u0131 y\u00f6ntemi oldu\u011funu kan\u0131tl\u0131yor. 102 y\u0131ll\u0131k birikimin 71 eserle \u00f6zetlenmesi, T\u00fcrkiye\u2019nin demokrasi m\u00fccadelesini g\u00f6rsel bir kronolojiye d\u00f6n\u00fc\u015ft\u00fcrerek gelecek nesillere aktar\u0131yor. Siyasi tarih merakl\u0131lar\u0131 ve sanat tutkunlar\u0131 i\u00e7in bu sergi, d\u00f6nemlerin ruhunu anlamak ad\u0131na benzersiz bir f\u0131rsat sunuyor.<\/p>\n\n\n\n<p><a href=\"https:\/\/www.cumhuriyet.com.tr\/kultur-sanat\/cumhuriyet-in-karikaturculeri-sergisi-acildi-tarihin-cizgileri-2498486\">https:\/\/www.cumhuriyet.com.tr\/kultur-sanat\/cumhuriyet-in-karikaturculeri-sergisi-acildi-tarihin-cizgileri-2498486<\/a><\/p>\n","protected":false},"excerpt":{"rendered":"<p>Cumhuriyet gazetesi ve Kad\u0131k\u00f6y Belediyesi\u2019nin anlaml\u0131 i\u015fbirli\u011fiyle hayata ge\u00e7irilen, T\u00fcrkiye&#8217;nin son 102 y\u0131l\u0131na \u00e7izgilerle tan\u0131kl\u0131k eden \u201cCumhuriyet\u2019in Karikat\u00fcrc\u00fcleri\u201d sergisi, Alan Kad\u0131k\u00f6y\u2019de sanatseverlerle bulu\u015ftu. Gazetenin zengin ar\u015fivini ve T\u00fcrkiye\u2019nin siyasi tarihini mizah penceresinden sunan sergi, 71 ustan\u0131n eserini bir araya getiriyor. A\u00e7\u0131l\u0131\u015fta Sanat ve Siyaset D\u00fcnyas\u0131 Bulu\u015ftu I\u015f\u0131k Kansu ve G\u00fcven Baykan\u2019\u0131n haz\u0131rlad\u0131\u011f\u0131, G\u00fclsev Toks\u00f6z, Eda [&hellip;]<\/p>\n","protected":false},"author":3,"featured_media":4911,"comment_status":"open","ping_status":"open","sticky":false,"template":"","format":"standard","meta":{"_jetpack_memberships_contains_paid_content":false,"footnotes":""},"categories":[3],"tags":[],"class_list":["post-4910","post","type-post","status-publish","format-standard","has-post-thumbnail","hentry","category-kultur-sanat-haberleri"],"jetpack_featured_media_url":"https:\/\/odakhaber.site\/wp-content\/uploads\/2026\/04\/c4b7fadc-92fa-490b-bf5f-67ffd10b1269.webp","jetpack_sharing_enabled":true,"_links":{"self":[{"href":"https:\/\/odakhaber.site\/index.php?rest_route=\/wp\/v2\/posts\/4910","targetHints":{"allow":["GET"]}}],"collection":[{"href":"https:\/\/odakhaber.site\/index.php?rest_route=\/wp\/v2\/posts"}],"about":[{"href":"https:\/\/odakhaber.site\/index.php?rest_route=\/wp\/v2\/types\/post"}],"author":[{"embeddable":true,"href":"https:\/\/odakhaber.site\/index.php?rest_route=\/wp\/v2\/users\/3"}],"replies":[{"embeddable":true,"href":"https:\/\/odakhaber.site\/index.php?rest_route=%2Fwp%2Fv2%2Fcomments&post=4910"}],"version-history":[{"count":1,"href":"https:\/\/odakhaber.site\/index.php?rest_route=\/wp\/v2\/posts\/4910\/revisions"}],"predecessor-version":[{"id":4912,"href":"https:\/\/odakhaber.site\/index.php?rest_route=\/wp\/v2\/posts\/4910\/revisions\/4912"}],"wp:featuredmedia":[{"embeddable":true,"href":"https:\/\/odakhaber.site\/index.php?rest_route=\/wp\/v2\/media\/4911"}],"wp:attachment":[{"href":"https:\/\/odakhaber.site\/index.php?rest_route=%2Fwp%2Fv2%2Fmedia&parent=4910"}],"wp:term":[{"taxonomy":"category","embeddable":true,"href":"https:\/\/odakhaber.site\/index.php?rest_route=%2Fwp%2Fv2%2Fcategories&post=4910"},{"taxonomy":"post_tag","embeddable":true,"href":"https:\/\/odakhaber.site\/index.php?rest_route=%2Fwp%2Fv2%2Ftags&post=4910"}],"curies":[{"name":"wp","href":"https:\/\/api.w.org\/{rel}","templated":true}]}}