{"id":4916,"date":"2026-04-26T19:34:49","date_gmt":"2026-04-26T19:34:49","guid":{"rendered":"https:\/\/odakhaber.site\/?p=4916"},"modified":"2026-04-26T19:34:49","modified_gmt":"2026-04-26T19:34:49","slug":"frig-vadisinde-turizm-hareketliligi-basladi","status":"publish","type":"post","link":"https:\/\/odakhaber.site\/?p=4916","title":{"rendered":"Frig Vadisi\u2019nde Turizm Hareketlili\u011fi Ba\u015flad\u0131"},"content":{"rendered":"\n<h2 class=\"wp-block-heading\">Frig Vadisi\u2019nde 2026 Sezonu Hareketlili\u011fi Ba\u015flad\u0131<\/h2>\n\n\n\n<p>Yakla\u015f\u0131k 3 bin y\u0131ll\u0131k ge\u00e7mi\u015fiyle Anadolu\u2019nun en gizemli noktalar\u0131ndan biri olan&nbsp;<strong>Frig Vadisi<\/strong>, bahar\u0131n geli\u015fi ve havalar\u0131n \u0131s\u0131nmas\u0131yla birlikte 2026 turizm sezonuna \u201cmerhaba\u201d dedi. Afyonkarahisar, Eski\u015fehir ve K\u00fctahya s\u0131n\u0131rlar\u0131n\u0131 kapsayan devasa vadi, \u015fimdiden ziyaret\u00e7ilerin odak noktas\u0131 haline geldi.<\/p>\n\n\n\n<h3 class=\"wp-block-heading\">Ayazini: Adeta Bir A\u00e7\u0131k Hava M\u00fczesi<\/h3>\n\n\n\n<p>B\u00f6lgenin parlayan y\u0131ld\u0131z\u0131 olan \u0130hsaniye il\u00e7esine ba\u011fl\u0131&nbsp;<strong>Ayazini k\u00f6y\u00fc<\/strong>, antik d\u00f6nemden kalma kaya yerle\u015fimleri, kiliseleri ve do\u011fal peri bacalar\u0131yla turistleri b\u00fcy\u00fcl\u00fcyor. Roma ve Bizans izlerini ta\u015f\u0131yan yap\u0131lar\u0131n yan\u0131 s\u0131ra b\u00f6lge; do\u011fa y\u00fcr\u00fcy\u00fc\u015f\u00fc, kamp ve bisiklet tutkunlar\u0131 i\u00e7in de e\u015fsiz rotalar sunuyor.<\/p>\n\n\n\n<h3 class=\"wp-block-heading\">Yat\u0131r\u0131mlar Esnaf\u0131n Y\u00fcz\u00fcn\u00fc G\u00fcld\u00fcr\u00fcyor<\/h3>\n\n\n\n<p>Vadideki turizm hareketlili\u011fi b\u00f6lge esnaf\u0131 taraf\u0131ndan sevin\u00e7le kar\u015f\u0131land\u0131. Yap\u0131lan restorasyon \u00e7al\u0131\u015fmalar\u0131 ve altyap\u0131 yat\u0131r\u0131mlar\u0131n\u0131n k\u00f6y\u00fc bir cazibe merkezine d\u00f6n\u00fc\u015ft\u00fcrd\u00fc\u011f\u00fcn\u00fc belirten yerel esnaf Mehmet K\u0131l\u0131\u00e7, hem yerli hem yabanc\u0131 turistlerin b\u00f6lgeye hayran kald\u0131\u011f\u0131n\u0131 ifade ederek herkesi bu e\u015fsiz miras\u0131 g\u00f6rmeye \u00e7a\u011f\u0131rd\u0131.<\/p>\n\n\n\n<figure class=\"wp-block-embed is-type-wp-embed is-provider-objektif-haber wp-block-embed-objektif-haber\"><div class=\"wp-block-embed__wrapper\">\n<blockquote class=\"wp-embedded-content\" data-secret=\"AUYTFuJMkG\"><a href=\"https:\/\/objektif.site\/2026\/04\/26\/frig-vadisinde-turizm-hareketliligi-basladi\/\">Frig Vadisi\u2019nde Turizm Hareketlili\u011fi Ba\u015flad\u0131<\/a><\/blockquote><iframe loading=\"lazy\" class=\"wp-embedded-content\" sandbox=\"allow-scripts\" security=\"restricted\" style=\"position: absolute; visibility: hidden;\" title=\"&#8220;Frig Vadisi\u2019nde Turizm Hareketlili\u011fi Ba\u015flad\u0131&#8221; &#8212; Objektif Haber\" src=\"https:\/\/objektif.site\/2026\/04\/26\/frig-vadisinde-turizm-hareketliligi-basladi\/embed\/#?secret=lSlstqDxLx#?secret=AUYTFuJMkG\" data-secret=\"AUYTFuJMkG\" width=\"600\" height=\"338\" frameborder=\"0\" marginwidth=\"0\" marginheight=\"0\" scrolling=\"no\"><\/iframe>\n<\/div><\/figure>\n\n\n\n<p>KARDE\u015e HABER<\/p>\n","protected":false},"excerpt":{"rendered":"<p>Frig Vadisi\u2019nde 2026 Sezonu Hareketlili\u011fi Ba\u015flad\u0131 Yakla\u015f\u0131k 3 bin y\u0131ll\u0131k ge\u00e7mi\u015fiyle Anadolu\u2019nun en gizemli noktalar\u0131ndan biri olan&nbsp;Frig Vadisi, bahar\u0131n geli\u015fi ve havalar\u0131n \u0131s\u0131nmas\u0131yla birlikte 2026 turizm sezonuna \u201cmerhaba\u201d dedi. Afyonkarahisar, Eski\u015fehir ve K\u00fctahya s\u0131n\u0131rlar\u0131n\u0131 kapsayan devasa vadi, \u015fimdiden ziyaret\u00e7ilerin odak noktas\u0131 haline geldi. Ayazini: Adeta Bir A\u00e7\u0131k Hava M\u00fczesi B\u00f6lgenin parlayan y\u0131ld\u0131z\u0131 olan \u0130hsaniye il\u00e7esine [&hellip;]<\/p>\n","protected":false},"author":3,"featured_media":4918,"comment_status":"open","ping_status":"open","sticky":false,"template":"","format":"standard","meta":{"_jetpack_memberships_contains_paid_content":false,"footnotes":""},"categories":[34],"tags":[],"class_list":["post-4916","post","type-post","status-publish","format-standard","has-post-thumbnail","hentry","category-turizm-ve-seyehat-haberleri"],"jetpack_featured_media_url":"https:\/\/odakhaber.site\/wp-content\/uploads\/2026\/04\/32211_frig-vadisinde-2026-yili-turizm-sezonu-acildi_0.jpg","jetpack_sharing_enabled":true,"_links":{"self":[{"href":"https:\/\/odakhaber.site\/index.php?rest_route=\/wp\/v2\/posts\/4916","targetHints":{"allow":["GET"]}}],"collection":[{"href":"https:\/\/odakhaber.site\/index.php?rest_route=\/wp\/v2\/posts"}],"about":[{"href":"https:\/\/odakhaber.site\/index.php?rest_route=\/wp\/v2\/types\/post"}],"author":[{"embeddable":true,"href":"https:\/\/odakhaber.site\/index.php?rest_route=\/wp\/v2\/users\/3"}],"replies":[{"embeddable":true,"href":"https:\/\/odakhaber.site\/index.php?rest_route=%2Fwp%2Fv2%2Fcomments&post=4916"}],"version-history":[{"count":1,"href":"https:\/\/odakhaber.site\/index.php?rest_route=\/wp\/v2\/posts\/4916\/revisions"}],"predecessor-version":[{"id":4919,"href":"https:\/\/odakhaber.site\/index.php?rest_route=\/wp\/v2\/posts\/4916\/revisions\/4919"}],"wp:featuredmedia":[{"embeddable":true,"href":"https:\/\/odakhaber.site\/index.php?rest_route=\/wp\/v2\/media\/4918"}],"wp:attachment":[{"href":"https:\/\/odakhaber.site\/index.php?rest_route=%2Fwp%2Fv2%2Fmedia&parent=4916"}],"wp:term":[{"taxonomy":"category","embeddable":true,"href":"https:\/\/odakhaber.site\/index.php?rest_route=%2Fwp%2Fv2%2Fcategories&post=4916"},{"taxonomy":"post_tag","embeddable":true,"href":"https:\/\/odakhaber.site\/index.php?rest_route=%2Fwp%2Fv2%2Ftags&post=4916"}],"curies":[{"name":"wp","href":"https:\/\/api.w.org\/{rel}","templated":true}]}}