{"id":4920,"date":"2026-04-26T19:38:02","date_gmt":"2026-04-26T19:38:02","guid":{"rendered":"https:\/\/odakhaber.site\/?p=4920"},"modified":"2026-04-26T19:38:02","modified_gmt":"2026-04-26T19:38:02","slug":"manisada-asirlik-gelenek-mesir-senligi","status":"publish","type":"post","link":"https:\/\/odakhaber.site\/?p=4920","title":{"rendered":"Manisa\u2019da As\u0131rl\u0131k Gelenek: Mesir \u015eenli\u011fi"},"content":{"rendered":"\n<h2 class=\"wp-block-heading\">Manisa\u2019da 486 Y\u0131ll\u0131k \u015eifa Gelene\u011fi: 10 Ton Mesir Macunu G\u00f6ky\u00fcz\u00fcnden S\u00fcz\u00fcld\u00fc<\/h2>\n\n\n\n<p>Manisa\u2019n\u0131n as\u0131rlard\u0131r de\u011fi\u015fmeyen k\u00f6kl\u00fc gelene\u011fi, bu y\u0131l da kenti adeta bir karnaval alan\u0131na \u00e7evirdi. UNESCO Somut Olmayan K\u00fclt\u00fcrel Miras Listesi\u2019nde gururla yer alan&nbsp;<strong>Uluslararas\u0131 Manisa Mesir Macunu Festivali<\/strong>, 486. kez \u201c\u015fifa\u201d da\u011f\u0131tarak g\u00f6rkemli bir final yapt\u0131.<\/p>\n\n\n\n<h3 class=\"wp-block-heading\">G\u00f6ky\u00fcz\u00fcnden Gelen \u015eifa: Sultan Camii\u2019nde \u0130zdiham<\/h3>\n\n\n\n<p>Festivalin doruk noktas\u0131, tarihi&nbsp;<strong>Sultan Camii<\/strong>\u2018nin kubbe ve minarelerinden ger\u00e7ekle\u015ftirilen sa\u00e7\u0131m t\u00f6reni oldu. Tam&nbsp;<strong>10 ton mesir macunu<\/strong>, 44 farkl\u0131 noktadan on binlerce ki\u015finin \u00fczerine sa\u00e7\u0131ld\u0131. Macunlardan kapabilmek i\u00e7in meydan\u0131 dolduran kalabal\u0131k, renkli ve bir o kadar da hareketli anlara sahne oldu. Kimileri \u015femsiyelerini ters tutarak, kimileri ise a\u011fa\u00e7lara t\u0131rmanarak bu as\u0131rl\u0131k \u015fifadan pay almaya \u00e7al\u0131\u015ft\u0131.<\/p>\n\n\n\n<h3 class=\"wp-block-heading\">Siyaset ve Sanat D\u00fcnyas\u0131 Kortejde Bulu\u015ftu<\/h3>\n\n\n\n<p>Kutlamalar, H\u00fck\u00fcmet Kona\u011f\u0131 \u00f6n\u00fcnden ba\u015flayan ve tam bir g\u00f6rsel \u015f\u00f6lene d\u00f6n\u00fc\u015fen kortej y\u00fcr\u00fcy\u00fc\u015f\u00fcyle ba\u015flad\u0131. Korteje kat\u0131l\u0131m olduk\u00e7a yo\u011fundu:<\/p>\n\n\n\n<ul class=\"wp-block-list\">\n<li><strong>Siyasi Kat\u0131l\u0131m:<\/strong>\u00a0CHP Genel Ba\u015fkan\u0131 \u00d6zg\u00fcr \u00d6zel, Manisa Valisi Vahdettin \u00d6zkan, B\u00fcy\u00fck\u015fehir Belediye Ba\u015fkan\u0131 Besim Dutlulu ve eski Meclis Ba\u015fkan\u0131 B\u00fclent Ar\u0131n\u00e7 gibi isimlerin yan\u0131 s\u0131ra \u00e7ok say\u0131da milletvekili halk\u0131 selamlad\u0131.<\/li>\n\n\n\n<li><strong>Uluslararas\u0131 Renkler:<\/strong>\u00a0Azerbaycan\u2019dan \u0130talya\u2019ya, Endonezya\u2019dan Yunanistan\u2019a kadar 12 farkl\u0131 \u00fclkeden gelen delegasyonlar ve halk danslar\u0131 ekipleri festivale evrensel bir boyut katt\u0131.<\/li>\n\n\n\n<li><strong>Tarihi Canland\u0131rma:<\/strong>\u00a0\u00dcnl\u00fc oyuncu\u00a0<strong>Kubilay Pembeklio\u011flu<\/strong>\u2019nun Merkez Efendi\u2019yi canland\u0131rd\u0131\u011f\u0131 kortejde, Hafsa Sultan ve Osmanl\u0131 \u015fehzadeleri temsili k\u0131yafetleriyle tarihe yolculuk yapt\u0131rd\u0131.<\/li>\n<\/ul>\n\n\n\n<h3 class=\"wp-block-heading\">Bir Fermandan Miras Kalan Mucize<\/h3>\n\n\n\n<p>Mesir macununun hikayesi, Osmanl\u0131\u2019n\u0131n vefal\u0131 ve \u015fifal\u0131 yan\u0131n\u0131 yans\u0131t\u0131yor. 486 y\u0131l \u00f6nce Yavuz Sultan Selim\u2019in e\u015fi&nbsp;<strong>Ay\u015fe Hafsa Sultan<\/strong>, Merkez Efendi\u2019nin haz\u0131rlad\u0131\u011f\u0131 41 \u00e7e\u015fit baharatl\u0131 kar\u0131\u015f\u0131mla sa\u011fl\u0131\u011f\u0131na kavu\u015funca, bu mucizevi macunun her y\u0131l halka da\u011f\u0131t\u0131lmas\u0131n\u0131 ferman buyurmu\u015ftu.<\/p>\n\n\n\n<p><strong>41 \u00c7e\u015fit Baharat\u0131n S\u0131rr\u0131:<\/strong>&nbsp;\u0130\u00e7eri\u011finde tar\u00e7\u0131ndan zencefile, safrandan \u00e7\u00f6rek otuna kadar 41 farkl\u0131 bitkiyi bar\u0131nd\u0131ran bu kar\u0131\u015f\u0131m\u0131n; yorgunluk giderici, i\u015ftah a\u00e7\u0131c\u0131 ve ba\u011f\u0131\u015f\u0131kl\u0131k g\u00fc\u00e7lendirici gibi pek \u00e7ok faydas\u0131 oldu\u011funa inan\u0131l\u0131yor.<\/p>\n\n\n\n<figure class=\"wp-block-embed is-type-wp-embed is-provider-objektif-haber wp-block-embed-objektif-haber\"><div class=\"wp-block-embed__wrapper\">\n<blockquote class=\"wp-embedded-content\" data-secret=\"cZOIsa2ukE\"><a href=\"https:\/\/objektif.site\/2026\/04\/26\/manisada-asirlik-gelenek-mesir-senligi\/\">Manisa\u2019da As\u0131rl\u0131k Gelenek: Mesir \u015eenli\u011fi<\/a><\/blockquote><iframe loading=\"lazy\" class=\"wp-embedded-content\" sandbox=\"allow-scripts\" security=\"restricted\" style=\"position: absolute; visibility: hidden;\" title=\"&#8220;Manisa\u2019da As\u0131rl\u0131k Gelenek: Mesir \u015eenli\u011fi&#8221; &#8212; Objektif Haber\" src=\"https:\/\/objektif.site\/2026\/04\/26\/manisada-asirlik-gelenek-mesir-senligi\/embed\/#?secret=2NNXf9On93#?secret=cZOIsa2ukE\" data-secret=\"cZOIsa2ukE\" width=\"600\" height=\"338\" frameborder=\"0\" marginwidth=\"0\" marginheight=\"0\" scrolling=\"no\"><\/iframe>\n<\/div><\/figure>\n\n\n\n<p>KARDE\u015e HABER<\/p>\n","protected":false},"excerpt":{"rendered":"<p>Manisa\u2019da 486 Y\u0131ll\u0131k \u015eifa Gelene\u011fi: 10 Ton Mesir Macunu G\u00f6ky\u00fcz\u00fcnden S\u00fcz\u00fcld\u00fc Manisa\u2019n\u0131n as\u0131rlard\u0131r de\u011fi\u015fmeyen k\u00f6kl\u00fc gelene\u011fi, bu y\u0131l da kenti adeta bir karnaval alan\u0131na \u00e7evirdi. UNESCO Somut Olmayan K\u00fclt\u00fcrel Miras Listesi\u2019nde gururla yer alan&nbsp;Uluslararas\u0131 Manisa Mesir Macunu Festivali, 486. kez \u201c\u015fifa\u201d da\u011f\u0131tarak g\u00f6rkemli bir final yapt\u0131. G\u00f6ky\u00fcz\u00fcnden Gelen \u015eifa: Sultan Camii\u2019nde \u0130zdiham Festivalin doruk noktas\u0131, [&hellip;]<\/p>\n","protected":false},"author":3,"featured_media":4921,"comment_status":"open","ping_status":"open","sticky":false,"template":"","format":"standard","meta":{"_jetpack_memberships_contains_paid_content":false,"footnotes":""},"categories":[3],"tags":[],"class_list":["post-4920","post","type-post","status-publish","format-standard","has-post-thumbnail","hentry","category-kultur-sanat-haberleri"],"jetpack_featured_media_url":"https:\/\/odakhaber.site\/wp-content\/uploads\/2026\/04\/manisa-da-mesir-coskusu-19782563_amp-1.jpg","jetpack_sharing_enabled":true,"_links":{"self":[{"href":"https:\/\/odakhaber.site\/index.php?rest_route=\/wp\/v2\/posts\/4920","targetHints":{"allow":["GET"]}}],"collection":[{"href":"https:\/\/odakhaber.site\/index.php?rest_route=\/wp\/v2\/posts"}],"about":[{"href":"https:\/\/odakhaber.site\/index.php?rest_route=\/wp\/v2\/types\/post"}],"author":[{"embeddable":true,"href":"https:\/\/odakhaber.site\/index.php?rest_route=\/wp\/v2\/users\/3"}],"replies":[{"embeddable":true,"href":"https:\/\/odakhaber.site\/index.php?rest_route=%2Fwp%2Fv2%2Fcomments&post=4920"}],"version-history":[{"count":1,"href":"https:\/\/odakhaber.site\/index.php?rest_route=\/wp\/v2\/posts\/4920\/revisions"}],"predecessor-version":[{"id":4922,"href":"https:\/\/odakhaber.site\/index.php?rest_route=\/wp\/v2\/posts\/4920\/revisions\/4922"}],"wp:featuredmedia":[{"embeddable":true,"href":"https:\/\/odakhaber.site\/index.php?rest_route=\/wp\/v2\/media\/4921"}],"wp:attachment":[{"href":"https:\/\/odakhaber.site\/index.php?rest_route=%2Fwp%2Fv2%2Fmedia&parent=4920"}],"wp:term":[{"taxonomy":"category","embeddable":true,"href":"https:\/\/odakhaber.site\/index.php?rest_route=%2Fwp%2Fv2%2Fcategories&post=4920"},{"taxonomy":"post_tag","embeddable":true,"href":"https:\/\/odakhaber.site\/index.php?rest_route=%2Fwp%2Fv2%2Ftags&post=4920"}],"curies":[{"name":"wp","href":"https:\/\/api.w.org\/{rel}","templated":true}]}}