{"id":4928,"date":"2026-04-26T20:06:31","date_gmt":"2026-04-26T20:06:31","guid":{"rendered":"https:\/\/odakhaber.site\/?p=4928"},"modified":"2026-04-26T20:06:31","modified_gmt":"2026-04-26T20:06:31","slug":"windows-11de-k2-operasyonu-microsoft-temellere-donuyor","status":"publish","type":"post","link":"https:\/\/odakhaber.site\/?p=4928","title":{"rendered":"Windows 11\u2019de &#8220;K2&#8221; Operasyonu: Microsoft Temellere D\u00f6n\u00fcyor"},"content":{"rendered":"\n<p>Microsoft, Windows 11&#8217;in zedelenen imaj\u0131n\u0131 onarmak ve kullan\u0131c\u0131lar\u0131n bitmek bilmeyen \u015fikayetlerine son vermek i\u00e7in gizli bir operasyon ba\u015flatt\u0131. <strong>&#8220;K2&#8221;<\/strong> kod ad\u0131yla y\u00fcr\u00fct\u00fclen bu i\u00e7 proje, sisteme yeni \u00f6zellikler y\u0131\u011fmak yerine, mevcut yap\u0131y\u0131 modernize etmeyi ve hatalardan ar\u0131nd\u0131rmay\u0131 ama\u00e7l\u0131yor.<\/p>\n\n\n\n<hr class=\"wp-block-separator has-alpha-channel-opacity\"\/>\n\n\n\n<h3 class=\"wp-block-heading\">Performans ve Kararl\u0131l\u0131k \u00d6n Planda<\/h3>\n\n\n\n<p>Windows 11, \u00e7\u0131k\u0131\u015f\u0131ndan bu yana g\u00f6rsel tasar\u0131m\u0131yla dikkat \u00e7ekse de performans sorunlar\u0131 nedeniyle ele\u015ftiri oklar\u0131n\u0131n hedefi olmu\u015ftu. \u00d6zellikle Ba\u015flat men\u00fcs\u00fcndeki reklam yerle\u015ftirmeleri ve Dosya Gezgini&#8217;nin hantal yap\u0131s\u0131, bir\u00e7ok kullan\u0131c\u0131y\u0131 Windows 10&#8217;da kalmaya te\u015fvik ediyordu.<\/p>\n\n\n\n<p>Windows Central&#8217;\u0131n payla\u015ft\u0131\u011f\u0131 bilgilere g\u00f6re <strong>K2 projesi<\/strong>, sadece bir g\u00fcncelleme paketi de\u011fil; Microsoft&#8217;un yaz\u0131l\u0131m geli\u015ftirme felsefesindeki k\u00f6kl\u00fc bir de\u011fi\u015fimi temsil ediyor. M\u00fchendisler art\u0131k &#8220;yeni ne ekleyebiliriz?&#8221; sorusu yerine &#8220;mevcut olan\u0131 nas\u0131l kusursuzla\u015ft\u0131r\u0131r\u0131z?&#8221; sorusuna odaklan\u0131yor.<\/p>\n\n\n\n<h3 class=\"wp-block-heading\">Yapay Zekadan Teknik Kaliteye D\u00f6n\u00fc\u015f<\/h3>\n\n\n\n<p>Son y\u0131llarda Copilot gibi yapay zeka ara\u00e7lar\u0131n\u0131 entegre etme yar\u0131\u015f\u0131, i\u015fletim sisteminin temel h\u0131z\u0131n\u0131 ve tepkiselli\u011fini g\u00f6lgede b\u0131rakm\u0131\u015ft\u0131. K2 projesiyle birlikte m\u00fchendislik ekipleri \u015fu kronik sorunlara odaklan\u0131yor:<\/p>\n\n\n\n<ul class=\"wp-block-list\">\n<li><strong>Sa\u011f t\u0131k men\u00fcs\u00fcndeki gecikmeler.<\/strong><\/li>\n\n\n\n<li><strong>G\u00f6rev \u00e7ubu\u011funda ya\u015fanan animasyon hatalar\u0131.<\/strong><\/li>\n\n\n\n<li><strong>D\u00fc\u015f\u00fck donan\u0131ml\u0131 cihazlardaki sistem kas\u0131lmalar\u0131.<\/strong><\/li>\n\n\n\n<li><strong>Sistemin genel teknik bor\u00e7lar\u0131n\u0131n temizlenmesi.<\/strong><\/li>\n<\/ul>\n\n\n\n<hr class=\"wp-block-separator has-alpha-channel-opacity\"\/>\n\n\n\n<h3 class=\"wp-block-heading\">Kullan\u0131c\u0131 G\u00fcveni ve &#8220;Temiz Aray\u00fcz&#8221; S\u00f6z\u00fc<\/h3>\n\n\n\n<p>Kullan\u0131c\u0131lar\u0131 en \u00e7ok rahats\u0131z eden konulardan biri olan agresif reklamlar ve zorunlu \u00f6nerilen i\u00e7erikler, K2 projesiyle yerini daha sade ve temiz bir aray\u00fcz anlay\u0131\u015f\u0131na b\u0131rak\u0131yor. Microsoft, bu hamleyle hem bireysel kullan\u0131c\u0131lar\u0131n hem de stabiliteye her \u015feyden \u00e7ok \u00f6nem veren <strong>Enterprise (Kurumsal)<\/strong> m\u00fc\u015fterilerin g\u00fcvenini yeniden kazanmay\u0131 hedefliyor.<\/p>\n\n\n\n<blockquote class=\"wp-block-quote is-layout-flow wp-block-quote-is-layout-flow\">\n<p><strong>Stratejik \u00d6nem:<\/strong> Sekt\u00f6r kulislerine g\u00f6re bu proje, asl\u0131nda Windows 12 \u00f6ncesi kritik bir haz\u0131rl\u0131k evresi. Mevcut sistemin temelleri sa\u011flamla\u015ft\u0131r\u0131lmadan yeni bir ana s\u00fcr\u00fcme ge\u00e7ilmesinin riskli oldu\u011fu d\u00fc\u015f\u00fcn\u00fcl\u00fcyor.<\/p>\n<\/blockquote>\n\n\n\n<p>2025 y\u0131l\u0131na kadar s\u00fcrmesi planlanan bu devasa temizlik operasyonu, Microsoft&#8217;un Apple ve Google gibi dev rakipleri kar\u015f\u0131s\u0131nda yaz\u0131l\u0131msal g\u00fcc\u00fcn\u00fc ve kullan\u0131c\u0131 odakl\u0131l\u0131\u011f\u0131n\u0131 yeniden kan\u0131tlama \u00e7abas\u0131 olarak g\u00f6r\u00fcl\u00fcyor.<\/p>\n\n\n\n<hr class=\"wp-block-separator has-alpha-channel-opacity\"\/>\n\n\n\n<p><a href=\"https:\/\/shiftdelete.net\/microsofttan-windows-11e-buyuk-temizlik-operasyonu\">https:\/\/shiftdelete.net\/microsofttan-windows-11e-buyuk-temizlik-operasyonu<\/a><\/p>\n","protected":false},"excerpt":{"rendered":"<p>Microsoft, Windows 11&#8217;in zedelenen imaj\u0131n\u0131 onarmak ve kullan\u0131c\u0131lar\u0131n bitmek bilmeyen \u015fikayetlerine son vermek i\u00e7in gizli bir operasyon ba\u015flatt\u0131. &#8220;K2&#8221; kod ad\u0131yla y\u00fcr\u00fct\u00fclen bu i\u00e7 proje, sisteme yeni \u00f6zellikler y\u0131\u011fmak yerine, mevcut yap\u0131y\u0131 modernize etmeyi ve hatalardan ar\u0131nd\u0131rmay\u0131 ama\u00e7l\u0131yor. Performans ve Kararl\u0131l\u0131k \u00d6n Planda Windows 11, \u00e7\u0131k\u0131\u015f\u0131ndan bu yana g\u00f6rsel tasar\u0131m\u0131yla dikkat \u00e7ekse de performans sorunlar\u0131 [&hellip;]<\/p>\n","protected":false},"author":4,"featured_media":4929,"comment_status":"open","ping_status":"open","sticky":false,"template":"","format":"standard","meta":{"_jetpack_memberships_contains_paid_content":false,"footnotes":""},"categories":[40],"tags":[],"class_list":["post-4928","post","type-post","status-publish","format-standard","has-post-thumbnail","hentry","category-teknoloji-haberleri"],"jetpack_featured_media_url":"https:\/\/odakhaber.site\/wp-content\/uploads\/2026\/04\/microsofttan-windows-11e-buyuk-temizlik-operasyonu.webp","jetpack_sharing_enabled":true,"_links":{"self":[{"href":"https:\/\/odakhaber.site\/index.php?rest_route=\/wp\/v2\/posts\/4928","targetHints":{"allow":["GET"]}}],"collection":[{"href":"https:\/\/odakhaber.site\/index.php?rest_route=\/wp\/v2\/posts"}],"about":[{"href":"https:\/\/odakhaber.site\/index.php?rest_route=\/wp\/v2\/types\/post"}],"author":[{"embeddable":true,"href":"https:\/\/odakhaber.site\/index.php?rest_route=\/wp\/v2\/users\/4"}],"replies":[{"embeddable":true,"href":"https:\/\/odakhaber.site\/index.php?rest_route=%2Fwp%2Fv2%2Fcomments&post=4928"}],"version-history":[{"count":1,"href":"https:\/\/odakhaber.site\/index.php?rest_route=\/wp\/v2\/posts\/4928\/revisions"}],"predecessor-version":[{"id":4930,"href":"https:\/\/odakhaber.site\/index.php?rest_route=\/wp\/v2\/posts\/4928\/revisions\/4930"}],"wp:featuredmedia":[{"embeddable":true,"href":"https:\/\/odakhaber.site\/index.php?rest_route=\/wp\/v2\/media\/4929"}],"wp:attachment":[{"href":"https:\/\/odakhaber.site\/index.php?rest_route=%2Fwp%2Fv2%2Fmedia&parent=4928"}],"wp:term":[{"taxonomy":"category","embeddable":true,"href":"https:\/\/odakhaber.site\/index.php?rest_route=%2Fwp%2Fv2%2Fcategories&post=4928"},{"taxonomy":"post_tag","embeddable":true,"href":"https:\/\/odakhaber.site\/index.php?rest_route=%2Fwp%2Fv2%2Ftags&post=4928"}],"curies":[{"name":"wp","href":"https:\/\/api.w.org\/{rel}","templated":true}]}}