{"id":4931,"date":"2026-04-26T20:08:58","date_gmt":"2026-04-26T20:08:58","guid":{"rendered":"https:\/\/odakhaber.site\/?p=4931"},"modified":"2026-04-26T20:08:58","modified_gmt":"2026-04-26T20:08:58","slug":"rams-parkta-aslan-kukredi-galatasaray-derbi-zaferiyle-sampiyonluga-kanatlaniyor","status":"publish","type":"post","link":"https:\/\/odakhaber.site\/?p=4931","title":{"rendered":"RAMS Park\u2019ta Aslan K\u00fckredi: Galatasaray Derbi Zaferiyle \u015eampiyonlu\u011fa Kanatlan\u0131yor!"},"content":{"rendered":"\n<p>Trendyol S\u00fcper Lig&#8217;in 31. haftas\u0131nda futbol d\u00fcnyas\u0131n\u0131n kilitlendi\u011fi dev randevuda lider Galatasaray, ezeli rakibi Fenerbah\u00e7e&#8217;yi konuk etti. Sar\u0131-k\u0131rm\u0131z\u0131l\u0131 ekip, RAMS Park\u2019ta oynanan ve nefes kesen m\u00fccadeleden 3-0\u2019l\u0131k net bir skorla galip ayr\u0131larak \u015fampiyonluk yolunda dev bir ad\u0131m att\u0131. Bu sonu\u00e7la en yak\u0131n rakibiyle aras\u0131ndaki puan fark\u0131n\u0131 7\u2019ye \u00e7\u0131karan &#8220;Cimbom&#8221;, ligin bitimine sadece 3 hafta kala b\u00fcy\u00fck bir avantaj elde etti.<\/p>\n\n\n\n<hr class=\"wp-block-separator has-alpha-channel-opacity\"\/>\n\n\n\n<h3 class=\"wp-block-heading\">Derbide Gol Perdesini Osimhen A\u00e7t\u0131<\/h3>\n\n\n\n<p>Olayl\u0131 ge\u00e7en derbide Galatasaray\u2019a galibiyeti getiren goller; 40. dakikada Victor Osimhen, 67. dakikada penalt\u0131dan Bar\u0131\u015f Alper Y\u0131lmaz ve 80. dakikada Lucas Torreira\u2019dan geldi.<\/p>\n\n\n\n<p><strong>Zirvede Fark A\u00e7\u0131l\u0131yor:<\/strong><\/p>\n\n\n\n<p>Haftaya Fenerbah\u00e7e\u2019nin 4 puan \u00f6n\u00fcnde giren Galatasaray, bu galibiyetle fark\u0131 7 puana ta\u015f\u0131d\u0131. Ma\u00e7 fazlas\u0131yla Trabzonspor ile olan fark ise 9\u2019a y\u00fckseldi. Sar\u0131-k\u0131rm\u0131z\u0131l\u0131lar, kalan 3 ma\u00e7\u0131nda 4 puan toplamas\u0131 halinde rakiplerinin sonu\u00e7lar\u0131na bakmaks\u0131z\u0131n \u015fampiyonlu\u011funu ilan edecek.<\/p>\n\n\n\n<p><strong>\u0130kili Averaj Tapusu Galatasaray\u2019da:<\/strong><\/p>\n\n\n\n<p>Sezonun ilk yar\u0131s\u0131nda deplasmanda rakibiyle 1-1 berabere kalan Aslan, sahas\u0131ndaki 3-0\u2019l\u0131k skorla ikili averaj \u00fcst\u00fcnl\u00fc\u011f\u00fcn\u00fc de eline ge\u00e7irdi. Olas\u0131 bir puan e\u015fitli\u011fi durumunda Galatasaray ligi rakibinin \u00fczerinde bitirecek.<\/p>\n\n\n\n<hr class=\"wp-block-separator has-alpha-channel-opacity\"\/>\n\n\n\n<h3 class=\"wp-block-heading\">Kahramanlar ve Rekorlar<\/h3>\n\n\n\n<ul class=\"wp-block-list\">\n<li><strong>Victor Osimhen&#8217;in D\u00f6n\u00fc\u015f\u00fc:<\/strong> 39 g\u00fcn sonra, kolundaki k\u0131r\u0131k nedeniyle haz\u0131rlanan \u00f6zel bir al\u00e7\u0131yla ilk 11\u2019e d\u00f6nen Nijeryal\u0131 y\u0131ld\u0131z, son 10 lig ma\u00e7\u0131n\u0131n 9&#8217;unda gol atma ba\u015far\u0131s\u0131 g\u00f6sterdi. Osimhen ligdeki gol say\u0131s\u0131n\u0131 13\u2019e \u00e7\u0131kard\u0131.<\/li>\n\n\n\n<li><strong>Okan Buruk\u2019un 200. Ma\u00e7 Gururu:<\/strong> Galatasaray\u2019\u0131n ba\u015f\u0131nda 3. \u015fampiyonlu\u011funa ko\u015fan Okan Buruk, Fenerbah\u00e7e derbisiyle birlikte sar\u0131-k\u0131rm\u0131z\u0131l\u0131 kul\u00fcpteki 200. resmi m\u00fcsabakas\u0131na \u00e7\u0131karak &#8220;dalya&#8221; dedi.<\/li>\n\n\n\n<li><strong>\u0130\u00e7 Saha Kalesi Y\u0131k\u0131lm\u0131yor:<\/strong> Galatasaray, ligde sahas\u0131nda oynad\u0131\u011f\u0131 son 34 ma\u00e7ta ma\u011flubiyet y\u00fcz\u00fc g\u00f6rmedi (27 galibiyet, 7 beraberlik). RAMS Park\u2019taki son yenilgi tam iki y\u0131l \u00f6nce, yine bir 19 May\u0131s g\u00fcn\u00fc ya\u015fanm\u0131\u015ft\u0131.<\/li>\n\n\n\n<li><strong>Bar\u0131\u015f Alper ve Torreira:<\/strong> Kariyerinin en skorer d\u00f6nemlerinden birini ya\u015fayan Bar\u0131\u015f Alper Y\u0131lmaz toplamda 12. gol\u00fcne ula\u015f\u0131rken, orta sahan\u0131n dinamosu Torreira bu sezonki 4. gol sevincini derbide ya\u015fad\u0131.<\/li>\n<\/ul>\n\n\n\n<hr class=\"wp-block-separator has-alpha-channel-opacity\"\/>\n\n\n\n<h3 class=\"wp-block-heading\">Ma\u00e7\u0131n K\u0131r\u0131lma Anlar\u0131 ve Notlar<\/h3>\n\n\n\n<p>Derbi, sadece gollerle de\u011fil, saha i\u00e7i olaylar\u0131yla da haf\u0131zalara kaz\u0131nd\u0131. Fenerbah\u00e7e\u2019de kaleci <strong>Ederson<\/strong>, 62. dakikada penalt\u0131 \u00f6ncesi kalesine ge\u00e7medi\u011fi gerek\u00e7esiyle ikinci sar\u0131 karttan k\u0131rm\u0131z\u0131 kart g\u00f6rerek oyun d\u0131\u015f\u0131 kald\u0131. Fenerbah\u00e7e ad\u0131na Talisca 13. dakikada bir penalt\u0131 vuru\u015fundan yararlanamazken, bir \u015futu da direkten d\u00f6nd\u00fc.<\/p>\n\n\n\n<p><strong>U\u011furcan \u00c7ak\u0131r Cezal\u0131 Duruma D\u00fc\u015ft\u00fc:<\/strong><\/p>\n\n\n\n<p>Galatasaray\u2019\u0131n ba\u015far\u0131l\u0131 kalecisi U\u011furcan \u00c7ak\u0131r, 6. dakikada Jayden Oosterwolde ile ya\u015fad\u0131\u011f\u0131 gerginlik sonras\u0131 g\u00f6rd\u00fc\u011f\u00fc sar\u0131 kartla cezal\u0131 duruma d\u00fc\u015ft\u00fc. Milli eldiven, \u00f6n\u00fcm\u00fczdeki hafta oynanacak Samsunspor ma\u00e7\u0131nda g\u00f6rev yapamayacak.<\/p>\n\n\n\n<p><strong>Kerem Akt\u00fcrko\u011flu\u2019na Tepki:<\/strong><\/p>\n\n\n\n<p>Sezon ba\u015f\u0131nda Benfica \u00fczerinden Fenerbah\u00e7e\u2019ye imza atan eski Galatasarayl\u0131 Kerem Akt\u00fcrko\u011flu, \u0131s\u0131nma hareketleri s\u0131ras\u0131nda trib\u00fcnlerin yo\u011fun tepkisiyle kar\u015f\u0131la\u015ft\u0131. Ma\u00e7 sonunda ise sar\u0131-k\u0131rm\u0131z\u0131l\u0131 futbolcular, galibiyet &#8220;\u00fc\u00e7l\u00fcs\u00fcn\u00fc&#8221; Mauro Icardi \u00f6nderli\u011finde taraftarlar\u0131yla birlikte kutlad\u0131.<\/p>\n\n\n\n<hr class=\"wp-block-separator has-alpha-channel-opacity\"\/>\n\n\n\n<p><a href=\"https:\/\/www.fotomac.com.tr\/superlig\/2026\/04\/26\/galatasaray-sampiyonluga-kosuyor\">https:\/\/www.fotomac.com.tr\/superlig\/2026\/04\/26\/galatasaray-sampiyonluga-kosuyor<\/a><\/p>\n","protected":false},"excerpt":{"rendered":"<p>Trendyol S\u00fcper Lig&#8217;in 31. haftas\u0131nda futbol d\u00fcnyas\u0131n\u0131n kilitlendi\u011fi dev randevuda lider Galatasaray, ezeli rakibi Fenerbah\u00e7e&#8217;yi konuk etti. Sar\u0131-k\u0131rm\u0131z\u0131l\u0131 ekip, RAMS Park\u2019ta oynanan ve nefes kesen m\u00fccadeleden 3-0\u2019l\u0131k net bir skorla galip ayr\u0131larak \u015fampiyonluk yolunda dev bir ad\u0131m att\u0131. Bu sonu\u00e7la en yak\u0131n rakibiyle aras\u0131ndaki puan fark\u0131n\u0131 7\u2019ye \u00e7\u0131karan &#8220;Cimbom&#8221;, ligin bitimine sadece 3 hafta kala [&hellip;]<\/p>\n","protected":false},"author":4,"featured_media":4932,"comment_status":"open","ping_status":"open","sticky":false,"template":"","format":"standard","meta":{"_jetpack_memberships_contains_paid_content":false,"footnotes":""},"categories":[9],"tags":[],"class_list":["post-4931","post","type-post","status-publish","format-standard","has-post-thumbnail","hentry","category-spor"],"jetpack_featured_media_url":"https:\/\/odakhaber.site\/wp-content\/uploads\/2026\/04\/829x469-galatasaray-sampiyonluga-kosuyor-1777230583723.jpeg","jetpack_sharing_enabled":true,"_links":{"self":[{"href":"https:\/\/odakhaber.site\/index.php?rest_route=\/wp\/v2\/posts\/4931","targetHints":{"allow":["GET"]}}],"collection":[{"href":"https:\/\/odakhaber.site\/index.php?rest_route=\/wp\/v2\/posts"}],"about":[{"href":"https:\/\/odakhaber.site\/index.php?rest_route=\/wp\/v2\/types\/post"}],"author":[{"embeddable":true,"href":"https:\/\/odakhaber.site\/index.php?rest_route=\/wp\/v2\/users\/4"}],"replies":[{"embeddable":true,"href":"https:\/\/odakhaber.site\/index.php?rest_route=%2Fwp%2Fv2%2Fcomments&post=4931"}],"version-history":[{"count":1,"href":"https:\/\/odakhaber.site\/index.php?rest_route=\/wp\/v2\/posts\/4931\/revisions"}],"predecessor-version":[{"id":4933,"href":"https:\/\/odakhaber.site\/index.php?rest_route=\/wp\/v2\/posts\/4931\/revisions\/4933"}],"wp:featuredmedia":[{"embeddable":true,"href":"https:\/\/odakhaber.site\/index.php?rest_route=\/wp\/v2\/media\/4932"}],"wp:attachment":[{"href":"https:\/\/odakhaber.site\/index.php?rest_route=%2Fwp%2Fv2%2Fmedia&parent=4931"}],"wp:term":[{"taxonomy":"category","embeddable":true,"href":"https:\/\/odakhaber.site\/index.php?rest_route=%2Fwp%2Fv2%2Fcategories&post=4931"},{"taxonomy":"post_tag","embeddable":true,"href":"https:\/\/odakhaber.site\/index.php?rest_route=%2Fwp%2Fv2%2Ftags&post=4931"}],"curies":[{"name":"wp","href":"https:\/\/api.w.org\/{rel}","templated":true}]}}