{"id":4934,"date":"2026-04-26T20:11:07","date_gmt":"2026-04-26T20:11:07","guid":{"rendered":"https:\/\/odakhaber.site\/?p=4934"},"modified":"2026-04-26T20:11:07","modified_gmt":"2026-04-26T20:11:07","slug":"tedescodan-derbi-itirafi-rakiplerinin-kalitesini-kabul-etmek-gerekir","status":"publish","type":"post","link":"https:\/\/odakhaber.site\/?p=4934","title":{"rendered":"Tedesco\u2019dan Derbi \u0130tiraf\u0131: &#8220;Rakiplerinin Kalitesini Kabul Etmek Gerekir&#8221;"},"content":{"rendered":"\n<p>Trendyol S\u00fcper Lig\u2019in 31. haftas\u0131nda \u015fampiyonluk yolundaki en kritik s\u0131nav\u0131na \u00e7\u0131kan Fenerbah\u00e7e, deplasmanda Galatasaray\u2019a 3-0 ma\u011flup oldu. Kar\u015f\u0131la\u015fman\u0131n ard\u0131ndan kameralar kar\u015f\u0131s\u0131na ge\u00e7en teknik direkt\u00f6r <strong>Domenico Tedesco<\/strong>, RAMS Park\u2019taki ma\u011flubiyeti ve \u015fampiyonluk yar\u0131\u015f\u0131ndaki son durumu de\u011ferlendirdi.<\/p>\n\n\n\n<hr class=\"wp-block-separator has-alpha-channel-opacity\"\/>\n\n\n\n<h3 class=\"wp-block-heading\">&#8220;Penalt\u0131dan Sonra Bir \u015eeyler K\u0131r\u0131ld\u0131&#8221;<\/h3>\n\n\n\n<p>M\u00fccadeleye asl\u0131nda planlad\u0131klar\u0131 gibi ba\u015flad\u0131klar\u0131n\u0131 dile getiren Tedesco, ka\u00e7an f\u0131rsatlara ve oyunun gidi\u015fat\u0131na vurgu yapt\u0131:<\/p>\n\n\n\n<blockquote class=\"wp-block-quote is-layout-flow wp-block-quote-is-layout-flow\">\n<p>&#8220;Asl\u0131nda ma\u00e7a iyi ba\u015flad\u0131k. G\u00fc\u00e7l\u00fc bir ba\u015flang\u0131\u00e7t\u0131. \u0130stedi\u011fimiz ba\u015flang\u0131\u00e7t\u0131. \u00d6nde pozisyon al\u0131yorduk, geriden oyun kuruyorduk. Ma\u00e7tan \u00f6nce onlar\u0131n \u00f6nde bask\u0131 yapaca\u011f\u0131n\u0131 s\u00f6ylemi\u015ftim ama biz \u00e7\u00f6z\u00fcmleri bulduk. Penalt\u0131 da kazand\u0131k, atmam\u0131z gerekiyordu, olmad\u0131. Penalt\u0131 ka\u00e7t\u0131ktan sonra bir \u015feyler k\u0131r\u0131ld\u0131. \u0130lk gol ta\u00e7tan geldi.&#8221;<\/p>\n<\/blockquote>\n\n\n\n<h3 class=\"wp-block-heading\">&#8220;S\u0131f\u0131r Gol \u00c7\u0131lg\u0131nca Bir Durum&#8221;<\/h3>\n\n\n\n<p>\u0130kinci yar\u0131da ya\u015fanan talihsizlikleri &#8220;sindirilmesi zor&#8221; olarak niteleyen \u0130talyan teknik adam, tabelan\u0131n oyunun ger\u00e7eklerini yans\u0131tmad\u0131\u011f\u0131n\u0131 savundu:<\/p>\n\n\n\n<p>&#8220;\u0130kinci yar\u0131 olanlar\u0131 sindirmek zor. Penalt\u0131 aleyhinize, k\u0131rm\u0131z\u0131 kart. Sonra da kendi kalemize gol att\u0131k. S\u0131f\u0131r gol \u00e7\u0131lg\u0131nca. Ka\u00e7an penalt\u0131 var, net pozisyonlar var, kar\u015f\u0131 kar\u015f\u0131ya pozisyonlar var. Galatasaray&#8217;\u0131n da iyi oldu\u011funu kabul etmek gerekiyor. Bu ak\u015fam iyi bir rakibe kar\u015f\u0131 oynad\u0131k.&#8221;<\/p>\n\n\n\n<hr class=\"wp-block-separator has-alpha-channel-opacity\"\/>\n\n\n\n<h3 class=\"wp-block-heading\">Eksikler ve \u015eampiyonluk Yar\u0131\u015f\u0131<\/h3>\n\n\n\n<p>Puan fark\u0131n\u0131n 7\u2019ye \u00e7\u0131kmas\u0131na ra\u011fmen pes etmeyeceklerinin sinyalini veren Tedesco, gelecek haftaki Ba\u015fak\u015fehir ma\u00e7\u0131 \u00f6ncesi kadro s\u0131k\u0131nt\u0131s\u0131na dikkat \u00e7ekti:<\/p>\n\n\n\n<ul class=\"wp-block-list\">\n<li><strong>Puan Fark\u0131:<\/strong> &#8220;Puan fark\u0131 7. Daha \u00f6nce 7-8 olmu\u015ftu sezon i\u00e7inde. Bizim yapmam\u0131z gereken i\u015fimize bakmak.&#8221;<\/li>\n\n\n\n<li><strong>Kritik Eksikler:<\/strong> &#8220;Ba\u015fak\u015fehir ma\u00e7\u0131 var, o ma\u00e7ta <strong>Ederson, Mert ve Guendouzi<\/strong> olmayacak. Bu sezon bir\u00e7ok ma\u00e7ta \u00e7ok eksik oynad\u0131k. Bu da i\u015fimizi zorla\u015ft\u0131rd\u0131.&#8221;<\/li>\n<\/ul>\n\n\n\n<p>Domenico Tedesco, a\u00e7\u0131klamalar\u0131n\u0131 &#8220;Ben art\u0131k bir sonraki konuya odaklanaca\u011f\u0131m&#8221; diyerek noktalad\u0131.<\/p>\n\n\n\n<hr class=\"wp-block-separator has-alpha-channel-opacity\"\/>\n\n\n\n<p><a href=\"https:\/\/www.fotomac.com.tr\/fenerbahce\/2026\/04\/26\/domenico-tedesco-iyi-olduklarini-kabul-etmeliyiz\">https:\/\/www.fotomac.com.tr\/fenerbahce\/2026\/04\/26\/domenico-tedesco-iyi-olduklarini-kabul-etmeliyiz<\/a><\/p>\n","protected":false},"excerpt":{"rendered":"<p>Trendyol S\u00fcper Lig\u2019in 31. haftas\u0131nda \u015fampiyonluk yolundaki en kritik s\u0131nav\u0131na \u00e7\u0131kan Fenerbah\u00e7e, deplasmanda Galatasaray\u2019a 3-0 ma\u011flup oldu. Kar\u015f\u0131la\u015fman\u0131n ard\u0131ndan kameralar kar\u015f\u0131s\u0131na ge\u00e7en teknik direkt\u00f6r Domenico Tedesco, RAMS Park\u2019taki ma\u011flubiyeti ve \u015fampiyonluk yar\u0131\u015f\u0131ndaki son durumu de\u011ferlendirdi. &#8220;Penalt\u0131dan Sonra Bir \u015eeyler K\u0131r\u0131ld\u0131&#8221; M\u00fccadeleye asl\u0131nda planlad\u0131klar\u0131 gibi ba\u015flad\u0131klar\u0131n\u0131 dile getiren Tedesco, ka\u00e7an f\u0131rsatlara ve oyunun gidi\u015fat\u0131na vurgu yapt\u0131: [&hellip;]<\/p>\n","protected":false},"author":4,"featured_media":4935,"comment_status":"open","ping_status":"open","sticky":false,"template":"","format":"standard","meta":{"_jetpack_memberships_contains_paid_content":false,"footnotes":""},"categories":[9],"tags":[],"class_list":["post-4934","post","type-post","status-publish","format-standard","has-post-thumbnail","hentry","category-spor"],"jetpack_featured_media_url":"https:\/\/odakhaber.site\/wp-content\/uploads\/2026\/04\/829x469-domenico-tedesco-iyi-olduklarini-kabul-etmeliyiz-1777233680857.jpeg","jetpack_sharing_enabled":true,"_links":{"self":[{"href":"https:\/\/odakhaber.site\/index.php?rest_route=\/wp\/v2\/posts\/4934","targetHints":{"allow":["GET"]}}],"collection":[{"href":"https:\/\/odakhaber.site\/index.php?rest_route=\/wp\/v2\/posts"}],"about":[{"href":"https:\/\/odakhaber.site\/index.php?rest_route=\/wp\/v2\/types\/post"}],"author":[{"embeddable":true,"href":"https:\/\/odakhaber.site\/index.php?rest_route=\/wp\/v2\/users\/4"}],"replies":[{"embeddable":true,"href":"https:\/\/odakhaber.site\/index.php?rest_route=%2Fwp%2Fv2%2Fcomments&post=4934"}],"version-history":[{"count":1,"href":"https:\/\/odakhaber.site\/index.php?rest_route=\/wp\/v2\/posts\/4934\/revisions"}],"predecessor-version":[{"id":4936,"href":"https:\/\/odakhaber.site\/index.php?rest_route=\/wp\/v2\/posts\/4934\/revisions\/4936"}],"wp:featuredmedia":[{"embeddable":true,"href":"https:\/\/odakhaber.site\/index.php?rest_route=\/wp\/v2\/media\/4935"}],"wp:attachment":[{"href":"https:\/\/odakhaber.site\/index.php?rest_route=%2Fwp%2Fv2%2Fmedia&parent=4934"}],"wp:term":[{"taxonomy":"category","embeddable":true,"href":"https:\/\/odakhaber.site\/index.php?rest_route=%2Fwp%2Fv2%2Fcategories&post=4934"},{"taxonomy":"post_tag","embeddable":true,"href":"https:\/\/odakhaber.site\/index.php?rest_route=%2Fwp%2Fv2%2Ftags&post=4934"}],"curies":[{"name":"wp","href":"https:\/\/api.w.org\/{rel}","templated":true}]}}