{"id":4943,"date":"2026-04-27T15:16:49","date_gmt":"2026-04-27T15:16:49","guid":{"rendered":"https:\/\/odakhaber.site\/?p=4943"},"modified":"2026-04-27T15:16:49","modified_gmt":"2026-04-27T15:16:49","slug":"galatasaray-fenerbahce-derbisi-dunya-basininda-75-milyon-euronun-karsiligi","status":"publish","type":"post","link":"https:\/\/odakhaber.site\/?p=4943","title":{"rendered":"Galatasaray \u2013 Fenerbah\u00e7e Derbisi D\u00fcnya Bas\u0131n\u0131nda: \u201c75 Milyon Euro\u2019nun Kar\u015f\u0131l\u0131\u011f\u0131\u201d"},"content":{"rendered":"\n<figure class=\"wp-block-image\"><img decoding=\"async\" src=\"https:\/\/mavimanset.com\/wp-content\/uploads\/2026\/04\/img_6191.jpg\" alt=\"\"\/><\/figure>\n\n\n\n<p>S\u00fcper Lig\u2019in 31. haftas\u0131nda Galatasaray, sahas\u0131nda Fenerbah\u00e7e\u2019yi 3-0 ma\u011flup ederek \u015fampiyonluk yolunda b\u00fcy\u00fck bir avantaj elde etti. Derbi, d\u00fcnya bas\u0131n\u0131nda geni\u015f yank\u0131 uyand\u0131rd\u0131.<\/p>\n\n\n\n<p>Sar\u0131-k\u0131rm\u0131z\u0131l\u0131 ekip, Victor Osimhen, Bar\u0131\u015f Alper Y\u0131lmaz ve Lucas Torreira\u2019n\u0131n golleriyle galibiyete uzan\u0131rken puan\u0131n\u0131 74\u2019e y\u00fckseltti ve rakibiyle aras\u0131ndaki fark\u0131 a\u00e7t\u0131.<\/p>\n\n\n\n<p>\u0130spanyol bas\u0131n\u0131ndan AS, Galatasaray\u2019\u0131n bu galibiyetle \u201c\u015fampiyonlu\u011fa giden yolda belirleyici bir ad\u0131m att\u0131\u011f\u0131n\u0131\u201d vurgulad\u0131. Marca ise Victor Osimhen\u2019in performans\u0131na dikkat \u00e7ekerek \u201c\u0130\u015fte bu y\u00fczden Galatasaray Osimhen\u2019e 75 milyon Euro \u00f6dedi\u201d yorumunu yapt\u0131.<\/p>\n\n\n\n<p>Alman bas\u0131n\u0131ndan Spox ve Kicker, sar\u0131-k\u0131rm\u0131z\u0131l\u0131lar\u0131n ezeli rakibi kar\u015f\u0131s\u0131nda ald\u0131\u011f\u0131 net galibiyetin \u015fampiyonluk yar\u0131\u015f\u0131n\u0131 b\u00fcy\u00fck \u00f6l\u00e7\u00fcde \u015fekillendirdi\u011fini yazd\u0131.<\/p>\n\n\n\n<p>Frans\u0131z medyas\u0131ndan L\u2019\u00c9quipe, Foot Mercato ve So Foot, Galatasaray\u2019\u0131n \u201cezici bir skorla kazand\u0131\u011f\u0131n\u0131\u201d ve \u015fampiyonlu\u011fa emin ad\u0131mlarla ilerledi\u011fini ifade etti.<\/p>\n\n\n\n<p>\u0130talyan bas\u0131n\u0131ndan Calciomercato, derbiyi Avrupa\u2019n\u0131n en \u00f6nemli kar\u015f\u0131la\u015fmalar\u0131ndan biri olarak nitelendirirken, \u0130ngiliz bas\u0131n\u0131ndan BBC Sport ise Galatasaray\u2019\u0131n liderli\u011fini peki\u015ftirerek \u015fampiyonlu\u011fa \u00e7ok yakla\u015ft\u0131\u011f\u0131n\u0131 aktard\u0131.<\/p>\n\n\n\n<p>KARDE\u015e HABER<\/p>\n\n\n\n<figure class=\"wp-block-embed is-type-wp-embed is-provider-mavi-man-et wp-block-embed-mavi-man-et\"><div class=\"wp-block-embed__wrapper\">\n<blockquote class=\"wp-embedded-content\" data-secret=\"4TvMDJmmMT\"><a href=\"https:\/\/mavimanset.com\/2026\/04\/27\/galatasaray-fenerbahce-derbisi-dunya-basininda-75-milyon-euronun-karsiligi\/\">Galatasaray \u2013 Fenerbah\u00e7e Derbisi D\u00fcnya Bas\u0131n\u0131nda: \u201c75 Milyon Euro\u2019nun Kar\u015f\u0131l\u0131\u011f\u0131\u201d<\/a><\/blockquote><iframe loading=\"lazy\" class=\"wp-embedded-content\" sandbox=\"allow-scripts\" security=\"restricted\" style=\"position: absolute; visibility: hidden;\" title=\"&#8220;Galatasaray \u2013 Fenerbah\u00e7e Derbisi D\u00fcnya Bas\u0131n\u0131nda: \u201c75 Milyon Euro\u2019nun Kar\u015f\u0131l\u0131\u011f\u0131\u201d&#8221; &#8212; Mavi Man\u015fet\" src=\"https:\/\/mavimanset.com\/2026\/04\/27\/galatasaray-fenerbahce-derbisi-dunya-basininda-75-milyon-euronun-karsiligi\/embed\/#?secret=TcKjwne5l3#?secret=4TvMDJmmMT\" data-secret=\"4TvMDJmmMT\" width=\"600\" height=\"338\" frameborder=\"0\" marginwidth=\"0\" marginheight=\"0\" scrolling=\"no\"><\/iframe>\n<\/div><\/figure>\n","protected":false},"excerpt":{"rendered":"<p>S\u00fcper Lig\u2019in 31. haftas\u0131nda Galatasaray, sahas\u0131nda Fenerbah\u00e7e\u2019yi 3-0 ma\u011flup ederek \u015fampiyonluk yolunda b\u00fcy\u00fck bir avantaj elde etti. Derbi, d\u00fcnya bas\u0131n\u0131nda geni\u015f yank\u0131 uyand\u0131rd\u0131. Sar\u0131-k\u0131rm\u0131z\u0131l\u0131 ekip, Victor Osimhen, Bar\u0131\u015f Alper Y\u0131lmaz ve Lucas Torreira\u2019n\u0131n golleriyle galibiyete uzan\u0131rken puan\u0131n\u0131 74\u2019e y\u00fckseltti ve rakibiyle aras\u0131ndaki fark\u0131 a\u00e7t\u0131. \u0130spanyol bas\u0131n\u0131ndan AS, Galatasaray\u2019\u0131n bu galibiyetle \u201c\u015fampiyonlu\u011fa giden yolda belirleyici bir [&hellip;]<\/p>\n","protected":false},"author":4,"featured_media":4944,"comment_status":"open","ping_status":"open","sticky":false,"template":"","format":"standard","meta":{"_jetpack_memberships_contains_paid_content":false,"footnotes":""},"categories":[9],"tags":[],"class_list":["post-4943","post","type-post","status-publish","format-standard","has-post-thumbnail","hentry","category-spor"],"jetpack_featured_media_url":"https:\/\/odakhaber.site\/wp-content\/uploads\/2026\/04\/img_6191.jpg","jetpack_sharing_enabled":true,"_links":{"self":[{"href":"https:\/\/odakhaber.site\/index.php?rest_route=\/wp\/v2\/posts\/4943","targetHints":{"allow":["GET"]}}],"collection":[{"href":"https:\/\/odakhaber.site\/index.php?rest_route=\/wp\/v2\/posts"}],"about":[{"href":"https:\/\/odakhaber.site\/index.php?rest_route=\/wp\/v2\/types\/post"}],"author":[{"embeddable":true,"href":"https:\/\/odakhaber.site\/index.php?rest_route=\/wp\/v2\/users\/4"}],"replies":[{"embeddable":true,"href":"https:\/\/odakhaber.site\/index.php?rest_route=%2Fwp%2Fv2%2Fcomments&post=4943"}],"version-history":[{"count":1,"href":"https:\/\/odakhaber.site\/index.php?rest_route=\/wp\/v2\/posts\/4943\/revisions"}],"predecessor-version":[{"id":4945,"href":"https:\/\/odakhaber.site\/index.php?rest_route=\/wp\/v2\/posts\/4943\/revisions\/4945"}],"wp:featuredmedia":[{"embeddable":true,"href":"https:\/\/odakhaber.site\/index.php?rest_route=\/wp\/v2\/media\/4944"}],"wp:attachment":[{"href":"https:\/\/odakhaber.site\/index.php?rest_route=%2Fwp%2Fv2%2Fmedia&parent=4943"}],"wp:term":[{"taxonomy":"category","embeddable":true,"href":"https:\/\/odakhaber.site\/index.php?rest_route=%2Fwp%2Fv2%2Fcategories&post=4943"},{"taxonomy":"post_tag","embeddable":true,"href":"https:\/\/odakhaber.site\/index.php?rest_route=%2Fwp%2Fv2%2Ftags&post=4943"}],"curies":[{"name":"wp","href":"https:\/\/api.w.org\/{rel}","templated":true}]}}