{"id":4952,"date":"2026-04-27T15:20:46","date_gmt":"2026-04-27T15:20:46","guid":{"rendered":"https:\/\/odakhaber.site\/?p=4952"},"modified":"2026-04-27T15:20:46","modified_gmt":"2026-04-27T15:20:46","slug":"sultanlar-liginin-yeni-yuzu-manisada-transfer-bombasi-ivana-vanjak-imzayi-atti","status":"publish","type":"post","link":"https:\/\/odakhaber.site\/?p=4952","title":{"rendered":"Sultanlar Ligi&#8217;nin Yeni Y\u00fcz\u00fc Manisa&#8217;da Transfer Bombas\u0131: Ivana Vanjak \u0130mzay\u0131 Att\u0131"},"content":{"rendered":"\n<p>Sultanlar Ligi\u2019ne bu sezon taze bir kan olarak giri\u015f yapan <strong>Vestel Manisa B\u00fcy\u00fck\u015fehir Belediyespor<\/strong>, kadrosunu g\u00fc\u00e7lendirme \u00e7al\u0131\u015fmalar\u0131na h\u0131z kesmeden devam ediyor. Manisa temsilcisi, voleybol d\u00fcnyas\u0131n\u0131n tecr\u00fcbeli isimlerinden biriyle anla\u015fma sa\u011flayarak ligdeki iddias\u0131n\u0131 ortaya koydu.<\/p>\n\n\n\n<hr class=\"wp-block-separator has-alpha-channel-opacity\"\/>\n\n\n\n<h3 class=\"wp-block-heading\">Tecr\u00fcbeli Sma\u00e7\u00f6r Yeniden T\u00fcrkiye\u2019de<\/h3>\n\n\n\n<p>Manisa ekibi, son olarak 30 ya\u015f\u0131nda ve 1.93 boyundaki Alman sma\u00e7\u00f6r <strong>Ivana Vanjak<\/strong> ile el s\u0131k\u0131\u015ft\u0131. Kariyerinde \u00f6nemli duraklar\u0131 bulunan Vanjak, hem fiziksel avantaj\u0131 hem de tecr\u00fcbesiyle Manisa temsilcisinin h\u00fccum hatt\u0131ndaki en \u00f6nemli kozlar\u0131ndan biri olacak.<\/p>\n\n\n\n<h3 class=\"wp-block-heading\">Kariyer Yolculu\u011fu ve T\u00fcrkiye Ge\u00e7mi\u015fi<\/h3>\n\n\n\n<p>Voleybolseverlerin yabanc\u0131 olmad\u0131\u011f\u0131 Ivana Vanjak, \u00fclkemizdeki voleybol atmosferine olduk\u00e7a a\u015fina bir isim. Alman oyuncunun kariyerindeki \u00f6ne \u00e7\u0131kan sat\u0131r ba\u015flar\u0131 ise \u015f\u00f6yle:<\/p>\n\n\n\n<ul class=\"wp-block-list\">\n<li><strong>T\u00fcrkiye Deneyimi:<\/strong> 2021-22 sezonunda Kuzeyboru formas\u0131yla ligimizde ba\u015far\u0131l\u0131 bir performans sergilemi\u015fti.<\/li>\n\n\n\n<li><strong>K\u00fcresel Tecr\u00fcbe:<\/strong> Ge\u00e7ti\u011fimiz sezonu olduk\u00e7a hareketli ge\u00e7iren oyuncu; \u0130talya&#8217;da <strong>Perugia Volley<\/strong>, \u00c7in&#8217;de <strong>Hennan<\/strong> ve son olarak <strong>Ha Noi<\/strong> tak\u0131mlar\u0131nda g\u00f6rev alarak farkl\u0131 ekollerde deneyim kazand\u0131.<\/li>\n<\/ul>\n\n\n\n<hr class=\"wp-block-separator has-alpha-channel-opacity\"\/>\n\n\n\n<h3 class=\"wp-block-heading\">Manisa\u2019da Hedef Kal\u0131c\u0131l\u0131k<\/h3>\n\n\n\n<p>Sultanlar Ligi\u2019nin yeni ekibi olan Vestel Manisa B\u00fcy\u00fck\u015fehir Belediyespor, ger\u00e7ekle\u015ftirdi\u011fi bu hamleyle sadece bir transfer yapm\u0131yor, ayn\u0131 zamanda ligdeki kal\u0131c\u0131l\u0131\u011f\u0131n\u0131 ve rekabet\u00e7i kimli\u011fini de peki\u015ftiriyor. Vanjak\u2019\u0131n tak\u0131ma kat\u0131lmas\u0131yla birlikte Manisa ekibinin transfer harekat\u0131nda vites y\u00fckseltmeye devam etmesi bekleniyor.<\/p>\n\n\n\n<p><a href=\"https:\/\/www.fotomac.com.tr\/voleybol\/2026\/04\/27\/vanjak-manisada\">https:\/\/www.fotomac.com.tr\/voleybol\/2026\/04\/27\/vanjak-manisada<\/a><\/p>\n","protected":false},"excerpt":{"rendered":"<p>Sultanlar Ligi\u2019ne bu sezon taze bir kan olarak giri\u015f yapan Vestel Manisa B\u00fcy\u00fck\u015fehir Belediyespor, kadrosunu g\u00fc\u00e7lendirme \u00e7al\u0131\u015fmalar\u0131na h\u0131z kesmeden devam ediyor. Manisa temsilcisi, voleybol d\u00fcnyas\u0131n\u0131n tecr\u00fcbeli isimlerinden biriyle anla\u015fma sa\u011flayarak ligdeki iddias\u0131n\u0131 ortaya koydu. Tecr\u00fcbeli Sma\u00e7\u00f6r Yeniden T\u00fcrkiye\u2019de Manisa ekibi, son olarak 30 ya\u015f\u0131nda ve 1.93 boyundaki Alman sma\u00e7\u00f6r Ivana Vanjak ile el s\u0131k\u0131\u015ft\u0131. Kariyerinde [&hellip;]<\/p>\n","protected":false},"author":4,"featured_media":4953,"comment_status":"open","ping_status":"open","sticky":false,"template":"","format":"standard","meta":{"_jetpack_memberships_contains_paid_content":false,"footnotes":""},"categories":[9],"tags":[],"class_list":["post-4952","post","type-post","status-publish","format-standard","has-post-thumbnail","hentry","category-spor"],"jetpack_featured_media_url":"https:\/\/odakhaber.site\/wp-content\/uploads\/2026\/04\/829x469-vanjak-manisada-1777236609063.png","jetpack_sharing_enabled":true,"_links":{"self":[{"href":"https:\/\/odakhaber.site\/index.php?rest_route=\/wp\/v2\/posts\/4952","targetHints":{"allow":["GET"]}}],"collection":[{"href":"https:\/\/odakhaber.site\/index.php?rest_route=\/wp\/v2\/posts"}],"about":[{"href":"https:\/\/odakhaber.site\/index.php?rest_route=\/wp\/v2\/types\/post"}],"author":[{"embeddable":true,"href":"https:\/\/odakhaber.site\/index.php?rest_route=\/wp\/v2\/users\/4"}],"replies":[{"embeddable":true,"href":"https:\/\/odakhaber.site\/index.php?rest_route=%2Fwp%2Fv2%2Fcomments&post=4952"}],"version-history":[{"count":1,"href":"https:\/\/odakhaber.site\/index.php?rest_route=\/wp\/v2\/posts\/4952\/revisions"}],"predecessor-version":[{"id":4954,"href":"https:\/\/odakhaber.site\/index.php?rest_route=\/wp\/v2\/posts\/4952\/revisions\/4954"}],"wp:featuredmedia":[{"embeddable":true,"href":"https:\/\/odakhaber.site\/index.php?rest_route=\/wp\/v2\/media\/4953"}],"wp:attachment":[{"href":"https:\/\/odakhaber.site\/index.php?rest_route=%2Fwp%2Fv2%2Fmedia&parent=4952"}],"wp:term":[{"taxonomy":"category","embeddable":true,"href":"https:\/\/odakhaber.site\/index.php?rest_route=%2Fwp%2Fv2%2Fcategories&post=4952"},{"taxonomy":"post_tag","embeddable":true,"href":"https:\/\/odakhaber.site\/index.php?rest_route=%2Fwp%2Fv2%2Ftags&post=4952"}],"curies":[{"name":"wp","href":"https:\/\/api.w.org\/{rel}","templated":true}]}}