{"id":4960,"date":"2026-04-27T17:29:56","date_gmt":"2026-04-27T17:29:56","guid":{"rendered":"https:\/\/odakhaber.site\/?p=4960"},"modified":"2026-04-27T17:29:56","modified_gmt":"2026-04-27T17:29:56","slug":"catalca-sinemayla-yeniden-bulusuyor-ilk-film-festivali-icin-geri-sayim-basladi","status":"publish","type":"post","link":"https:\/\/odakhaber.site\/?p=4960","title":{"rendered":"\u00c7atalca Sinemayla Yeniden Bulu\u015fuyor: \u0130lk Film Festivali \u0130\u00e7in Geri Say\u0131m Ba\u015flad\u0131"},"content":{"rendered":"\n<p>\u0130stanbul\u2019un tarih\u00ee ve do\u011fal dokusuyla \u00f6ne \u00e7\u0131kan il\u00e7esi \u00c7atalca, 2026 yaz\u0131nda sinema d\u00fcnyas\u0131na merhaba demeye haz\u0131rlan\u0131yor.&nbsp;<strong>\u00c7atalca Belediyesi<\/strong>&nbsp;\u00f6nc\u00fcl\u00fc\u011f\u00fcnde, Belediye Ba\u015fkan\u0131&nbsp;<strong>Erhan G\u00fczel<\/strong>\u2019in vizyonuyla hayata ge\u00e7irilen&nbsp;<strong>\u00c7atalca Film Festivali<\/strong>, 27-28-29 A\u011fustos 2026 tarihlerinde ilk kez kap\u0131lar\u0131n\u0131 a\u00e7acak. K\u0131sa filmi oda\u011f\u0131na alan festival, toplam&nbsp;<strong>250 bin TL<\/strong>\u2019lik \u00f6d\u00fcl fonuyla gen\u00e7 yeteneklere kap\u0131 aralarken, il\u00e7enin sinematografik haf\u0131zas\u0131n\u0131 da canland\u0131rmay\u0131 hedefliyor.<\/p>\n\n\n\n<h3 class=\"wp-block-heading\">Gen\u00e7 Sinemac\u0131lara 250 Bin TL\u2019lik Destek<\/h3>\n\n\n\n<p>Festival, sineman\u0131n en dinamik ve cesur alan\u0131 olan k\u0131sa filme \u00f6zel bir \u00f6nem atfediyor. Gen\u00e7 y\u00f6netmenlerin \u00fcretim s\u00fcre\u00e7lerini te\u015fvik etmek ve yeni anlat\u0131m dillerine alan a\u00e7mak amac\u0131yla kurgulanan organizasyon, sa\u011flad\u0131\u011f\u0131 maddi destekle dikkat \u00e7ekiyor. Toplamda 250 bin TL\u2019ye ula\u015fan \u00f6d\u00fcl havuzu, sinemaya g\u00f6n\u00fcl veren yarat\u0131c\u0131 zihinler i\u00e7in \u00f6nemli bir motivasyon kayna\u011f\u0131 sunuyor.<\/p>\n\n\n\n<h3 class=\"wp-block-heading\">Usta \u0130simler Y\u00f6netimde<\/h3>\n\n\n\n<p>Festivalin mutfa\u011f\u0131nda sekt\u00f6r\u00fcn deneyimli isimleri yer al\u0131yor. Direkt\u00f6rl\u00fc\u011f\u00fcn\u00fc y\u00f6netmen&nbsp;<strong>Cengiz \u00d6zkarabekir<\/strong>\u2019in \u00fcstlendi\u011fi festivalin genel koordinat\u00f6rl\u00fc\u011f\u00fc ise \u00f6d\u00fcll\u00fc k\u0131sa film y\u00f6netmeni&nbsp;<strong>Onur G\u00fcler<\/strong>&nbsp;taraf\u0131ndan y\u00fcr\u00fct\u00fcl\u00fcyor. Program kapsam\u0131nda sadece film g\u00f6sterimleri de\u011fil; at\u00f6lye \u00e7al\u0131\u015fmalar\u0131, sekt\u00f6r profesyonelleriyle s\u00f6yle\u015filer ve a\u00e7\u0131k hava etkinlikleri de sanatseverlerle bulu\u015facak. Ayr\u0131ca her y\u0131l, T\u00fcrk sinemas\u0131na de\u011fer katan bir isme&nbsp;<strong>\u201cOnur \u00d6d\u00fcl\u00fc\u201d<\/strong>&nbsp;takdim edilerek vefa gelene\u011fi s\u00fcrd\u00fcr\u00fclecek.<\/p>\n\n\n\n<h3 class=\"wp-block-heading\">Mek\u00e2nsal Haf\u0131za: At\u0131f Y\u0131lmaz\u2019dan G\u00fcn\u00fcm\u00fcze<\/h3>\n\n\n\n<p>\u00c7atalca\u2019n\u0131n sinemayla olan ba\u011f\u0131 asl\u0131nda \u00e7ok eskilere dayan\u0131yor. \u0130nce\u011fiz ma\u011faralar\u0131ndan geni\u015f k\u0131rsallar\u0131na kadar il\u00e7e;&nbsp;<strong>At\u0131f Y\u0131lmaz<\/strong>\u2019\u0131n&nbsp;<em>Da\u011flar\u0131 Bekleyen K\u0131z<\/em>&nbsp;filminden, Ye\u015fil\u00e7am\u2019\u0131n klasikleri&nbsp;<em>Salako<\/em>&nbsp;ve&nbsp;<em>Davaro<\/em>\u2019ya kadar pek \u00e7ok yap\u0131ma ev sahipli\u011fi yapt\u0131.<\/p>\n\n\n\n<p>Festival Direkt\u00f6r\u00fc Cengiz \u00d6zkarabekir,&nbsp;<strong>\u201cT\u00fcrk Sinemas\u0131\u2019nda \u00c7atalca\u201d<\/strong>&nbsp;de\u011ferlendirmesinde mek\u00e2n\u0131n \u00f6nemine dikkat \u00e7ekerek, y\u00f6netmenlerin mek\u00e2nsal aidiyetinin hik\u00e2yeye ruh katt\u0131\u011f\u0131n\u0131 vurguluyor. Bu festivalle birlikte, Kartal Tibet\u2019ten Yavuz Turgul\u2019a uzanan o tarih\u00ee izler, modern sineman\u0131n imk\u00e2nlar\u0131yla yeniden harmanlanacak.<\/p>\n\n\n\n<h3 class=\"wp-block-heading\">Ba\u015fvuru S\u00fcreci ve Detaylar<\/h3>\n\n\n\n<p>Sinema d\u00fcnyas\u0131na yeni bir soluk getirecek olan festivale ba\u015fvurular&nbsp;<strong>20 Nisan 2026<\/strong>&nbsp;tarihinde ba\u015flad\u0131. T\u00fcrkiye Cumhuriyeti vatanda\u015f\u0131 olan, yurt i\u00e7i veya yurt d\u0131\u015f\u0131ndaki t\u00fcm sinemac\u0131lar\u0131n kat\u0131l\u0131m\u0131na a\u00e7\u0131k olan yar\u0131\u015fma i\u00e7in son ba\u015fvuru tarihi&nbsp;<strong>26 Haziran 2026<\/strong>&nbsp;olarak belirlendi.<\/p>\n\n\n\n<blockquote class=\"wp-block-quote is-layout-flow wp-block-quote-is-layout-flow\">\n<p>Adaylar, ba\u015fvuru ko\u015fullar\u0131 ve kategori detaylar\u0131 i\u00e7in\u00a0<a href=\"https:\/\/www.google.com\/search?q=http:\/\/filmfestivali.catalca.bel.tr\" target=\"_blank\" rel=\"noreferrer noopener\">filmfestivali.catalca.bel.tr<\/a>\u00a0adresini ziyaret edebilirler.<\/p>\n<\/blockquote>\n\n\n\n<p>\u00c7atalca, bu \u00fc\u00e7 g\u00fcnl\u00fck maratonla sadece bir g\u00f6sterim merkezi de\u011fil; haf\u0131zas\u0131yla, do\u011fas\u0131yla ve sundu\u011fu olanaklarla sineman\u0131n yeni \u00e7ekim merkezi olma yolunda emin ad\u0131mlarla ilerliyor<\/p>\n\n\n\n<p><a href=\"https:\/\/www.cumhuriyet.com.tr\/kultur-sanat\/catalca-da-sinema-icin-yeni-bir-perde-aciliyor-2498968\">https:\/\/www.cumhuriyet.com.tr\/kultur-sanat\/catalca-da-sinema-icin-yeni-bir-perde-aciliyor-2498968<\/a><\/p>\n","protected":false},"excerpt":{"rendered":"<p>\u0130stanbul\u2019un tarih\u00ee ve do\u011fal dokusuyla \u00f6ne \u00e7\u0131kan il\u00e7esi \u00c7atalca, 2026 yaz\u0131nda sinema d\u00fcnyas\u0131na merhaba demeye haz\u0131rlan\u0131yor.&nbsp;\u00c7atalca Belediyesi&nbsp;\u00f6nc\u00fcl\u00fc\u011f\u00fcnde, Belediye Ba\u015fkan\u0131&nbsp;Erhan G\u00fczel\u2019in vizyonuyla hayata ge\u00e7irilen&nbsp;\u00c7atalca Film Festivali, 27-28-29 A\u011fustos 2026 tarihlerinde ilk kez kap\u0131lar\u0131n\u0131 a\u00e7acak. K\u0131sa filmi oda\u011f\u0131na alan festival, toplam&nbsp;250 bin TL\u2019lik \u00f6d\u00fcl fonuyla gen\u00e7 yeteneklere kap\u0131 aralarken, il\u00e7enin sinematografik haf\u0131zas\u0131n\u0131 da canland\u0131rmay\u0131 hedefliyor. Gen\u00e7 Sinemac\u0131lara [&hellip;]<\/p>\n","protected":false},"author":3,"featured_media":4961,"comment_status":"open","ping_status":"open","sticky":false,"template":"","format":"standard","meta":{"_jetpack_memberships_contains_paid_content":false,"footnotes":""},"categories":[3],"tags":[],"class_list":["post-4960","post","type-post","status-publish","format-standard","has-post-thumbnail","hentry","category-kultur-sanat-haberleri"],"jetpack_featured_media_url":"https:\/\/odakhaber.site\/wp-content\/uploads\/2026\/04\/IMG_2741.webp","jetpack_sharing_enabled":true,"_links":{"self":[{"href":"https:\/\/odakhaber.site\/index.php?rest_route=\/wp\/v2\/posts\/4960","targetHints":{"allow":["GET"]}}],"collection":[{"href":"https:\/\/odakhaber.site\/index.php?rest_route=\/wp\/v2\/posts"}],"about":[{"href":"https:\/\/odakhaber.site\/index.php?rest_route=\/wp\/v2\/types\/post"}],"author":[{"embeddable":true,"href":"https:\/\/odakhaber.site\/index.php?rest_route=\/wp\/v2\/users\/3"}],"replies":[{"embeddable":true,"href":"https:\/\/odakhaber.site\/index.php?rest_route=%2Fwp%2Fv2%2Fcomments&post=4960"}],"version-history":[{"count":1,"href":"https:\/\/odakhaber.site\/index.php?rest_route=\/wp\/v2\/posts\/4960\/revisions"}],"predecessor-version":[{"id":4962,"href":"https:\/\/odakhaber.site\/index.php?rest_route=\/wp\/v2\/posts\/4960\/revisions\/4962"}],"wp:featuredmedia":[{"embeddable":true,"href":"https:\/\/odakhaber.site\/index.php?rest_route=\/wp\/v2\/media\/4961"}],"wp:attachment":[{"href":"https:\/\/odakhaber.site\/index.php?rest_route=%2Fwp%2Fv2%2Fmedia&parent=4960"}],"wp:term":[{"taxonomy":"category","embeddable":true,"href":"https:\/\/odakhaber.site\/index.php?rest_route=%2Fwp%2Fv2%2Fcategories&post=4960"},{"taxonomy":"post_tag","embeddable":true,"href":"https:\/\/odakhaber.site\/index.php?rest_route=%2Fwp%2Fv2%2Ftags&post=4960"}],"curies":[{"name":"wp","href":"https:\/\/api.w.org\/{rel}","templated":true}]}}