{"id":4977,"date":"2026-04-27T18:30:48","date_gmt":"2026-04-27T18:30:48","guid":{"rendered":"https:\/\/odakhaber.site\/?p=4977"},"modified":"2026-04-27T18:30:48","modified_gmt":"2026-04-27T18:30:48","slug":"cosmeticorexia-cocuklarda-ve-genclerde-yeni-tehlike-kozmetik-takintisi","status":"publish","type":"post","link":"https:\/\/odakhaber.site\/?p=4977","title":{"rendered":"&#8220;Cosmeticorexia&#8221;: \u00c7ocuklarda ve Gen\u00e7lerde Yeni Tehlike: Kozmetik Tak\u0131nt\u0131s\u0131"},"content":{"rendered":"\n<p>Son y\u0131llarda kozmetik ma\u011fazalar\u0131nda \u00fcr\u00fcn deneyen \u00e7ocuklar\u0131n say\u0131s\u0131ndaki art\u0131\u015f ve sosyal medyadaki yo\u011fun cilt bak\u0131m\u0131 videolar\u0131, uzmanlar\u0131 harekete ge\u00e7irdi. Literat\u00fcre\u00a0&#8220;cosmeticorexia&#8221;\u00a0olarak giren bu kavram, \u00e7ocuklar\u0131n ve gen\u00e7lerin kusursuz bir cilt arzusuyla kozmetik \u00fcr\u00fcnlere tak\u0131nt\u0131l\u0131 hale gelmesini tan\u0131ml\u0131yor.<\/p>\n\n\n\n<hr class=\"wp-block-separator has-alpha-channel-opacity\"\/>\n\n\n\n<h3 class=\"wp-block-heading\">Fiziksel ve Psikolojik Riskler<\/h3>\n\n\n\n<p>Dermatolog&nbsp;<strong>Giovanni Damiani<\/strong>&#8216;nin \u0130talya&#8217;da y\u00fcr\u00fctt\u00fc\u011f\u00fc \u00e7al\u0131\u015fmalar, bu ak\u0131m\u0131n sadece estetik bir merak olmad\u0131\u011f\u0131n\u0131, ciddi sa\u011fl\u0131k sorunlar\u0131n\u0131 beraberinde getirdi\u011fini g\u00f6steriyor:<\/p>\n\n\n\n<ul class=\"wp-block-list\">\n<li><strong>Cilt Hasar\u0131:<\/strong>\u00a08-14 ya\u015f aras\u0131 \u00e7ocuklarda, t\u0131bbi \u00f6neri olmadan kullan\u0131lan g\u00fc\u00e7l\u00fc i\u00e7erikli (anti-aging, asitler vb.) \u00fcr\u00fcnler nedeniyle cilt tahri\u015fi ve alerjik reaksiyon vakalar\u0131nda art\u0131\u015f g\u00f6r\u00fcl\u00fcyor.<\/li>\n\n\n\n<li><strong>Sosyal \u0130zolasyon:<\/strong>\u00a0Tak\u0131nt\u0131 seviyesine ula\u015fan bu durum, \u00e7ocuklar\u0131n makyajs\u0131z d\u0131\u015far\u0131 \u00e7\u0131kmak istememesine ve di\u011fer ilgi alanlar\u0131ndan uzakla\u015fmas\u0131na neden oluyor.<\/li>\n\n\n\n<li><strong>Beden Alg\u0131s\u0131 Bozuklu\u011fu:<\/strong>\u00a0Uzmanlar, bu e\u011filimin\u00a0V\u00fccut Dismorfik Bozuklu\u011fu\u00a0gibi ciddi psikolojik sorunlar\u0131n \u00f6nc\u00fcs\u00fc olabilece\u011fi konusunda uyar\u0131yor.<\/li>\n<\/ul>\n\n\n\n<h3 class=\"wp-block-heading\">Uzman G\u00f6r\u00fc\u015fleri: Bir Hastal\u0131k m\u0131, Yoksa Belirti mi?<\/h3>\n\n\n\n<p>Kavram\u0131n klinik bir tan\u0131 olup olmad\u0131\u011f\u0131 konusunda uzmanlar aras\u0131nda farkl\u0131 g\u00f6r\u00fc\u015fler mevcut:<\/p>\n\n\n\n<ul class=\"wp-block-list\">\n<li><strong>Butterfly Foundation (Grace Collinson):<\/strong>\u00a0Gen\u00e7lerde d\u0131\u015f g\u00f6r\u00fcn\u00fc\u015fe ba\u011fl\u0131 stresin artt\u0131\u011f\u0131n\u0131, &#8220;kusursuzluk&#8221; arzusunun kayg\u0131 ve d\u00fc\u015f\u00fck \u00f6zsayg\u0131 gibi daha geni\u015f sorunlar\u0131n par\u00e7as\u0131 oldu\u011funu belirtiyor.<\/li>\n\n\n\n<li><strong>Psikolog Jasmine Fardouly:<\/strong>\u00a0Her d\u0131\u015f g\u00f6r\u00fcn\u00fc\u015f memnuniyetsizli\u011finin klinik bir sorun olmad\u0131\u011f\u0131n\u0131, yeni terimlerin bazen mevcut bozukluklarla \u00f6rt\u00fc\u015ferek karma\u015fa yaratabilece\u011fini savunuyor.<\/li>\n\n\n\n<li><strong>Dermatolog Deshan Sebaratnam:<\/strong>\u00a0Bu durumu &#8220;eski bir sorunun yeni ad\u0131&#8221; olarak tan\u0131ml\u0131yor ve genellikle\u00a0<strong>Obsesif Kompulsif Bozukluk (OKB)<\/strong>\u00a0veya beden alg\u0131s\u0131 bozukluklar\u0131n\u0131n bir uzant\u0131s\u0131 oldu\u011funu ifade ediyor.<\/li>\n<\/ul>\n\n\n\n<hr class=\"wp-block-separator has-alpha-channel-opacity\"\/>\n\n\n\n<h3 class=\"wp-block-heading\">Dijital D\u00fcnyan\u0131n Etkisi<\/h3>\n\n\n\n<p>Uzmanlara g\u00f6re cosmeticorexia\u2019n\u0131n arkas\u0131ndaki en b\u00fcy\u00fck g\u00fc\u00e7, bireysel tercihlerden ziyade t\u00fcketim k\u00fclt\u00fcr\u00fc ve dijital d\u00fcnya:<\/p>\n\n\n\n<ol start=\"1\" class=\"wp-block-list\">\n<li><strong>Sosyal Medya ve Filtreler:<\/strong>\u00a0Yapay zeka destekli g\u00f6rseller ve dijital filtreler, ger\u00e7ek\u00e7i olmayan g\u00fczellik standartlar\u0131 yarat\u0131yor.<\/li>\n\n\n\n<li><strong>Influencer Etkisi:<\/strong>\u00a0&#8220;Haz\u0131rlan benimle&#8221; videolar\u0131 ve hedefli reklamlar, gen\u00e7lere s\u00fcrekli olarak &#8220;iyile\u015ftirilmesi gereken&#8221; bir g\u00f6r\u00fcn\u00fcm fikri a\u015f\u0131l\u0131yor.<\/li>\n\n\n\n<li><strong>Ticari Unsur:<\/strong>\u00a0Kusurlar, estetik bir problemden ziyade ticari bir f\u0131rsata d\u00f6n\u00fc\u015ft\u00fcr\u00fclerek \u00e7ocuklara pazarlan\u0131yor.<\/li>\n<\/ol>\n\n\n\n<blockquote class=\"wp-block-quote is-layout-flow wp-block-quote-is-layout-flow\">\n<p>&#8220;As\u0131l dikkat edilmesi gereken nokta, \u00e7ocuklar\u0131n \u00e7ok erken ya\u015fta g\u00f6r\u00fcn\u00fc\u015fleri \u00fczerinden de\u011fer bi\u00e7ilen bir k\u00fclt\u00fcrle kar\u015f\u0131 kar\u015f\u0131ya kalmas\u0131d\u0131r.&#8221;<\/p>\n<\/blockquote>\n\n\n\n<p>Ara\u015ft\u0131rmalar, cosmeticorexia\u2019n\u0131n ba\u011f\u0131ms\u0131z bir klinik durum olup olmad\u0131\u011f\u0131n\u0131 hen\u00fcz netle\u015ftirmi\u015f de\u011fil. Ancak uzmanlar, \u00e7ocuklar\u0131n do\u011fal geli\u015fim s\u00fcre\u00e7lerine m\u00fcdahale eden bu yo\u011fun kozmetik kullan\u0131m\u0131n\u0131n uzun vadeli psikolojik ve fiziksel etkileri konusunda ebeveynleri dikkatli olmaya \u00e7a\u011f\u0131r\u0131yor.<\/p>\n\n\n\n<p><a href=\"https:\/\/gazeteoksijen.com\/saglik\/uzmanlar-adina-cosmeticorexia-diyor-cocuk-ve-genclerde-kozmetik-takintilar-artiyor-273598\">https:\/\/gazeteoksijen.com\/saglik\/uzmanlar-adina-cosmeticorexia-diyor-cocuk-ve-genclerde-kozmetik-takintilar-artiyor-273598<\/a><\/p>\n\n\n\n<p><\/p>\n","protected":false},"excerpt":{"rendered":"<p>Son y\u0131llarda kozmetik ma\u011fazalar\u0131nda \u00fcr\u00fcn deneyen \u00e7ocuklar\u0131n say\u0131s\u0131ndaki art\u0131\u015f ve sosyal medyadaki yo\u011fun cilt bak\u0131m\u0131 videolar\u0131, uzmanlar\u0131 harekete ge\u00e7irdi. Literat\u00fcre\u00a0&#8220;cosmeticorexia&#8221;\u00a0olarak giren bu kavram, \u00e7ocuklar\u0131n ve gen\u00e7lerin kusursuz bir cilt arzusuyla kozmetik \u00fcr\u00fcnlere tak\u0131nt\u0131l\u0131 hale gelmesini tan\u0131ml\u0131yor. Fiziksel ve Psikolojik Riskler Dermatolog&nbsp;Giovanni Damiani&#8216;nin \u0130talya&#8217;da y\u00fcr\u00fctt\u00fc\u011f\u00fc \u00e7al\u0131\u015fmalar, bu ak\u0131m\u0131n sadece estetik bir merak olmad\u0131\u011f\u0131n\u0131, ciddi sa\u011fl\u0131k sorunlar\u0131n\u0131 [&hellip;]<\/p>\n","protected":false},"author":5,"featured_media":4978,"comment_status":"open","ping_status":"open","sticky":false,"template":"","format":"standard","meta":{"_jetpack_memberships_contains_paid_content":false,"footnotes":""},"categories":[39],"tags":[],"class_list":["post-4977","post","type-post","status-publish","format-standard","has-post-thumbnail","hentry","category-saglik-haberleri"],"jetpack_featured_media_url":"https:\/\/odakhaber.site\/wp-content\/uploads\/2026\/04\/uzmanlar-adina-cosmeticorexia-diyor-cocuk-ve-genclerde-kozmetik-takintilar-artiyor-qqer.jpg","jetpack_sharing_enabled":true,"_links":{"self":[{"href":"https:\/\/odakhaber.site\/index.php?rest_route=\/wp\/v2\/posts\/4977","targetHints":{"allow":["GET"]}}],"collection":[{"href":"https:\/\/odakhaber.site\/index.php?rest_route=\/wp\/v2\/posts"}],"about":[{"href":"https:\/\/odakhaber.site\/index.php?rest_route=\/wp\/v2\/types\/post"}],"author":[{"embeddable":true,"href":"https:\/\/odakhaber.site\/index.php?rest_route=\/wp\/v2\/users\/5"}],"replies":[{"embeddable":true,"href":"https:\/\/odakhaber.site\/index.php?rest_route=%2Fwp%2Fv2%2Fcomments&post=4977"}],"version-history":[{"count":1,"href":"https:\/\/odakhaber.site\/index.php?rest_route=\/wp\/v2\/posts\/4977\/revisions"}],"predecessor-version":[{"id":4979,"href":"https:\/\/odakhaber.site\/index.php?rest_route=\/wp\/v2\/posts\/4977\/revisions\/4979"}],"wp:featuredmedia":[{"embeddable":true,"href":"https:\/\/odakhaber.site\/index.php?rest_route=\/wp\/v2\/media\/4978"}],"wp:attachment":[{"href":"https:\/\/odakhaber.site\/index.php?rest_route=%2Fwp%2Fv2%2Fmedia&parent=4977"}],"wp:term":[{"taxonomy":"category","embeddable":true,"href":"https:\/\/odakhaber.site\/index.php?rest_route=%2Fwp%2Fv2%2Fcategories&post=4977"},{"taxonomy":"post_tag","embeddable":true,"href":"https:\/\/odakhaber.site\/index.php?rest_route=%2Fwp%2Fv2%2Ftags&post=4977"}],"curies":[{"name":"wp","href":"https:\/\/api.w.org\/{rel}","templated":true}]}}