{"id":4984,"date":"2026-04-27T19:07:54","date_gmt":"2026-04-27T19:07:54","guid":{"rendered":"https:\/\/odakhaber.site\/?p=4984"},"modified":"2026-04-27T19:07:54","modified_gmt":"2026-04-27T19:07:54","slug":"tevfik-fikretin-sanat-portresi-ressam-ve-sair-kimligiyle-yeni-bir-bakis","status":"publish","type":"post","link":"https:\/\/odakhaber.site\/?p=4984","title":{"rendered":"Tevfik Fikret\u2019in Sanat Portresi: &#8216;Ressam ve \u015eair&#8217; Kimli\u011fiyle Yeni Bir Bak\u0131\u015f"},"content":{"rendered":"\n<p>T\u00fcrk edebiyat\u0131n\u0131n modernle\u015fme s\u00fcrecindeki en etkili fig\u00fcrlerinden biri olan&nbsp;<strong>Tevfik Fikret<\/strong>, yazar&nbsp;<strong>Reha Bilge<\/strong>\u2019nin kaleminden \u00e7\u0131kan&nbsp;<strong>&#8220;Ressam ve \u015eair Tevfik Fikret&#8221;<\/strong>&nbsp;adl\u0131 eserle yeniden ke\u015ffediliyor. 15 Nisan 2026 tarihinde okurla bulu\u015fan kitap, Fikret\u2019i al\u0131\u015f\u0131lagelmi\u015f \u015fair kimli\u011finin \u00f6tesine ta\u015f\u0131yarak; ressam, e\u011fitimci ve entelekt\u00fcel y\u00f6nleriyle b\u00fct\u00fcnc\u00fcl bir perspektifte ele al\u0131yor.<\/p>\n\n\n\n<hr class=\"wp-block-separator has-alpha-channel-opacity\"\/>\n\n\n\n<h3 class=\"wp-block-heading\">\u00c7ok Boyutlu Bir Sanat\u00e7\u0131: Fikret\u2019in Tuvali ve Dizeleri<\/h3>\n\n\n\n<p>Eserin en dikkat \u00e7ekici y\u00f6nlerinden biri, Tevfik Fikret\u2019in \u015fiirlerinin g\u00f6lgesinde kalm\u0131\u015f olan&nbsp;<strong>ressaml\u0131k<\/strong>&nbsp;kariyerine odaklanmas\u0131d\u0131r. Kitap, zengin bir g\u00f6rsel ar\u015fivle desteklenerek \u015fu temel unsurlar\u0131 okura sunuyor:<\/p>\n\n\n\n<ul class=\"wp-block-list\">\n<li><strong>G\u00f6rsel ve Edebi B\u00fct\u00fcnl\u00fck:<\/strong>\u00a0Fikret\u2019in f\u0131r\u00e7as\u0131ndan \u00e7\u0131kan \u00e7izgiler ve renklerin, \u015fiir d\u00fcnyas\u0131yla nas\u0131l bir estetik ba\u011f kurdu\u011fu inceleniyor.<\/li>\n\n\n\n<li><strong>Tarihsel Tan\u0131kl\u0131klar:<\/strong>\u00a0D\u00f6nemin \u00f6nemli isimleri olan\u00a0<strong>Abdurrahman \u015eeref Efendi<\/strong>\u00a0ve\u00a0<strong>Ru\u015fen E\u015fref<\/strong>\u00a0gibi fig\u00fcrlerin g\u00f6z\u00fcnden Fikret\u2019in hayat\u0131na ve \u00e7evresine dair tan\u0131kl\u0131klar payla\u015f\u0131l\u0131yor.<\/li>\n\n\n\n<li><strong>\u00c7a\u011fda\u015f Yorum:<\/strong>\u00a019. y\u00fczy\u0131l\u0131n tart\u0131\u015fmalar\u0131ndan s\u0131yr\u0131larak, Fikret\u2019in dizelerinin 21. y\u00fczy\u0131l paradigmas\u0131 i\u00e7inde nas\u0131l bir kar\u015f\u0131l\u0131k buldu\u011fu \u00fczerine \u00f6zg\u00fcn analizler yap\u0131l\u0131yor.<\/li>\n<\/ul>\n\n\n\n<h3 class=\"wp-block-heading\">Ge\u00e7mi\u015ften Gelece\u011fe Uzanan Bir K\u00f6pr\u00fc<\/h3>\n\n\n\n<p>Reha Bilge\u2019nin uzun y\u0131llara dayanan ara\u015ft\u0131rmalar\u0131n\u0131n bir \u00fcr\u00fcn\u00fc olan bu \u00e7al\u0131\u015fma, T\u00fcrk k\u00fclt\u00fcr miras\u0131n\u0131 g\u00fcn\u00fcm\u00fcz\u00fcn sorunlar\u0131 \u00e7er\u00e7evesinde de\u011ferlendirerek d\u00fc\u015f\u00fcnd\u00fcr\u00fcc\u00fc bir boyut kat\u0131yor. Eser, Fikret\u2019i sadece tarihsel bir karakter olarak de\u011fil, d\u00fc\u015f\u00fcnsel derinli\u011fiyle evrensel bir fig\u00fcr olarak konumland\u0131r\u0131yor.<\/p>\n\n\n\n<hr class=\"wp-block-separator has-alpha-channel-opacity\"\/>\n\n\n\n<h3 class=\"wp-block-heading\">Anlaml\u0131 Bir Katk\u0131: Sanat ve Sosyal Sorumluluk<\/h3>\n\n\n\n<p><strong>Arvana Yay\u0131nlar\u0131<\/strong>&nbsp;taraf\u0131ndan yay\u0131mlanan bu \u00e7al\u0131\u015fma, tarih, edebiyat ve sanat merakl\u0131lar\u0131 i\u00e7in referans bir kaynak olma \u00f6zelli\u011fi ta\u015f\u0131yor. Kitab\u0131n sanatsal de\u011ferinin yan\u0131 s\u0131ra toplumsal bir amac\u0131 da bulunuyor:<\/p>\n\n\n\n<blockquote class=\"wp-block-quote is-layout-flow wp-block-quote-is-layout-flow\">\n<p>Eserin sat\u0131\u015f\u0131ndan elde edilecek t\u00fcm gelir,\u00a0<strong>Galatasarayl\u0131lar Yard\u0131mla\u015fma Vakf\u0131<\/strong>\u2019na ba\u011f\u0131\u015flanacakt\u0131r.<\/p>\n<\/blockquote>\n\n\n\n<p>Bu kapsaml\u0131 \u00e7al\u0131\u015fma, Tevfik Fikret\u2019in \u00e7ok katmanl\u0131 d\u00fcnyas\u0131na girmek ve onun bilinmeyen &#8220;\u00e7izgilerini&#8221; ke\u015ffetmek isteyen okurlar i\u00e7in g\u00fc\u00e7l\u00fc bir davet niteli\u011findedir.<\/p>\n\n\n\n<p><a href=\"https:\/\/www.cumhuriyet.com.tr\/kultur-sanat\/tevfik-fikret-in-bilinmeyen-cizgileri-ressam-ve-sair-kimligiyle-yeniden-okunuyor-2498912\">https:\/\/www.cumhuriyet.com.tr\/kultur-sanat\/tevfik-fikret-in-bilinmeyen-cizgileri-ressam-ve-sair-kimligiyle-yeniden-okunuyor-2498912<\/a><\/p>\n","protected":false},"excerpt":{"rendered":"<p>T\u00fcrk edebiyat\u0131n\u0131n modernle\u015fme s\u00fcrecindeki en etkili fig\u00fcrlerinden biri olan&nbsp;Tevfik Fikret, yazar&nbsp;Reha Bilge\u2019nin kaleminden \u00e7\u0131kan&nbsp;&#8220;Ressam ve \u015eair Tevfik Fikret&#8221;&nbsp;adl\u0131 eserle yeniden ke\u015ffediliyor. 15 Nisan 2026 tarihinde okurla bulu\u015fan kitap, Fikret\u2019i al\u0131\u015f\u0131lagelmi\u015f \u015fair kimli\u011finin \u00f6tesine ta\u015f\u0131yarak; ressam, e\u011fitimci ve entelekt\u00fcel y\u00f6nleriyle b\u00fct\u00fcnc\u00fcl bir perspektifte ele al\u0131yor. \u00c7ok Boyutlu Bir Sanat\u00e7\u0131: Fikret\u2019in Tuvali ve Dizeleri Eserin en dikkat [&hellip;]<\/p>\n","protected":false},"author":3,"featured_media":4985,"comment_status":"open","ping_status":"open","sticky":false,"template":"","format":"standard","meta":{"_jetpack_memberships_contains_paid_content":false,"footnotes":""},"categories":[3],"tags":[],"class_list":["post-4984","post","type-post","status-publish","format-standard","has-post-thumbnail","hentry","category-kultur-sanat-haberleri"],"jetpack_featured_media_url":"https:\/\/odakhaber.site\/wp-content\/uploads\/2026\/04\/ae9cd1e9-8592-401b-a570-523a8b0fed55.jpg.webp","jetpack_sharing_enabled":true,"_links":{"self":[{"href":"https:\/\/odakhaber.site\/index.php?rest_route=\/wp\/v2\/posts\/4984","targetHints":{"allow":["GET"]}}],"collection":[{"href":"https:\/\/odakhaber.site\/index.php?rest_route=\/wp\/v2\/posts"}],"about":[{"href":"https:\/\/odakhaber.site\/index.php?rest_route=\/wp\/v2\/types\/post"}],"author":[{"embeddable":true,"href":"https:\/\/odakhaber.site\/index.php?rest_route=\/wp\/v2\/users\/3"}],"replies":[{"embeddable":true,"href":"https:\/\/odakhaber.site\/index.php?rest_route=%2Fwp%2Fv2%2Fcomments&post=4984"}],"version-history":[{"count":1,"href":"https:\/\/odakhaber.site\/index.php?rest_route=\/wp\/v2\/posts\/4984\/revisions"}],"predecessor-version":[{"id":4986,"href":"https:\/\/odakhaber.site\/index.php?rest_route=\/wp\/v2\/posts\/4984\/revisions\/4986"}],"wp:featuredmedia":[{"embeddable":true,"href":"https:\/\/odakhaber.site\/index.php?rest_route=\/wp\/v2\/media\/4985"}],"wp:attachment":[{"href":"https:\/\/odakhaber.site\/index.php?rest_route=%2Fwp%2Fv2%2Fmedia&parent=4984"}],"wp:term":[{"taxonomy":"category","embeddable":true,"href":"https:\/\/odakhaber.site\/index.php?rest_route=%2Fwp%2Fv2%2Fcategories&post=4984"},{"taxonomy":"post_tag","embeddable":true,"href":"https:\/\/odakhaber.site\/index.php?rest_route=%2Fwp%2Fv2%2Ftags&post=4984"}],"curies":[{"name":"wp","href":"https:\/\/api.w.org\/{rel}","templated":true}]}}