{"id":4987,"date":"2026-04-27T19:18:59","date_gmt":"2026-04-27T19:18:59","guid":{"rendered":"https:\/\/odakhaber.site\/?p=4987"},"modified":"2026-04-27T19:18:59","modified_gmt":"2026-04-27T19:18:59","slug":"turizm-sektorunun-gururu-feridun-ergun-londra-maratonundan-rekorla-dondu","status":"publish","type":"post","link":"https:\/\/odakhaber.site\/?p=4987","title":{"rendered":"Turizm Sekt\u00f6r\u00fcn\u00fcn Gururu: Feridun Erg\u00fcn Londra Maratonu\u2019ndan Rekorla D\u00f6nd\u00fc"},"content":{"rendered":"\n<p>Miarosa Hotels Genel Koordinat\u00f6r\u00fc&nbsp;<strong>Feridun Erg\u00fcn<\/strong>, d\u00fcnyan\u0131n en prestijli spor organizasyonlar\u0131ndan biri olan ve 58 bin ki\u015finin kat\u0131l\u0131m\u0131yla ger\u00e7ekle\u015fen&nbsp;<strong>Londra Maratonu<\/strong>\u2019nu (42 km) \u00fcst\u00fcn bir ba\u015far\u0131yla tamamlad\u0131. Turizm sekt\u00f6r\u00fcndeki vizyoner y\u00f6neticili\u011fini sporcu kimli\u011fiyle birle\u015ftiren Erg\u00fcn, bu dev yar\u0131\u015fta hem ki\u015fisel rekorunu k\u0131rd\u0131 hem de T\u00fcrk kat\u0131l\u0131mc\u0131lar aras\u0131nda 3. s\u0131raya yerle\u015ferek tarihi bir ba\u015far\u0131ya imza att\u0131.<\/p>\n\n\n\n<hr class=\"wp-block-separator has-alpha-channel-opacity\"\/>\n\n\n\n<h3 class=\"wp-block-heading\">Ki\u015fisel Rekor ve \u00dcst\u00fcn Performans<\/h3>\n\n\n\n<p>D\u00fcnyan\u0131n en b\u00fcy\u00fck 7 maj\u00f6r maratonundan biri kabul edilen Londra parkurunda T\u00fcrk bayra\u011f\u0131n\u0131 dalgaland\u0131ran Feridun Erg\u00fcn, sergiledi\u011fi performansla dikkatleri \u00fczerine \u00e7ekti:<\/p>\n\n\n\n<ul class=\"wp-block-list\">\n<li><strong>S\u00fcre:<\/strong>\u00a042 kilometrelik zorlu parkuru\u00a0<strong>2:57:04<\/strong>\u00a0ile tamamlad\u0131.<\/li>\n\n\n\n<li><strong>Geli\u015fim:<\/strong>\u00a0Ki\u015fisel en iyi derecesini\u00a0<strong>15 saniye<\/strong>\u00a0daha ileriye ta\u015f\u0131d\u0131.<\/li>\n\n\n\n<li><strong>S\u0131ralama:<\/strong>\u00a0Genel klasmanda 2639., kendi ya\u015f grubunda 122. ve T\u00fcrk kat\u0131l\u0131mc\u0131lar listesinde\u00a0<strong>3. s\u0131rada<\/strong>\u00a0yer ald\u0131.<\/li>\n<\/ul>\n\n\n\n<h3 class=\"wp-block-heading\">7 Maj\u00f6r Hedefinde 6. Ad\u0131m Tamamland\u0131<\/h3>\n\n\n\n<p>Londra Maratonu ile birlikte kariyerindeki&nbsp;<strong>19. maratonu<\/strong>&nbsp;bitiren Erg\u00fcn, &#8220;7 K\u0131ta, 7 Maj\u00f6r Maraton&#8221; vizyonunda sona yakla\u015ft\u0131. Daha \u00f6nce&nbsp;<strong>Berlin, New York, Sydney, Boston ve Chicago<\/strong>&nbsp;maratonlar\u0131n\u0131 tamamlayan deneyimli turizmci, bu ba\u015far\u0131s\u0131yla serinin alt\u0131nc\u0131 halkas\u0131n\u0131 tamamlam\u0131\u015f oldu. Erg\u00fcn, elit sporcularla ayn\u0131 atmosferi soluman\u0131n tarif edilemez bir deneyim oldu\u011funu vurgulad\u0131.<\/p>\n\n\n\n<h3 class=\"wp-block-heading\">Ko\u015funun \u00d6tesinde: Bir Sosyal Sorumluluk Vizyonu<\/h3>\n\n\n\n<p>Feridun Erg\u00fcn\u2019\u00fcn Londra\u2019daki ad\u0131mlar\u0131 yaln\u0131zca sportif ba\u015far\u0131 de\u011fil, ayn\u0131 zamanda anlaml\u0131 bir sosyal sorumluluk projesine d\u00f6n\u00fc\u015ft\u00fc.&nbsp;<strong>T\u00fcrk E\u011fitim Vakf\u0131 (TEV)<\/strong>&nbsp;arac\u0131l\u0131\u011f\u0131yla&nbsp;<strong>50 \u00fcniversite \u00f6\u011frencisinin<\/strong>&nbsp;e\u011fitimine katk\u0131 sa\u011flayan Erg\u00fcn, motivasyonunu \u015fu s\u00f6zlerle ifade etti:<\/p>\n\n\n\n<blockquote class=\"wp-block-quote is-layout-flow wp-block-quote-is-layout-flow\">\n<p>&#8220;Gen\u00e7lere ve spor yapmayanlara ilham olmak, d\u00fcnyay\u0131 gezerek sa\u011fl\u0131kl\u0131 ve vizyon sahibi bir ya\u015fam s\u00fcrmek i\u00e7in ko\u015fuyorum. D\u00fcnyay\u0131 gezerken birilerinin hayat\u0131na dokunabilmek benim i\u00e7in en b\u00fcy\u00fck gurur kayna\u011f\u0131.&#8221;<\/p>\n<\/blockquote>\n\n\n\n<hr class=\"wp-block-separator has-alpha-channel-opacity\"\/>\n\n\n\n<h3 class=\"wp-block-heading\">Yeni Rota: Antarktika ve Tokyo<\/h3>\n\n\n\n<p>Ba\u015far\u0131lar\u0131na ara vermeden yeni hedeflerini belirleyen Feridun Erg\u00fcn\u2019\u00fcn bir sonraki duraklar\u0131&nbsp;<strong>Arjantin, Antarktika<\/strong>&nbsp;ve maj\u00f6r serisinin son aya\u011f\u0131 olan&nbsp;<strong>Tokyo Maratonu<\/strong>&nbsp;olacak. Erg\u00fcn, 7 k\u0131tada ve 30 farkl\u0131 \u00fclkede toplam&nbsp;<strong>100 maraton<\/strong>bitirerek T\u00fcrk sporunun ve turizmcisinin azmini uluslararas\u0131 arenada temsil etmeye devam etmeyi hedefliyor.<\/p>\n\n\n\n<p><a href=\"https:\/\/www.turizmdays.com\/news\/turizm-dunyasinin-gururu-32222\">https:\/\/www.turizmdays.com\/news\/turizm-dunyasinin-gururu-32222<\/a><\/p>\n\n\n\n<p><\/p>\n","protected":false},"excerpt":{"rendered":"<p>Miarosa Hotels Genel Koordinat\u00f6r\u00fc&nbsp;Feridun Erg\u00fcn, d\u00fcnyan\u0131n en prestijli spor organizasyonlar\u0131ndan biri olan ve 58 bin ki\u015finin kat\u0131l\u0131m\u0131yla ger\u00e7ekle\u015fen&nbsp;Londra Maratonu\u2019nu (42 km) \u00fcst\u00fcn bir ba\u015far\u0131yla tamamlad\u0131. Turizm sekt\u00f6r\u00fcndeki vizyoner y\u00f6neticili\u011fini sporcu kimli\u011fiyle birle\u015ftiren Erg\u00fcn, bu dev yar\u0131\u015fta hem ki\u015fisel rekorunu k\u0131rd\u0131 hem de T\u00fcrk kat\u0131l\u0131mc\u0131lar aras\u0131nda 3. s\u0131raya yerle\u015ferek tarihi bir ba\u015far\u0131ya imza att\u0131. Ki\u015fisel Rekor [&hellip;]<\/p>\n","protected":false},"author":3,"featured_media":4988,"comment_status":"open","ping_status":"open","sticky":false,"template":"","format":"standard","meta":{"_jetpack_memberships_contains_paid_content":false,"footnotes":""},"categories":[34],"tags":[],"class_list":["post-4987","post","type-post","status-publish","format-standard","has-post-thumbnail","hentry","category-turizm-ve-seyehat-haberleri"],"jetpack_featured_media_url":"https:\/\/odakhaber.site\/wp-content\/uploads\/2026\/04\/32222_turizm-dunyasinin-gururu_0.jpg","jetpack_sharing_enabled":true,"_links":{"self":[{"href":"https:\/\/odakhaber.site\/index.php?rest_route=\/wp\/v2\/posts\/4987","targetHints":{"allow":["GET"]}}],"collection":[{"href":"https:\/\/odakhaber.site\/index.php?rest_route=\/wp\/v2\/posts"}],"about":[{"href":"https:\/\/odakhaber.site\/index.php?rest_route=\/wp\/v2\/types\/post"}],"author":[{"embeddable":true,"href":"https:\/\/odakhaber.site\/index.php?rest_route=\/wp\/v2\/users\/3"}],"replies":[{"embeddable":true,"href":"https:\/\/odakhaber.site\/index.php?rest_route=%2Fwp%2Fv2%2Fcomments&post=4987"}],"version-history":[{"count":1,"href":"https:\/\/odakhaber.site\/index.php?rest_route=\/wp\/v2\/posts\/4987\/revisions"}],"predecessor-version":[{"id":4989,"href":"https:\/\/odakhaber.site\/index.php?rest_route=\/wp\/v2\/posts\/4987\/revisions\/4989"}],"wp:featuredmedia":[{"embeddable":true,"href":"https:\/\/odakhaber.site\/index.php?rest_route=\/wp\/v2\/media\/4988"}],"wp:attachment":[{"href":"https:\/\/odakhaber.site\/index.php?rest_route=%2Fwp%2Fv2%2Fmedia&parent=4987"}],"wp:term":[{"taxonomy":"category","embeddable":true,"href":"https:\/\/odakhaber.site\/index.php?rest_route=%2Fwp%2Fv2%2Fcategories&post=4987"},{"taxonomy":"post_tag","embeddable":true,"href":"https:\/\/odakhaber.site\/index.php?rest_route=%2Fwp%2Fv2%2Ftags&post=4987"}],"curies":[{"name":"wp","href":"https:\/\/api.w.org\/{rel}","templated":true}]}}