{"id":4990,"date":"2026-04-27T19:22:00","date_gmt":"2026-04-27T19:22:00","guid":{"rendered":"https:\/\/odakhaber.site\/?p=4990"},"modified":"2026-04-27T19:22:00","modified_gmt":"2026-04-27T19:22:00","slug":"mavi-gok-airlinesin-dev-ucagi-gokyuzuyle-bulustu-ilk-boeing-777-kolnde-karsilandi","status":"publish","type":"post","link":"https:\/\/odakhaber.site\/?p=4990","title":{"rendered":"Mavi G\u00f6k Airlines\u2019\u0131n Dev U\u00e7a\u011f\u0131 G\u00f6ky\u00fcz\u00fcyle Bulu\u015ftu: \u0130lk Boeing 777 K\u00f6ln&#8217;de Kar\u015f\u0131land\u0131"},"content":{"rendered":"\n<p>Avrupa turizm pazar\u0131n\u0131n lider akt\u00f6rlerinden&nbsp;<strong>ANEX Grubu<\/strong>&nbsp;i\u015ftiraki olan&nbsp;<strong>Mavi G\u00f6k Airlines (MGA)<\/strong>, filosunun en yeni ve en g\u00fc\u00e7l\u00fc \u00fcyesi olan ilk&nbsp;<strong>Boeing 777-300ER (B77W)<\/strong>&nbsp;tipi u\u00e7a\u011f\u0131n\u0131 K\u00f6ln Bonn Havaliman\u0131\u2019nda (CGN) d\u00fczenlenen t\u00f6renle hizmete ald\u0131. Geni\u015f g\u00f6vde kapasitesiyle operasyonel g\u00fcc\u00fc art\u0131racak olan dev u\u00e7a\u011f\u0131n ilk seferi, havac\u0131l\u0131k ve turizm camias\u0131nda b\u00fcy\u00fck yank\u0131 uyand\u0131rd\u0131.<\/p>\n\n\n\n<hr class=\"wp-block-separator has-alpha-channel-opacity\"\/>\n\n\n\n<h3 class=\"wp-block-heading\">Tam Kapasiteyle \u0130lk Sefer<\/h3>\n\n\n\n<p>ANEX Almanya Genel M\u00fcd\u00fcr\u00fc&nbsp;<strong>Yasir Karako\u00e7<\/strong>, d\u00fcn gece ger\u00e7ekle\u015ftirilen kar\u015f\u0131lama t\u00f6reninde u\u00e7a\u011f\u0131n operasyonel ba\u015far\u0131s\u0131na dikkat \u00e7ekti. Yaz sezonu boyunca K\u00f6ln hatt\u0131nda d\u00fczenli olarak hizmet verecek olan u\u00e7a\u011f\u0131n, ilk d\u00f6n\u00fc\u015f seferinde&nbsp;<strong>%100 doluluk oran\u0131na<\/strong>&nbsp;yak\u0131n bir performans sergiledi\u011fi belirtildi.<\/p>\n\n\n\n<h3 class=\"wp-block-heading\">&#8220;M\u00fckemmel Bir Operasyon ve Ekip \u00c7al\u0131\u015fmas\u0131&#8221;<\/h3>\n\n\n\n<p>Operasyonun ba\u015far\u0131l\u0131 ge\u00e7mesinden duydu\u011fu gururu dile getiren Karako\u00e7, s\u00fcrecin arkas\u0131ndaki profesyonelli\u011fe \u015fu s\u00f6zlerle vurgu yapt\u0131:<\/p>\n\n\n\n<blockquote class=\"wp-block-quote is-layout-flow wp-block-quote-is-layout-flow\">\n<p>&#8220;D\u00fcn gece K\u00f6ln Bonn Havaliman\u0131&#8217;nda Mavi G\u00f6k Airlines&#8217;\u0131n ilk B777-300ER u\u00e7a\u011f\u0131n\u0131 kar\u015f\u0131laman\u0131n gururunu ya\u015fad\u0131k. Bu dev ku\u015fu yaz zirvelerinde d\u00fczenli bir konuk olarak tan\u0131tmak i\u00e7in \u00e7ok fazla emek harcand\u0131. Sonu\u00e7 ise m\u00fckemmel bir operasyonla %100 doluluk oran\u0131na yak\u0131n bir d\u00f6n\u00fc\u015f oldu.&#8221;<\/p>\n<\/blockquote>\n\n\n\n<p>Karako\u00e7 ayr\u0131ca; AOCC ekibi, yer hizmetleri servis ajanlar\u0131 ve MGA ekibinden&nbsp;<strong>Zekeriya Helvac\u0131<\/strong>&nbsp;ba\u015fta olmak \u00fczere, bu kritik s\u00fcrece dahil olan t\u00fcm birimlere \u00f6zverili \u00e7al\u0131\u015fmalar\u0131 i\u00e7in te\u015fekk\u00fcrlerini sundu.<\/p>\n\n\n\n<hr class=\"wp-block-separator has-alpha-channel-opacity\"\/>\n\n\n\n<h3 class=\"wp-block-heading\">Yaz Sezonunda Kapasite Art\u0131\u015f\u0131<\/h3>\n\n\n\n<p>Boeing 777-300ER\u2019in geni\u015f g\u00f6vde avantaj\u0131 ve sundu\u011fu yolcu konforuyla, yaz sezonu boyunca K\u00f6ln Bonn Havaliman\u0131\u2019n\u0131n en s\u0131k g\u00f6r\u00fclen misafirlerinden biri olmas\u0131 planlan\u0131yor. ANEX Almanya\u2019n\u0131n kapasite art\u0131r\u0131m stratejisinin \u00f6nemli bir par\u00e7as\u0131 olan bu geli\u015fme i\u00e7in Karako\u00e7:&nbsp;<em>&#8220;Bu g\u00fczel ku\u015fu \u00f6n\u00fcm\u00fczdeki aylarda daha s\u0131k kar\u015f\u0131lamay\u0131 d\u00f6rt g\u00f6zle bekliyoruz&#8221;<\/em>&nbsp;de\u011ferlendirmesinde bulundu.<\/p>\n\n\n\n<p>Bu stratejik hamle ile Mavi G\u00f6k Airlines, hem filosunu modernize etmeye devam ediyor hem de yo\u011fun yaz sezonu taleplerini kar\u015f\u0131lamak ad\u0131na operasyonel yetkinli\u011fini en \u00fcst seviyeye ta\u015f\u0131yor.<\/p>\n\n\n\n<p><a href=\"https:\/\/www.turizmdays.com\/news\/mavi-gok-airlinesin-ilk-boeing-777si-karsilandi-32219\">https:\/\/www.turizmdays.com\/news\/mavi-gok-airlinesin-ilk-boeing-777si-karsilandi-32219<\/a><\/p>\n","protected":false},"excerpt":{"rendered":"<p>Avrupa turizm pazar\u0131n\u0131n lider akt\u00f6rlerinden&nbsp;ANEX Grubu&nbsp;i\u015ftiraki olan&nbsp;Mavi G\u00f6k Airlines (MGA), filosunun en yeni ve en g\u00fc\u00e7l\u00fc \u00fcyesi olan ilk&nbsp;Boeing 777-300ER (B77W)&nbsp;tipi u\u00e7a\u011f\u0131n\u0131 K\u00f6ln Bonn Havaliman\u0131\u2019nda (CGN) d\u00fczenlenen t\u00f6renle hizmete ald\u0131. Geni\u015f g\u00f6vde kapasitesiyle operasyonel g\u00fcc\u00fc art\u0131racak olan dev u\u00e7a\u011f\u0131n ilk seferi, havac\u0131l\u0131k ve turizm camias\u0131nda b\u00fcy\u00fck yank\u0131 uyand\u0131rd\u0131. Tam Kapasiteyle \u0130lk Sefer ANEX Almanya Genel [&hellip;]<\/p>\n","protected":false},"author":3,"featured_media":4991,"comment_status":"open","ping_status":"open","sticky":false,"template":"","format":"standard","meta":{"_jetpack_memberships_contains_paid_content":false,"footnotes":""},"categories":[34],"tags":[],"class_list":["post-4990","post","type-post","status-publish","format-standard","has-post-thumbnail","hentry","category-turizm-ve-seyehat-haberleri"],"jetpack_featured_media_url":"https:\/\/odakhaber.site\/wp-content\/uploads\/2026\/04\/32219_mavi-gok-airlinesin-ilk-boeing-777si-karsilandi_0.jpg","jetpack_sharing_enabled":true,"_links":{"self":[{"href":"https:\/\/odakhaber.site\/index.php?rest_route=\/wp\/v2\/posts\/4990","targetHints":{"allow":["GET"]}}],"collection":[{"href":"https:\/\/odakhaber.site\/index.php?rest_route=\/wp\/v2\/posts"}],"about":[{"href":"https:\/\/odakhaber.site\/index.php?rest_route=\/wp\/v2\/types\/post"}],"author":[{"embeddable":true,"href":"https:\/\/odakhaber.site\/index.php?rest_route=\/wp\/v2\/users\/3"}],"replies":[{"embeddable":true,"href":"https:\/\/odakhaber.site\/index.php?rest_route=%2Fwp%2Fv2%2Fcomments&post=4990"}],"version-history":[{"count":1,"href":"https:\/\/odakhaber.site\/index.php?rest_route=\/wp\/v2\/posts\/4990\/revisions"}],"predecessor-version":[{"id":4992,"href":"https:\/\/odakhaber.site\/index.php?rest_route=\/wp\/v2\/posts\/4990\/revisions\/4992"}],"wp:featuredmedia":[{"embeddable":true,"href":"https:\/\/odakhaber.site\/index.php?rest_route=\/wp\/v2\/media\/4991"}],"wp:attachment":[{"href":"https:\/\/odakhaber.site\/index.php?rest_route=%2Fwp%2Fv2%2Fmedia&parent=4990"}],"wp:term":[{"taxonomy":"category","embeddable":true,"href":"https:\/\/odakhaber.site\/index.php?rest_route=%2Fwp%2Fv2%2Fcategories&post=4990"},{"taxonomy":"post_tag","embeddable":true,"href":"https:\/\/odakhaber.site\/index.php?rest_route=%2Fwp%2Fv2%2Ftags&post=4990"}],"curies":[{"name":"wp","href":"https:\/\/api.w.org\/{rel}","templated":true}]}}