{"id":4996,"date":"2026-04-27T19:25:42","date_gmt":"2026-04-27T19:25:42","guid":{"rendered":"https:\/\/odakhaber.site\/?p=4996"},"modified":"2026-04-27T19:25:42","modified_gmt":"2026-04-27T19:25:42","slug":"tortudan-sanata-bellegin-yeniden-insasi","status":"publish","type":"post","link":"https:\/\/odakhaber.site\/?p=4996","title":{"rendered":"Tortudan Sanata: Belle\u011fin Yeniden \u0130n\u015fas\u0131"},"content":{"rendered":"\n<h2 class=\"wp-block-heading\">Sanat\u0131n Me\u015fe F\u0131\u00e7\u0131lardaki \u0130zi: Tortu II Sergisi Ba\u015flad\u0131<\/h2>\n\n\n\n<p>Kavakl\u0131dere \u015eirketler Grubu ve Platform A Sanat Galerisi i\u015f birli\u011fiyle hayata ge\u00e7irilen&nbsp;<strong>Tortu Projesi<\/strong>, ikinci y\u0131l\u0131nda sanatseverleri derinlikli bir yolculu\u011fa \u00e7\u0131kar\u0131yor. 25 Nisan\u2019da kap\u0131lar\u0131n\u0131 a\u00e7an sergi,&nbsp;<strong>31 sanat\u00e7\u0131n\u0131n<\/strong>dokunu\u015fuyla hayat bulan&nbsp;<strong>31 f\u0131\u00e7\u0131 ve 31 dairesel tuvali<\/strong>&nbsp;bir araya getiriyor. 10 May\u0131s\u2019a kadar ziyaret edilebilecek bu \u00f6zel se\u00e7ki, \u00fcretimin belle\u011fini sanat\u0131n diliyle yeniden kurguluyor.<\/p>\n\n\n\n<p>Sergide, bir zamanlar olgunla\u015fman\u0131n ve bekleyi\u015fin simgesi olan me\u015fe f\u0131\u00e7\u0131lar, asli g\u00f6revlerini sanat\u00e7\u0131lar\u0131n hayal g\u00fcc\u00fcne devrederek yeni birer kimlik kazan\u0131yor. F\u0131\u00e7\u0131lara e\u015flik eden dairesel tuvaller ise bu d\u00f6n\u00fc\u015f\u00fcm\u00fcn duvardaki yank\u0131s\u0131 olarak serginin g\u00f6rsel b\u00fct\u00fcnl\u00fc\u011f\u00fcn\u00fc tamaml\u0131yor.<\/p>\n\n\n\n<h3 class=\"wp-block-heading\">Baran Kamilo\u011flu \u2013 \u201cUmut\u201d<\/h3>\n\n\n\n<h3 class=\"wp-block-heading\"><img decoding=\"async\" src=\"https:\/\/media.cumhuriyet.com.tr\/Archive\/b268d237-e6c6-4c46-8b62-2cd6c8bd24ce.jpeg\" alt=\"Image\"><\/h3>\n\n\n\n<p>Sanat\u00e7\u0131n\u0131n \u00e7al\u0131\u015fmas\u0131nda, f\u0131rt\u0131nal\u0131 bir ge\u00e7i\u015f duygusu hakim. Dairesel tuvaldeki kalabal\u0131k hissi, f\u0131\u00e7\u0131 \u00fczerindeki turuncu ve sar\u0131 \u00e7izgilerle canl\u0131 bir enerjiye ve i\u00e7sel bir dirence d\u00f6n\u00fc\u015f\u00fcyor.<\/p>\n\n\n\n<h3 class=\"wp-block-heading\">Bala Kavlako\u011flu \u2013 \u201cUs Yasas\u0131\u201d<\/h3>\n\n\n\n<h3 class=\"wp-block-heading\"><img decoding=\"async\" src=\"https:\/\/media.cumhuriyet.com.tr\/Archive\/b8fd9828-aa5f-4bff-a046-4f41cf78ad6e.jpeg\" alt=\"Image\"><\/h3>\n\n\n\n<p>Toprak ve pas tonlar\u0131n\u0131n hakim oldu\u011fu bu \u00e7al\u0131\u015fma, izleyiciyi yava\u015flamaya davet ediyor. Sanat\u00e7\u0131n\u0131n m\u00fcdahalesi, f\u0131\u00e7\u0131n\u0131n do\u011fal ah\u015fap dokusuyla b\u00fct\u00fcnle\u015ferek eski bir haritan\u0131n izlerini an\u0131msat\u0131yor.<\/p>\n\n\n\n<h3 class=\"wp-block-heading\">Nihat Kahraman \u2013 \u201cYeni Boyut Aray\u0131\u015f\u0131\u201d<\/h3>\n\n\n\n<h3 class=\"wp-block-heading\"><img decoding=\"async\" src=\"https:\/\/media.cumhuriyet.com.tr\/Archive\/87ccab40-6016-4cfc-aef4-952829f2eedc.jpeg\" alt=\"Image\"><\/h3>\n\n\n\n<p>Renklerin co\u015fkuyla kullan\u0131ld\u0131\u011f\u0131 bu eserde do\u011fa, fig\u00fcr ve hareket \u00f6n planda. F\u0131\u00e7\u0131 \u00fczerindeki \u00e7ok renkli ku\u015faklar, ah\u015fap g\u00f6vdeyi ya\u015fayan ve mevsim de\u011fi\u015ftiren dinamik bir alana d\u00f6n\u00fc\u015ft\u00fcr\u00fcyor.<\/p>\n\n\n\n<h3 class=\"wp-block-heading\">Funda \u0130yce Tuncel \u2013 \u201cKar\u015f\u0131 Sahilin Y\u00fczleri Serisi\u201d<\/h3>\n\n\n\n<h3 class=\"wp-block-heading\"><img decoding=\"async\" src=\"https:\/\/media.cumhuriyet.com.tr\/Archive\/c58ef9e8-45ea-49cb-9b10-68c77607fb64.jpeg\" alt=\"Image\"><\/h3>\n\n\n\n<p>Fig\u00fcratif anlat\u0131m\u0131n g\u00fc\u00e7l\u00fc bir \u00f6rne\u011fi olan bu \u00e7al\u0131\u015fmada, kad\u0131n y\u00fczleri ve bak\u0131\u015flar merkeze al\u0131n\u0131yor. Ah\u015fab\u0131n do\u011fal dokusuyla birle\u015fen fig\u00fcrler, ge\u00e7mi\u015ften bug\u00fcne bakan birer tan\u0131k gibi sergileniyor.<\/p>\n\n\n\n<h3 class=\"wp-block-heading\">Sergide Yer Alan Di\u011fer Sanat\u00e7\u0131lar<\/h3>\n\n\n\n<p>Asiye Sar\u0131o\u011flu, Aykut \u00d6z, Baran Kamilo\u011flu, Bekir K\u0131ra\u00e7, Bilal Hakan Karakaya, Burak Erim, B\u00fc\u015fra Aktekino\u011flu Babat, Cansu Din\u00e7, Cezmi Orhan, Erol Pelio\u011flu, Fatih K\u0131z\u0131lcan, Filiz Pelit, Funda \u0130yce Tuncel, I\u015f\u0131n Nur Cicerali, Kadir \u00d6ztoprak, Mehmet Ali Do\u011fan, Mehmet Babat, Mehmet Y\u0131ld\u0131r\u0131m, Mihriban Mirap, Mustafa Erol, Mustafa S\u00f6nmez, Nihat Kahraman, Nihat Kemanka\u015fl\u0131, Rukiye Epli Dede, Sibel \u00dcnalan, Sinan Da\u011f, \u015eeniz Aksoy, Talat Ayhan, Tu\u011f\u00e7e Diri ve Umut Karaman.<\/p>\n\n\n\n<p><strong>Ziyaret Bilgisi:<\/strong>&nbsp;Tortu II sergisi,&nbsp;<strong>10 May\u0131s tarihine kadar<\/strong>&nbsp;Ankara Platform A Sanat Galerisi\u2019nde ziyaret\u00e7ilerini bekliyor.<\/p>\n\n\n\n<figure class=\"wp-block-embed is-type-wp-embed is-provider-objektif-haber wp-block-embed-objektif-haber\"><div class=\"wp-block-embed__wrapper\">\n<blockquote class=\"wp-embedded-content\" data-secret=\"kKf01CyjW7\"><a href=\"https:\/\/objektif.site\/2026\/04\/27\/tortudan-sanata-bellegin-yeniden-insasi\/\">Tortudan Sanata: Belle\u011fin Yeniden \u0130n\u015fas\u0131<\/a><\/blockquote><iframe loading=\"lazy\" class=\"wp-embedded-content\" sandbox=\"allow-scripts\" security=\"restricted\" style=\"position: absolute; visibility: hidden;\" title=\"&#8220;Tortudan Sanata: Belle\u011fin Yeniden \u0130n\u015fas\u0131&#8221; &#8212; Objektif Haber\" src=\"https:\/\/objektif.site\/2026\/04\/27\/tortudan-sanata-bellegin-yeniden-insasi\/embed\/#?secret=EWfcGSK2cu#?secret=kKf01CyjW7\" data-secret=\"kKf01CyjW7\" width=\"600\" height=\"338\" frameborder=\"0\" marginwidth=\"0\" marginheight=\"0\" scrolling=\"no\"><\/iframe>\n<\/div><\/figure>\n\n\n\n<p>KARDE\u015e HABER<\/p>\n","protected":false},"excerpt":{"rendered":"<p>Sanat\u0131n Me\u015fe F\u0131\u00e7\u0131lardaki \u0130zi: Tortu II Sergisi Ba\u015flad\u0131 Kavakl\u0131dere \u015eirketler Grubu ve Platform A Sanat Galerisi i\u015f birli\u011fiyle hayata ge\u00e7irilen&nbsp;Tortu Projesi, ikinci y\u0131l\u0131nda sanatseverleri derinlikli bir yolculu\u011fa \u00e7\u0131kar\u0131yor. 25 Nisan\u2019da kap\u0131lar\u0131n\u0131 a\u00e7an sergi,&nbsp;31 sanat\u00e7\u0131n\u0131ndokunu\u015fuyla hayat bulan&nbsp;31 f\u0131\u00e7\u0131 ve 31 dairesel tuvali&nbsp;bir araya getiriyor. 10 May\u0131s\u2019a kadar ziyaret edilebilecek bu \u00f6zel se\u00e7ki, \u00fcretimin belle\u011fini sanat\u0131n diliyle [&hellip;]<\/p>\n","protected":false},"author":3,"featured_media":4997,"comment_status":"open","ping_status":"open","sticky":false,"template":"","format":"standard","meta":{"_jetpack_memberships_contains_paid_content":false,"footnotes":""},"categories":[3],"tags":[],"class_list":["post-4996","post","type-post","status-publish","format-standard","has-post-thumbnail","hentry","category-kultur-sanat-haberleri"],"jetpack_featured_media_url":"https:\/\/odakhaber.site\/wp-content\/uploads\/2026\/04\/395a56dc-5f6b-47dd-a2cf-53ab7f4a5502.jpg.webp","jetpack_sharing_enabled":true,"_links":{"self":[{"href":"https:\/\/odakhaber.site\/index.php?rest_route=\/wp\/v2\/posts\/4996","targetHints":{"allow":["GET"]}}],"collection":[{"href":"https:\/\/odakhaber.site\/index.php?rest_route=\/wp\/v2\/posts"}],"about":[{"href":"https:\/\/odakhaber.site\/index.php?rest_route=\/wp\/v2\/types\/post"}],"author":[{"embeddable":true,"href":"https:\/\/odakhaber.site\/index.php?rest_route=\/wp\/v2\/users\/3"}],"replies":[{"embeddable":true,"href":"https:\/\/odakhaber.site\/index.php?rest_route=%2Fwp%2Fv2%2Fcomments&post=4996"}],"version-history":[{"count":1,"href":"https:\/\/odakhaber.site\/index.php?rest_route=\/wp\/v2\/posts\/4996\/revisions"}],"predecessor-version":[{"id":4998,"href":"https:\/\/odakhaber.site\/index.php?rest_route=\/wp\/v2\/posts\/4996\/revisions\/4998"}],"wp:featuredmedia":[{"embeddable":true,"href":"https:\/\/odakhaber.site\/index.php?rest_route=\/wp\/v2\/media\/4997"}],"wp:attachment":[{"href":"https:\/\/odakhaber.site\/index.php?rest_route=%2Fwp%2Fv2%2Fmedia&parent=4996"}],"wp:term":[{"taxonomy":"category","embeddable":true,"href":"https:\/\/odakhaber.site\/index.php?rest_route=%2Fwp%2Fv2%2Fcategories&post=4996"},{"taxonomy":"post_tag","embeddable":true,"href":"https:\/\/odakhaber.site\/index.php?rest_route=%2Fwp%2Fv2%2Ftags&post=4996"}],"curies":[{"name":"wp","href":"https:\/\/api.w.org\/{rel}","templated":true}]}}