{"id":5004,"date":"2026-04-28T17:46:22","date_gmt":"2026-04-28T17:46:22","guid":{"rendered":"https:\/\/odakhaber.site\/?p=5004"},"modified":"2026-04-28T17:46:22","modified_gmt":"2026-04-28T17:46:22","slug":"gedik-filarmoni-gecmisin-dehasi-ile-bugunun-nefesi-ayni-sahnede","status":"publish","type":"post","link":"https:\/\/odakhaber.site\/?p=5004","title":{"rendered":"Gedik Filarmoni: Ge\u00e7mi\u015fin Dehas\u0131 ile Bug\u00fcn\u00fcn Nefesi Ayn\u0131 Sahnede"},"content":{"rendered":"\n<p>Gedik Filarmoni Orkestras\u0131, 30 Nisan Per\u015fembe ak\u015fam\u0131 S\u00fcreyya Operas\u0131\u2019nda ger\u00e7ekle\u015ftirece\u011fi g\u00f6rkemli sezon kapan\u0131\u015f konseriyle m\u00fczikseverleri zamansal bir yolculu\u011funa davet ediyor. \u015eef <strong>Cem Mansur<\/strong> y\u00f6netimindeki topluluk, program\u0131nda Beethoven\u2019\u0131n g\u00f6rkemli <strong>2. Senfonisi<\/strong> ile iki ayr\u0131 d\u00fcnya pr\u00f6miyerini bir araya getirerek, m\u00fczi\u011fin &#8220;ya\u015fayan bir diyalog&#8221; oldu\u011fu ger\u00e7e\u011fini bir kez daha kan\u0131tl\u0131yor.<\/p>\n\n\n\n<hr class=\"wp-block-separator has-alpha-channel-opacity\"\/>\n\n\n\n<h2 class=\"wp-block-heading\">M\u00fcze De\u011fil, Ya\u015fayan Bir Forum: Cem Mansur\u2019un Sanat Vizyonu<\/h2>\n\n\n\n<p>\u015eef Cem Mansur, orkestran\u0131n program kurgusundaki felsefeyi net bir dille \u00f6zetliyor: <em>&#8220;Konser salonlar\u0131 birer m\u00fcze de\u011fildir.&#8221;<\/em> Mansur\u2019a g\u00f6re, y\u00fczy\u0131llar \u00f6ncesinin eserleriyle bug\u00fcn\u00fcn seslerini yan yana getirmek, insanl\u0131\u011f\u0131n de\u011fi\u015fen ve de\u011fi\u015fmeyen y\u00f6nlerine dair en g\u00fc\u00e7l\u00fc k\u00f6pr\u00fcy\u00fc kuruyor. Bu sezon kapan\u0131\u015f\u0131, dinleyiciyi sadece tan\u0131d\u0131k ezgilerle bulu\u015fturmakla kalm\u0131yor, onlar\u0131 konfor alanlar\u0131n\u0131n d\u0131\u015f\u0131na \u00e7\u0131kararak yeni ses d\u00fcnyalar\u0131yla y\u00fczle\u015fmeye davet ediyor.<\/p>\n\n\n\n<hr class=\"wp-block-separator has-alpha-channel-opacity\"\/>\n\n\n\n<h2 class=\"wp-block-heading\">\u0130ki D\u00fcnya Pr\u00f6miyeri: &#8220;Takma G\u00f6zde Cam&#8221; ve &#8220;Grav\u00fcrler&#8221;<\/h2>\n\n\n\n<p>Gecenin en dikkat \u00e7ekici unsurlar\u0131ndan biri, \u00e7a\u011fda\u015f T\u00fcrk bestecili\u011finin iki farkl\u0131 y\u00fcz\u00fcn\u00fc temsil eden pr\u00f6miyerler olacak:<\/p>\n\n\n\n<ul class=\"wp-block-list\">\n<li><strong>Ege G\u00fcr \u2013 &#8220;Takma G\u00f6zde Cam&#8221;:<\/strong> Gen\u00e7 kemanc\u0131 <strong>Ada Yal\u0131n Y\u00fccel<\/strong> i\u00e7in yaz\u0131lan bu eser, Mansur taraf\u0131ndan bir <strong>&#8220;anti-kon\u00e7erto&#8221;<\/strong> olarak tan\u0131mlan\u0131yor. Al\u0131\u015f\u0131lagelmi\u015f solist cambazl\u0131klar\u0131n\u0131n aksine; soyut, dingin ve derin bir dil sunan eser, yay efektleri ve uzun seslerle dinleyiciyi hipnotik bir d\u00fcnyaya \u00e7ekiyor.<\/li>\n\n\n\n<li><strong>Murat Kodall\u0131 \u2013 &#8220;Grav\u00fcrler&#8221;:<\/strong> Bestecinin babas\u0131 Nevit Kodall\u0131 an\u0131s\u0131na kaleme ald\u0131\u011f\u0131 bu eser, daha geleneksel ve betimleyici bir dile sahip. \u0130\u00e7inde Haydarpa\u015fa Gar\u0131 ve Bo\u011faz manzaralar\u0131n\u0131 bar\u0131nd\u0131ran atmosferik yap\u0131, ki\u015fisel haf\u0131zay\u0131 m\u00fczikal bir an\u0131ta d\u00f6n\u00fc\u015ft\u00fcr\u00fcyor.<\/li>\n<\/ul>\n\n\n\n<hr class=\"wp-block-separator has-alpha-channel-opacity\"\/>\n\n\n\n<h2 class=\"wp-block-heading\">Beethoven\u2019\u0131n 2. Senfonisi: Devrimden \u00d6nceki Son Durak<\/h2>\n\n\n\n<p>Program\u0131n finalinde yer alan Beethoven\u2019\u0131n 2. Senfonisi, Cem Mansur taraf\u0131ndan <strong>&#8220;son klasik senfoni&#8221;<\/strong> olarak nitelendiriliyor. Mansur, bu eserin 3. Senfoni\u2019deki b\u00fcy\u00fck devrimden hemen \u00f6nceki &#8220;dehas\u0131na hakim olma gayretini&#8221; yans\u0131tt\u0131\u011f\u0131n\u0131 belirtiyor. Eser; h\u0131r\u00e7\u0131n, komik, klasik ve romantik \u00f6geleriyle izleyicinin zihninde \u00e7ok katmanl\u0131 bir iz b\u0131rakmaya haz\u0131rlan\u0131yor.<\/p>\n\n\n\n<hr class=\"wp-block-separator has-alpha-channel-opacity\"\/>\n\n\n\n<blockquote class=\"wp-block-quote is-layout-flow wp-block-quote-is-layout-flow\">\n<p><strong>\u201cBesteciler \u00fcretmeli, icrac\u0131lar \u00e7almal\u0131. Yeni eser sipari\u015flerinin \u00f6nemini ne kadar anlatsam az. M\u00fczik tarihinde yenilikler icra edile edile kal\u0131c\u0131 olanlar kendini belli eder.\u201d<\/strong><\/p>\n\n\n\n<p>\u2014 <em>\u015eef Cem Mansur<\/em><\/p>\n<\/blockquote>\n\n\n\n<hr class=\"wp-block-separator has-alpha-channel-opacity\"\/>\n\n\n\n<h2 class=\"wp-block-heading\">Gen\u00e7 Yeteneklere Alan A\u00e7mak<\/h2>\n\n\n\n<p>Orkestran\u0131n misyonu sadece eser seslendirmekle s\u0131n\u0131rl\u0131 de\u011fil. T\u00fcrkiye Gen\u00e7lik Filarmoni Orkestras\u0131\u2019n\u0131n 20. y\u0131l\u0131nda, Ada Yal\u0131n Y\u00fccel gibi gen\u00e7 yeteneklerin solist olarak \u00f6ne \u00e7\u0131kmas\u0131, T\u00fcrkiye\u2019nin m\u00fczikal gelece\u011fine dair umudu diri tutuyor. Mansur, iyi anlat\u0131m ve nitelikli icra ile T\u00fcrk dinleyicisinin modern programlara olan merak\u0131n\u0131n her zaman y\u00fcksek oldu\u011funu vurguluyor.<\/p>\n\n\n\n<p><strong>Konser Bilgileri:<\/strong><\/p>\n\n\n\n<ul class=\"wp-block-list\">\n<li><strong>Tarih:<\/strong> 30 Nisan Per\u015fembe<\/li>\n\n\n\n<li><strong>Mekan:<\/strong> S\u00fcreyya Operas\u0131<\/li>\n\n\n\n<li><strong>\u015eef:<\/strong> Cem Mansur<\/li>\n\n\n\n<li><strong>Solist:<\/strong> Ada Yal\u0131n Y\u00fccel (Keman)<\/li>\n<\/ul>\n\n\n\n<p><a href=\"https:\/\/www.cumhuriyet.com.tr\/kultur-sanat\/gedik-filarmoni-den-iki-promiyer-ile-zamanlararasi-bir-kopru-2499091\">https:\/\/www.cumhuriyet.com.tr\/kultur-sanat\/gedik-filarmoni-den-iki-promiyer-ile-zamanlararasi-bir-kopru-2499091<\/a><\/p>\n","protected":false},"excerpt":{"rendered":"<p>Gedik Filarmoni Orkestras\u0131, 30 Nisan Per\u015fembe ak\u015fam\u0131 S\u00fcreyya Operas\u0131\u2019nda ger\u00e7ekle\u015ftirece\u011fi g\u00f6rkemli sezon kapan\u0131\u015f konseriyle m\u00fczikseverleri zamansal bir yolculu\u011funa davet ediyor. \u015eef Cem Mansur y\u00f6netimindeki topluluk, program\u0131nda Beethoven\u2019\u0131n g\u00f6rkemli 2. Senfonisi ile iki ayr\u0131 d\u00fcnya pr\u00f6miyerini bir araya getirerek, m\u00fczi\u011fin &#8220;ya\u015fayan bir diyalog&#8221; oldu\u011fu ger\u00e7e\u011fini bir kez daha kan\u0131tl\u0131yor. M\u00fcze De\u011fil, Ya\u015fayan Bir Forum: Cem Mansur\u2019un [&hellip;]<\/p>\n","protected":false},"author":3,"featured_media":5005,"comment_status":"open","ping_status":"open","sticky":false,"template":"","format":"standard","meta":{"_jetpack_memberships_contains_paid_content":false,"footnotes":""},"categories":[3],"tags":[],"class_list":["post-5004","post","type-post","status-publish","format-standard","has-post-thumbnail","hentry","category-kultur-sanat-haberleri"],"jetpack_featured_media_url":"https:\/\/odakhaber.site\/wp-content\/uploads\/2026\/04\/74ec891a-9b1b-472f-9265-504820db2778.webp","jetpack_sharing_enabled":true,"_links":{"self":[{"href":"https:\/\/odakhaber.site\/index.php?rest_route=\/wp\/v2\/posts\/5004","targetHints":{"allow":["GET"]}}],"collection":[{"href":"https:\/\/odakhaber.site\/index.php?rest_route=\/wp\/v2\/posts"}],"about":[{"href":"https:\/\/odakhaber.site\/index.php?rest_route=\/wp\/v2\/types\/post"}],"author":[{"embeddable":true,"href":"https:\/\/odakhaber.site\/index.php?rest_route=\/wp\/v2\/users\/3"}],"replies":[{"embeddable":true,"href":"https:\/\/odakhaber.site\/index.php?rest_route=%2Fwp%2Fv2%2Fcomments&post=5004"}],"version-history":[{"count":1,"href":"https:\/\/odakhaber.site\/index.php?rest_route=\/wp\/v2\/posts\/5004\/revisions"}],"predecessor-version":[{"id":5006,"href":"https:\/\/odakhaber.site\/index.php?rest_route=\/wp\/v2\/posts\/5004\/revisions\/5006"}],"wp:featuredmedia":[{"embeddable":true,"href":"https:\/\/odakhaber.site\/index.php?rest_route=\/wp\/v2\/media\/5005"}],"wp:attachment":[{"href":"https:\/\/odakhaber.site\/index.php?rest_route=%2Fwp%2Fv2%2Fmedia&parent=5004"}],"wp:term":[{"taxonomy":"category","embeddable":true,"href":"https:\/\/odakhaber.site\/index.php?rest_route=%2Fwp%2Fv2%2Fcategories&post=5004"},{"taxonomy":"post_tag","embeddable":true,"href":"https:\/\/odakhaber.site\/index.php?rest_route=%2Fwp%2Fv2%2Ftags&post=5004"}],"curies":[{"name":"wp","href":"https:\/\/api.w.org\/{rel}","templated":true}]}}