{"id":5007,"date":"2026-04-28T17:48:59","date_gmt":"2026-04-28T17:48:59","guid":{"rendered":"https:\/\/odakhaber.site\/?p=5007"},"modified":"2026-04-28T17:48:59","modified_gmt":"2026-04-28T17:48:59","slug":"finanstan-tuvale-dingin-bir-kacis-bayram-erlinin-ilk-kisisel-sergisi","status":"publish","type":"post","link":"https:\/\/odakhaber.site\/?p=5007","title":{"rendered":"Finanstan Tuvale Dingin Bir Ka\u00e7\u0131\u015f: Bayram Erli\u2019nin \u0130lk Ki\u015fisel Sergisi"},"content":{"rendered":"\n<p>Uzun y\u0131llar finans sekt\u00f6r\u00fcnde rakamlarla \u00f6r\u00fcl\u00fc profesyonel bir kariyer s\u00fcrd\u00fcren <strong>Bayram Erli<\/strong>, sanat d\u00fcnyas\u0131na etkileyici bir giri\u015f yapt\u0131. Sanat\u00e7\u0131n\u0131n do\u011fay\u0131 izlenimci bir perspektifle yorumlad\u0131\u011f\u0131 ilk ki\u015fisel sergisi <strong>\u201cKayg\u0131s\u0131z Dinginlik \u0130\u00e7indeki D\u0131\u015f D\u00fcnya\u201d<\/strong>, Kad\u0131k\u00f6y\u2019deki B\u00fcy\u00fck Kul\u00fcp Sergi Salonu\u2019nda sanatseverlerin be\u011fenisine sunuldu.<\/p>\n\n\n\n<hr class=\"wp-block-separator has-alpha-channel-opacity\"\/>\n\n\n\n<h2 class=\"wp-block-heading\">Do\u011fan\u0131n G\u00fcr\u00fclt\u00fcs\u00fcz G\u00fcc\u00fc Kad\u0131k\u00f6y\u2019de<\/h2>\n\n\n\n<p>Bayram Erli, finans d\u00fcnyas\u0131n\u0131n yo\u011fun temposunun ard\u0131ndan f\u0131r\u00e7ay\u0131 eline alarak do\u011fan\u0131n o sakin ama bir o kadar da derin g\u00fcc\u00fcn\u00fc eserlerine ta\u015f\u0131yor. Sanat\u00e7\u0131n\u0131n sanat yolculu\u011funun ilk meyvesi olan bu sergi, izleyiciyi modern hayat\u0131n karma\u015fas\u0131ndan ve kayg\u0131lar\u0131ndan \u00e7ekip alarak, i\u00e7e d\u00f6n\u00fck bir huzura davet ediyor.<\/p>\n\n\n\n<hr class=\"wp-block-separator has-alpha-channel-opacity\"\/>\n\n\n\n<h2 class=\"wp-block-heading\">\u0130zlenimci Bir Bak\u0131\u015f: I\u015f\u0131\u011f\u0131n ve Renklerin Uyumu<\/h2>\n\n\n\n<p>Erli\u2019nin eserlerinde \u00f6ne \u00e7\u0131kan en temel unsur, \u0131\u015f\u0131k ve mekan aras\u0131ndaki kopmaz ba\u011f\u0131n \u015fiirsel bir dille i\u015flenmesi. Sanat\u00e7\u0131n\u0131n paletinde \u015fu temalar dikkat \u00e7ekiyor:<\/p>\n\n\n\n<ul class=\"wp-block-list\">\n<li><strong>Karl\u0131 Manzaralar\u0131n Durulu\u011fu:<\/strong> K\u0131\u015f\u0131n sessizli\u011fini ve safl\u0131\u011f\u0131n\u0131 yans\u0131tan beyaz tonlar.<\/li>\n\n\n\n<li><strong>G\u00fcn Bat\u0131m\u0131 Dinami\u011fi:<\/strong> S\u0131cak renklerin tuval \u00fczerindeki yumu\u015fak ge\u00e7i\u015fleri.<\/li>\n\n\n\n<li><strong>Sade ve Derin Anlat\u0131m:<\/strong> Do\u011fan\u0131n kendi halindeki dingin anlar\u0131n\u0131n izlenimci bir duyarl\u0131l\u0131kla aktar\u0131m\u0131.<\/li>\n<\/ul>\n\n\n\n<p>Sanat\u00e7\u0131, \u00e7al\u0131\u015fmalar\u0131nda do\u011fan\u0131n kaostan uzak, sade ve etkileyici hallerini incelikle i\u015fleyerek mekan\u0131n ruhunu izleyiciye hissettirmeyi ama\u00e7l\u0131yor.<\/p>\n\n\n\n<hr class=\"wp-block-separator has-alpha-channel-opacity\"\/>\n\n\n\n<h2 class=\"wp-block-heading\">Sergi 1 May\u0131s\u2019a Kadar Ziyaret\u00e7ilerini Bekliyor<\/h2>\n\n\n\n<p>K\u0131sa s\u00fcrede katetti\u011fi sanatsal mesafeyle takdir toplayan Bayram Erli, do\u011fan\u0131n \u015fiirsel manzaralar\u0131n\u0131 merak eden t\u00fcm sanatseverleri ilk heyecan\u0131na ortak olmaya \u00e7a\u011f\u0131r\u0131yor.<\/p>\n\n\n\n<blockquote class=\"wp-block-quote is-layout-flow wp-block-quote-is-layout-flow\">\n<p>&#8220;Kayg\u0131s\u0131z Dinginlik \u0130\u00e7indeki D\u0131\u015f D\u00fcnya&#8221; sergisi, <strong>1 May\u0131s 2026<\/strong> tarihine kadar Kad\u0131k\u00f6y <strong>B\u00fcy\u00fck Kul\u00fcp Sergi Salonu<\/strong>\u2019nda ziyarete a\u00e7\u0131k kalacak.<\/p>\n<\/blockquote>\n\n\n\n<p><a href=\"https:\/\/www.cumhuriyet.com.tr\/kultur-sanat\/rakamlardan-renklere-yolculuk-ressam-bayram-erli-nin-ilk-sergisi-acildi-2499180\">https:\/\/www.cumhuriyet.com.tr\/kultur-sanat\/rakamlardan-renklere-yolculuk-ressam-bayram-erli-nin-ilk-sergisi-acildi-2499180<\/a><\/p>\n","protected":false},"excerpt":{"rendered":"<p>Uzun y\u0131llar finans sekt\u00f6r\u00fcnde rakamlarla \u00f6r\u00fcl\u00fc profesyonel bir kariyer s\u00fcrd\u00fcren Bayram Erli, sanat d\u00fcnyas\u0131na etkileyici bir giri\u015f yapt\u0131. Sanat\u00e7\u0131n\u0131n do\u011fay\u0131 izlenimci bir perspektifle yorumlad\u0131\u011f\u0131 ilk ki\u015fisel sergisi \u201cKayg\u0131s\u0131z Dinginlik \u0130\u00e7indeki D\u0131\u015f D\u00fcnya\u201d, Kad\u0131k\u00f6y\u2019deki B\u00fcy\u00fck Kul\u00fcp Sergi Salonu\u2019nda sanatseverlerin be\u011fenisine sunuldu. Do\u011fan\u0131n G\u00fcr\u00fclt\u00fcs\u00fcz G\u00fcc\u00fc Kad\u0131k\u00f6y\u2019de Bayram Erli, finans d\u00fcnyas\u0131n\u0131n yo\u011fun temposunun ard\u0131ndan f\u0131r\u00e7ay\u0131 eline alarak do\u011fan\u0131n [&hellip;]<\/p>\n","protected":false},"author":3,"featured_media":5008,"comment_status":"open","ping_status":"open","sticky":false,"template":"","format":"standard","meta":{"_jetpack_memberships_contains_paid_content":false,"footnotes":""},"categories":[3],"tags":[],"class_list":["post-5007","post","type-post","status-publish","format-standard","has-post-thumbnail","hentry","category-kultur-sanat-haberleri"],"jetpack_featured_media_url":"https:\/\/odakhaber.site\/wp-content\/uploads\/2026\/04\/0f4e9b8e-5112-49cf-81fc-970dbe782f22.jpg","jetpack_sharing_enabled":true,"_links":{"self":[{"href":"https:\/\/odakhaber.site\/index.php?rest_route=\/wp\/v2\/posts\/5007","targetHints":{"allow":["GET"]}}],"collection":[{"href":"https:\/\/odakhaber.site\/index.php?rest_route=\/wp\/v2\/posts"}],"about":[{"href":"https:\/\/odakhaber.site\/index.php?rest_route=\/wp\/v2\/types\/post"}],"author":[{"embeddable":true,"href":"https:\/\/odakhaber.site\/index.php?rest_route=\/wp\/v2\/users\/3"}],"replies":[{"embeddable":true,"href":"https:\/\/odakhaber.site\/index.php?rest_route=%2Fwp%2Fv2%2Fcomments&post=5007"}],"version-history":[{"count":1,"href":"https:\/\/odakhaber.site\/index.php?rest_route=\/wp\/v2\/posts\/5007\/revisions"}],"predecessor-version":[{"id":5009,"href":"https:\/\/odakhaber.site\/index.php?rest_route=\/wp\/v2\/posts\/5007\/revisions\/5009"}],"wp:featuredmedia":[{"embeddable":true,"href":"https:\/\/odakhaber.site\/index.php?rest_route=\/wp\/v2\/media\/5008"}],"wp:attachment":[{"href":"https:\/\/odakhaber.site\/index.php?rest_route=%2Fwp%2Fv2%2Fmedia&parent=5007"}],"wp:term":[{"taxonomy":"category","embeddable":true,"href":"https:\/\/odakhaber.site\/index.php?rest_route=%2Fwp%2Fv2%2Fcategories&post=5007"},{"taxonomy":"post_tag","embeddable":true,"href":"https:\/\/odakhaber.site\/index.php?rest_route=%2Fwp%2Fv2%2Ftags&post=5007"}],"curies":[{"name":"wp","href":"https:\/\/api.w.org\/{rel}","templated":true}]}}