{"id":5032,"date":"2026-04-28T19:59:42","date_gmt":"2026-04-28T19:59:42","guid":{"rendered":"https:\/\/odakhaber.site\/?p=5032"},"modified":"2026-04-28T19:59:42","modified_gmt":"2026-04-28T19:59:42","slug":"turkiyede-hepatit-a-asisinda-kritik-gelisme-formulasyon-ve-dolum-islemleri-ilk-kez-yurt-icinde-yapildi","status":"publish","type":"post","link":"https:\/\/odakhaber.site\/?p=5032","title":{"rendered":"T\u00fcrkiye\u2019de Hepatit A A\u015f\u0131s\u0131nda Kritik Geli\u015fme: Form\u00fclasyon ve Dolum \u0130\u015flemleri \u0130lk Kez Yurt \u0130\u00e7inde Yap\u0131ld\u0131"},"content":{"rendered":"\n<figure class=\"wp-block-image\"><img decoding=\"async\" src=\"https:\/\/i0.wp.com\/hurbakisgazetesi.com\/wp-content\/uploads\/2026\/04\/gOiq-hepatit-a-asisinda-tarihi-adim-formulasyon-ve-dolum-ilk-kez-turkiyede-yapildi-1.webp?resize=816%2C459&amp;ssl=1\" alt=\"\" title=\"T\u00fcrkiye\u2019de Hepatit A A\u015f\u0131s\u0131nda Kritik Geli\u015fme: Form\u00fclasyon ve Dolum \u0130\u015flemleri \u0130lk Kez Yurt \u0130\u00e7inde Yap\u0131ld\u0131\"\/><\/figure>\n\n\n\n<p><strong>Hepatit A a\u015f\u0131s\u0131n\u0131n \u00fcretim s\u00fcre\u00e7lerinden olan form\u00fclasyon ve dolum a\u015famalar\u0131, T\u00fcrkiye\u2019de ilk defa ba\u015far\u0131yla ger\u00e7ekle\u015ftirildi. Yerli imkanlarla haz\u0131rlanan a\u015f\u0131lar, \u00fclke genelinde yayg\u0131n bir \u015fekilde kullan\u0131ma sunuldu.<\/strong><\/p>\n\n\n\n<figure class=\"wp-block-image\"><img decoding=\"async\" src=\"https:\/\/i0.wp.com\/hurbakisgazetesi.com\/wp-content\/uploads\/2026\/04\/gOiq-hepatit-a-asisinda-tarihi-adim-formulasyon-ve-dolum-ilk-kez-turkiyede-yapildi-1.webp?resize=616%2C347&amp;ssl=1\" alt=\"\" class=\"wp-image-11033\"\/><\/figure>\n\n\n\n<p>T\u00fcrkiye\u2019de Hepatit A a\u015f\u0131s\u0131n\u0131n form\u00fclasyon ve dolum evreleri ilk kez ba\u015far\u0131yla tamamland\u0131. Ya\u015fanan bu stratejik geli\u015fmenin ard\u0131ndan a\u015f\u0131lar, \u00fclke genelindeki t\u00fcm illerde vatanda\u015flar\u0131n eri\u015fimine a\u00e7\u0131ld\u0131.<\/p>\n\n\n\n<h3 class=\"wp-block-heading\">Sa\u011fl\u0131k Bakanl\u0131\u011f\u0131\u2019ndan Yerli \u00dcretim Hamlesine Vurgu<\/h3>\n\n\n\n<p>D\u00fcnya A\u015f\u0131 Haftas\u0131 m\u00fcnasebetiyle Sa\u011fl\u0131k Bakanl\u0131\u011f\u0131 taraf\u0131ndan servis edilen a\u00e7\u0131klamada; ba\u015fta kuduz a\u015f\u0131s\u0131 olmak \u00fczere ulusal a\u015f\u0131 takviminde yer alan t\u00fcm a\u015f\u0131lar\u0131n T\u00fcrkiye s\u0131n\u0131rlar\u0131 i\u00e7erisinde \u00fcretilmesine y\u00f6nelik teknik \u00e7al\u0131\u015fmalar\u0131n titizlikle s\u00fcrd\u00fcr\u00fcld\u00fc\u011f\u00fc kaydedildi.<\/p>\n\n\n\n<h3 class=\"wp-block-heading\">13 Farkl\u0131 Hastal\u0131\u011fa Y\u00f6nelik Ulusal A\u015f\u0131lama Program\u0131<\/h3>\n\n\n\n<p>\u00dclke genelinde y\u00fcr\u00fct\u00fclen Geni\u015fletilmi\u015f Ba\u011f\u0131\u015f\u0131klama Program\u0131 (GBP) \u00e7er\u00e7evesinde, toplamda 13 ayr\u0131 hastal\u0131\u011fa kar\u015f\u0131 etkin a\u015f\u0131lama faaliyetleri icra ediliyor. Bu hastal\u0131klar listesinde; difteri, bo\u011fmaca, tetanos, k\u0131zam\u0131k, k\u0131zam\u0131k\u00e7\u0131k, kabakulak, t\u00fcberk\u00fcloz, \u00e7ocuk felci, hepatit A ve B, su\u00e7i\u00e7e\u011fi, Hib enfeksiyonu ile pn\u00f6mokok hastal\u0131klar\u0131 bulunuyor.<\/p>\n\n\n\n<h3 class=\"wp-block-heading\">Eri\u015fkin Bireyler ve Risk Gruplar\u0131nda A\u015f\u0131 Uygulamalar\u0131<\/h3>\n\n\n\n<p>Yeti\u015fkinlerde her 10 y\u0131ll\u0131k periyotlarla tetanos-difteri a\u015f\u0131s\u0131 tekrarlan\u0131rken; gebe kad\u0131nlara tetanos-difteri, bo\u011fmaca ve influenza a\u015f\u0131lar\u0131 uygulan\u0131yor. 65 ya\u015f \u00fczerindeki bireylere grip ve zat\u00fcrre a\u015f\u0131lar\u0131 tatbik edilirken, y\u00fcksek risk grubundaki ki\u015filer i\u00e7in bir\u00e7ok bula\u015f\u0131c\u0131 hastal\u0131\u011fa kar\u015f\u0131 ek a\u015f\u0131lama se\u00e7enekleri sunuluyor.<\/p>\n\n\n\n<h3 class=\"wp-block-heading\">\u00c7ocuklar \u0130\u00e7in Geli\u015ftirilen 6 Bile\u015fenli Karma A\u015f\u0131<\/h3>\n\n\n\n<p>Ge\u00e7ti\u011fimiz y\u0131l itibar\u0131yla devreye al\u0131nan 6 bile\u015fenli karma a\u015f\u0131 sayesinde \u00e7ocuklar; tek bir enjeksiyonla difteri, bo\u011fmaca, tetanos, \u00e7ocuk felci, Hib ve hepatit B hastal\u0131klar\u0131na kar\u015f\u0131 koruma alt\u0131na al\u0131n\u0131yor. Bu modern y\u00f6ntemle, daha az enjeksiyon say\u0131s\u0131 ile daha geni\u015f kapsaml\u0131 bir ba\u011f\u0131\u015f\u0131kl\u0131k sa\u011flan\u0131yor.<\/p>\n\n\n\n<h3 class=\"wp-block-heading\">Hepatit A Vaka Say\u0131lar\u0131nda \u00d6nemli Gerileme<\/h3>\n\n\n\n<p>Hepatit A a\u015f\u0131s\u0131n\u0131n 2012 y\u0131l\u0131nda Ulusal A\u015f\u0131 Takvimi\u2019ne entegre edilmesiyle birlikte, hastal\u0131\u011f\u0131n g\u00f6r\u00fclme s\u0131kl\u0131\u011f\u0131nda maj\u00f6r bir d\u00fc\u015f\u00fc\u015f izlendi. T\u00fcrkiye\u2019deki vaka oranlar\u0131n\u0131n Avrupa ortalamas\u0131n\u0131n alt\u0131na indi\u011fi ve d\u00fcnya genelindeki en d\u00fc\u015f\u00fck seviyelerden birine geriledi\u011fi verilerle ortaya koyuldu.<\/p>\n\n\n\n<h3 class=\"wp-block-heading\">Yerli A\u015f\u0131 \u00dcretim S\u00fcrecinde Yeni Bir D\u00f6nem<\/h3>\n\n\n\n<p>Sa\u011fl\u0131k sekt\u00f6r\u00fcndeki yerli \u00fcretim faaliyetlerinin kararl\u0131l\u0131kla devam etti\u011fi vurgulan\u0131rken; Hepatit A ve su\u00e7i\u00e7e\u011fi a\u015f\u0131lar\u0131n\u0131n teknoloji transferi y\u00f6ntemiyle \u00fcretildi\u011fi dile getirildi. Gelinen son noktada ise Hepatit A a\u015f\u0131s\u0131n\u0131n form\u00fclasyon ve dolum operasyonlar\u0131 art\u0131k tamamen T\u00fcrkiye\u2019de ger\u00e7ekle\u015ftirilmeye ba\u015fland\u0131.<\/p>\n\n\n\n<p>KARDE\u015e HABER <\/p>\n\n\n\n<figure class=\"wp-block-embed is-type-wp-embed is-provider-h-r-bak-gazetesi wp-block-embed-h-r-bak-gazetesi\"><div class=\"wp-block-embed__wrapper\">\n<blockquote class=\"wp-embedded-content\" data-secret=\"zM238vfUZ8\"><a href=\"https:\/\/hurbakisgazetesi.com\/2026\/04\/28\/turkiyede-hepatit-a-asisinda-kritik-gelisme-formulasyon-ve-dolum-islemleri-ilk-kez-yurt-icinde-yapildi\/\">T\u00fcrkiye\u2019de Hepatit A A\u015f\u0131s\u0131nda Kritik Geli\u015fme: Form\u00fclasyon ve Dolum \u0130\u015flemleri \u0130lk Kez Yurt \u0130\u00e7inde Yap\u0131ld\u0131<\/a><\/blockquote><iframe loading=\"lazy\" class=\"wp-embedded-content\" sandbox=\"allow-scripts\" security=\"restricted\" style=\"position: absolute; visibility: hidden;\" title=\"&#8220;T\u00fcrkiye\u2019de Hepatit A A\u015f\u0131s\u0131nda Kritik Geli\u015fme: Form\u00fclasyon ve Dolum \u0130\u015flemleri \u0130lk Kez Yurt \u0130\u00e7inde Yap\u0131ld\u0131&#8221; &#8212; H\u00fcr Bak\u0131\u015f Gazetesi\" src=\"https:\/\/hurbakisgazetesi.com\/2026\/04\/28\/turkiyede-hepatit-a-asisinda-kritik-gelisme-formulasyon-ve-dolum-islemleri-ilk-kez-yurt-icinde-yapildi\/embed\/#?secret=j9nOiyOjRQ#?secret=zM238vfUZ8\" data-secret=\"zM238vfUZ8\" width=\"600\" height=\"338\" frameborder=\"0\" marginwidth=\"0\" marginheight=\"0\" scrolling=\"no\"><\/iframe>\n<\/div><\/figure>\n\n\n\n<p><\/p>\n","protected":false},"excerpt":{"rendered":"<p>Hepatit A a\u015f\u0131s\u0131n\u0131n \u00fcretim s\u00fcre\u00e7lerinden olan form\u00fclasyon ve dolum a\u015famalar\u0131, T\u00fcrkiye\u2019de ilk defa ba\u015far\u0131yla ger\u00e7ekle\u015ftirildi. Yerli imkanlarla haz\u0131rlanan a\u015f\u0131lar, \u00fclke genelinde yayg\u0131n bir \u015fekilde kullan\u0131ma sunuldu. T\u00fcrkiye\u2019de Hepatit A a\u015f\u0131s\u0131n\u0131n form\u00fclasyon ve dolum evreleri ilk kez ba\u015far\u0131yla tamamland\u0131. Ya\u015fanan bu stratejik geli\u015fmenin ard\u0131ndan a\u015f\u0131lar, \u00fclke genelindeki t\u00fcm illerde vatanda\u015flar\u0131n eri\u015fimine a\u00e7\u0131ld\u0131. Sa\u011fl\u0131k Bakanl\u0131\u011f\u0131\u2019ndan Yerli \u00dcretim [&hellip;]<\/p>\n","protected":false},"author":5,"featured_media":5033,"comment_status":"open","ping_status":"open","sticky":false,"template":"","format":"standard","meta":{"_jetpack_memberships_contains_paid_content":false,"footnotes":""},"categories":[39],"tags":[],"class_list":["post-5032","post","type-post","status-publish","format-standard","has-post-thumbnail","hentry","category-saglik-haberleri"],"jetpack_featured_media_url":"https:\/\/odakhaber.site\/wp-content\/uploads\/2026\/04\/gOiq-hepatit-a-asisinda-tarihi-adim-formulasyon-ve-dolum-ilk-kez-turkiyede-yapildi-1.webp","jetpack_sharing_enabled":true,"_links":{"self":[{"href":"https:\/\/odakhaber.site\/index.php?rest_route=\/wp\/v2\/posts\/5032","targetHints":{"allow":["GET"]}}],"collection":[{"href":"https:\/\/odakhaber.site\/index.php?rest_route=\/wp\/v2\/posts"}],"about":[{"href":"https:\/\/odakhaber.site\/index.php?rest_route=\/wp\/v2\/types\/post"}],"author":[{"embeddable":true,"href":"https:\/\/odakhaber.site\/index.php?rest_route=\/wp\/v2\/users\/5"}],"replies":[{"embeddable":true,"href":"https:\/\/odakhaber.site\/index.php?rest_route=%2Fwp%2Fv2%2Fcomments&post=5032"}],"version-history":[{"count":1,"href":"https:\/\/odakhaber.site\/index.php?rest_route=\/wp\/v2\/posts\/5032\/revisions"}],"predecessor-version":[{"id":5034,"href":"https:\/\/odakhaber.site\/index.php?rest_route=\/wp\/v2\/posts\/5032\/revisions\/5034"}],"wp:featuredmedia":[{"embeddable":true,"href":"https:\/\/odakhaber.site\/index.php?rest_route=\/wp\/v2\/media\/5033"}],"wp:attachment":[{"href":"https:\/\/odakhaber.site\/index.php?rest_route=%2Fwp%2Fv2%2Fmedia&parent=5032"}],"wp:term":[{"taxonomy":"category","embeddable":true,"href":"https:\/\/odakhaber.site\/index.php?rest_route=%2Fwp%2Fv2%2Fcategories&post=5032"},{"taxonomy":"post_tag","embeddable":true,"href":"https:\/\/odakhaber.site\/index.php?rest_route=%2Fwp%2Fv2%2Ftags&post=5032"}],"curies":[{"name":"wp","href":"https:\/\/api.w.org\/{rel}","templated":true}]}}