{"id":5052,"date":"2026-04-28T20:30:16","date_gmt":"2026-04-28T20:30:16","guid":{"rendered":"https:\/\/odakhaber.site\/?p=5052"},"modified":"2026-04-28T20:30:16","modified_gmt":"2026-04-28T20:30:16","slug":"harika-bir-insanla-calisma-ayricaligina-sahip-oldum","status":"publish","type":"post","link":"https:\/\/odakhaber.site\/?p=5052","title":{"rendered":"&#8220;Harika Bir \u0130nsanla \u00c7al\u0131\u015fma Ayr\u0131cal\u0131\u011f\u0131na Sahip Oldum&#8221;"},"content":{"rendered":"\n<p>Guendouzi, yay\u0131mlad\u0131\u011f\u0131 veda mesaj\u0131nda Tedesco&#8217;nun hem saha i\u00e7indeki teknik adaml\u0131\u011f\u0131na hem de saha d\u0131\u015f\u0131ndaki karakterine vurgu yapt\u0131. Tecr\u00fcbeli futbolcunun a\u00e7\u0131klamas\u0131nda \u015fu ifadeler \u00f6ne \u00e7\u0131kt\u0131:<\/p>\n\n\n\n<blockquote class=\"wp-block-quote is-layout-flow wp-block-quote-is-layout-flow\">\n<p>&#8220;Benim i\u00e7in yapt\u0131\u011f\u0131n her \u015fey i\u00e7in te\u015fekk\u00fcr ederim hocam, her zaman minnettar kalaca\u011f\u0131m. Harika bir hoca ve harika bir insanla \u00e7al\u0131\u015fma ayr\u0131cal\u0131\u011f\u0131na sahip oldum. Ke\u015fke bu yolculuk daha uzun s\u00fcrseydi.&#8221;<\/p>\n<\/blockquote>\n\n\n\n<h2 class=\"wp-block-heading\"><strong>Unutulmaz An: S\u00fcper Kupa Ba\u015far\u0131s\u0131<\/strong><\/h2>\n\n\n\n<p>Birlikte ge\u00e7irdikleri s\u00fcrenin k\u0131sa s\u00fcrmesinden duydu\u011fu \u00fcz\u00fcnt\u00fcy\u00fc gizlemeyen Guendouzi, Tedesco y\u00f6netiminde kazan\u0131lan kupa ba\u015far\u0131s\u0131n\u0131 da hat\u0131rlatarak, &#8220;Olumlu yanlar\u0131n\u0131, \u00f6zellikle de&nbsp;<strong>S\u00fcper Kupa&#8217;y\u0131 birlikte kazanmay\u0131<\/strong>hat\u0131rlayaca\u011f\u0131m. Futbol vizyonunuz, tutkunuz ve s\u0131k\u0131 \u00e7al\u0131\u015fman\u0131z sizi b\u00fcy\u00fck ba\u015far\u0131lara ta\u015f\u0131maya devam edecek. Gelecekte hepinize iyi \u015fanslar diliyorum&#8221; dedi.<\/p>\n\n\n\n<p>Fenerbah\u00e7e\u2019de bir d\u00f6nemin kapan\u0131\u015f\u0131n\u0131 temsil eden bu veda, sar\u0131-lacivertli camiada Tedesco\u2019nun oyuncular \u00fczerindeki pozitif etkisini bir kez daha g\u00f6zler \u00f6n\u00fcne serdi.<\/p>\n\n\n\n<p><a href=\"https:\/\/www.fotomac.com.tr\/fenerbahce\/2026\/04\/28\/fenerbahcede-guendouzi-tedescoya-veda-etti\">https:\/\/www.fotomac.com.tr\/fenerbahce\/2026\/04\/28\/fenerbahcede-guendouzi-tedescoya-veda-etti<\/a><\/p>\n","protected":false},"excerpt":{"rendered":"<p>Guendouzi, yay\u0131mlad\u0131\u011f\u0131 veda mesaj\u0131nda Tedesco&#8217;nun hem saha i\u00e7indeki teknik adaml\u0131\u011f\u0131na hem de saha d\u0131\u015f\u0131ndaki karakterine vurgu yapt\u0131. Tecr\u00fcbeli futbolcunun a\u00e7\u0131klamas\u0131nda \u015fu ifadeler \u00f6ne \u00e7\u0131kt\u0131: &#8220;Benim i\u00e7in yapt\u0131\u011f\u0131n her \u015fey i\u00e7in te\u015fekk\u00fcr ederim hocam, her zaman minnettar kalaca\u011f\u0131m. Harika bir hoca ve harika bir insanla \u00e7al\u0131\u015fma ayr\u0131cal\u0131\u011f\u0131na sahip oldum. Ke\u015fke bu yolculuk daha uzun s\u00fcrseydi.&#8221; Unutulmaz [&hellip;]<\/p>\n","protected":false},"author":4,"featured_media":5053,"comment_status":"open","ping_status":"open","sticky":false,"template":"","format":"standard","meta":{"_jetpack_memberships_contains_paid_content":false,"footnotes":""},"categories":[9],"tags":[],"class_list":["post-5052","post","type-post","status-publish","format-standard","has-post-thumbnail","hentry","category-spor"],"jetpack_featured_media_url":"https:\/\/odakhaber.site\/wp-content\/uploads\/2026\/04\/633x358-fenerbahcede-guendouzi-tedescoya-veda-etti-1777401329521.jpeg","jetpack_sharing_enabled":true,"_links":{"self":[{"href":"https:\/\/odakhaber.site\/index.php?rest_route=\/wp\/v2\/posts\/5052","targetHints":{"allow":["GET"]}}],"collection":[{"href":"https:\/\/odakhaber.site\/index.php?rest_route=\/wp\/v2\/posts"}],"about":[{"href":"https:\/\/odakhaber.site\/index.php?rest_route=\/wp\/v2\/types\/post"}],"author":[{"embeddable":true,"href":"https:\/\/odakhaber.site\/index.php?rest_route=\/wp\/v2\/users\/4"}],"replies":[{"embeddable":true,"href":"https:\/\/odakhaber.site\/index.php?rest_route=%2Fwp%2Fv2%2Fcomments&post=5052"}],"version-history":[{"count":1,"href":"https:\/\/odakhaber.site\/index.php?rest_route=\/wp\/v2\/posts\/5052\/revisions"}],"predecessor-version":[{"id":5054,"href":"https:\/\/odakhaber.site\/index.php?rest_route=\/wp\/v2\/posts\/5052\/revisions\/5054"}],"wp:featuredmedia":[{"embeddable":true,"href":"https:\/\/odakhaber.site\/index.php?rest_route=\/wp\/v2\/media\/5053"}],"wp:attachment":[{"href":"https:\/\/odakhaber.site\/index.php?rest_route=%2Fwp%2Fv2%2Fmedia&parent=5052"}],"wp:term":[{"taxonomy":"category","embeddable":true,"href":"https:\/\/odakhaber.site\/index.php?rest_route=%2Fwp%2Fv2%2Fcategories&post=5052"},{"taxonomy":"post_tag","embeddable":true,"href":"https:\/\/odakhaber.site\/index.php?rest_route=%2Fwp%2Fv2%2Ftags&post=5052"}],"curies":[{"name":"wp","href":"https:\/\/api.w.org\/{rel}","templated":true}]}}