{"id":5055,"date":"2026-04-28T20:32:40","date_gmt":"2026-04-28T20:32:40","guid":{"rendered":"https:\/\/odakhaber.site\/?p=5055"},"modified":"2026-04-28T20:32:40","modified_gmt":"2026-04-28T20:32:40","slug":"porscheden-japonya-pazarina-munhasir-sanatsal-dokunus-911-gt3-artisan-edition-tanitildi","status":"publish","type":"post","link":"https:\/\/odakhaber.site\/?p=5055","title":{"rendered":"Porsche\u2019den Japonya Pazar\u0131na M\u00fcnhas\u0131r Sanatsal Dokunu\u015f: 911 GT3 Artisan Edition Tan\u0131t\u0131ld\u0131"},"content":{"rendered":"\n<figure class=\"wp-block-image\"><img decoding=\"async\" src=\"https:\/\/i0.wp.com\/hurbakisgazetesi.com\/wp-content\/uploads\/2026\/04\/porscheden-japonyaya-ozel-911-gt3-artisan-edition.webp?resize=816%2C459&amp;ssl=1\" alt=\"\" title=\"Porsche\u2019den Japonya Pazar\u0131na M\u00fcnhas\u0131r Sanatsal Dokunu\u015f: 911 GT3 Artisan Edition Tan\u0131t\u0131ld\u0131\"\/><\/figure>\n\n\n\n<p><strong>Alman otomobil devi Porsche, Japonya\u2019ya \u00f6zel olarak tasarlad\u0131\u011f\u0131 ve \u00fcretim adedi d\u00fcnya genelinde yaln\u0131zca 30 ile s\u0131n\u0131rland\u0131r\u0131lan 911 GT3 Artisan Edition modelini resmi olarak duyurdu. Geleneksel el sanatlar\u0131n\u0131n modern m\u00fchendislikle harmanland\u0131\u011f\u0131 bu \u00f6zel serinin t\u00fcm detaylar\u0131 teknoloji ve otomobil merakl\u0131lar\u0131 i\u00e7in payla\u015f\u0131ld\u0131.<\/strong><\/p>\n\n\n\n<figure class=\"wp-block-image\"><img decoding=\"async\" src=\"https:\/\/i0.wp.com\/hurbakisgazetesi.com\/wp-content\/uploads\/2026\/04\/porscheden-japonyaya-ozel-911-gt3-artisan-edition-1024x576.webp?resize=616%2C347&amp;ssl=1\" alt=\"\" class=\"wp-image-11044\"\/><\/figure>\n\n\n\n<p>Porsche, Exclusive Manufaktur departman\u0131n\u0131n imzas\u0131n\u0131 ta\u015f\u0131yan ve sadece Japonya pazar\u0131 i\u00e7in \u00f6zel olarak geli\u015ftirilen 911 GT3 Artisan Edition modelini g\u00f6r\u00fcc\u00fcye \u00e7\u0131kard\u0131. Toplamda yaln\u0131zca 30 adet \u00fcretilecek olan bu nadide seri, Japon k\u00fclt\u00fcr\u00fcn\u00fcn k\u00f6kl\u00fc geleneksel el sanatlar\u0131na bir sayg\u0131 duru\u015fu niteli\u011fi ta\u015f\u0131yor.<\/p>\n\n\n\n<p>Otomobilin estetik tasar\u0131m dilinde, Japonya\u2019n\u0131n me\u015fhur geleneksel kesme cam sanat\u0131 ve indigo boyama tekniklerinden al\u0131nan ilhamlar \u00f6n plana \u00e7\u0131k\u0131yor. Saf beyaz g\u00f6vde rengiyle kombinlenen model, \u201cClub Blue\u201d ad\u0131 verilen grafik tasar\u0131mlar ve arka \u00e7amurluk b\u00f6lgesine konumland\u0131r\u0131lan a\u00e7\u0131k mavi detaylarla g\u00f6rsel bir derinlik kazan\u0131yor.<\/p>\n\n\n\n<h3 class=\"wp-block-heading\">Japon Gelenekleriyle Harmanlanan \u00dcst\u00fcn Performans Disiplini<\/h3>\n\n\n\n<p>Arac\u0131n d\u0131\u015f tasar\u0131m\u0131nda tercih edilen ve degrade ge\u00e7i\u015flere sahip olan \u00f6zel \u201clivery\u201d \u00e7al\u0131\u015fmas\u0131, hem aerodinamik hava ak\u0131\u015f\u0131n\u0131 hem de zaman\u0131n ak\u0131\u015fkanl\u0131\u011f\u0131n\u0131 sembolize ediyor. Tasar\u0131mdaki kontrast\u0131 g\u00fc\u00e7lendirmek ad\u0131na \u00f6n tekerlekler beyaz renkte tutulurken; arka tekerleklerde Japon cam i\u015f\u00e7ili\u011finin zarif dokusunu and\u0131ran a\u011f desenli, karbon fiberden imal edilmi\u015f aero kapaklar kullan\u0131l\u0131yor.<\/p>\n\n\n\n<figure class=\"wp-block-image\"><img decoding=\"async\" src=\"https:\/\/i0.wp.com\/hurbakisgazetesi.com\/wp-content\/uploads\/2026\/04\/porscheden-japonyaya-ozel-911-gt3-artisan-edition-2.webp?resize=616%2C308&amp;ssl=1\" alt=\"\" class=\"wp-image-11045\"\/><\/figure>\n\n\n\n<p>\u0130\u00e7 mekanda da d\u0131\u015f tasar\u0131mdaki tematik b\u00fct\u00fcnl\u00fck titizlikle korunmaya devam ediyor. \u201cSpeed Blue\u201d ve beyaz diki\u015flerle i\u015flenen deri detaylar; \u00f6n panel, orta konsol ve kap\u0131 panellerine kadar uzanan geni\u015f bir alanda kendini g\u00f6steriyor. Koltuklarda ise indigo boyama sanat\u0131na \u00f6zg\u00fc motifler yer al\u0131yor. Teknik bir detay olarak, Japonya\u2019daki sa\u011fdan direksiyonlu trafik d\u00fczenine ra\u011fmen bu \u00f6zel koleksiyonun tamam\u0131n\u0131n soldan direksiyonlu olarak banttan indirilmesi dikkat \u00e7ekiyor.<\/p>\n\n\n\n<figure class=\"wp-block-image\"><img decoding=\"async\" src=\"https:\/\/i0.wp.com\/hurbakisgazetesi.com\/wp-content\/uploads\/2026\/04\/porscheden-japonyaya-ozel-911-gt3-artisan-edition-3.webp?resize=616%2C325&amp;ssl=1\" alt=\"\" class=\"wp-image-11047\"\/><\/figure>\n\n\n\n<p>Ara\u00e7 performans\u0131 taraf\u0131nda ise 992.2 GT3 modelinin s\u0131n\u0131rlar\u0131n\u0131 zorlayan Manthey Kit donan\u0131m\u0131 standart olarak sunuluyor. Bu kapsaml\u0131 kit; d\u00f6rt farkl\u0131 y\u00f6ne ayarlanabilen coilover s\u00fcspansiyon sistemini, yere basma kuvvetini (downforce) maksimize eden aerodinamik g\u00fcncellemeleri ve pist odakl\u0131 geli\u015ftirilen fren iyile\u015ftirmelerini b\u00fcnyesinde bar\u0131nd\u0131r\u0131yor.<\/p>\n\n\n\n<h3 class=\"wp-block-heading\">Teknik Detaylar ve \u00d6zel Aksesuar Koleksiyonu<\/h3>\n\n\n\n<p>911 GT3 Artisan Edition, motor sporlar\u0131 d\u00fcnyas\u0131ndan izler ta\u015f\u0131yan ve 507 beygir g\u00fc\u00e7 ile 450 Nm tork \u00fcreten atmosferik flat-six motoruyla yollara \u00e7\u0131k\u0131yor. Maksimum 9.000 devir \u00e7evirme kapasitesine sahip olan bu y\u00fcksek performansl\u0131 \u00fcnite, g\u00fcc\u00fcn\u00fc yedi ileri \u00e7ift kavramal\u0131 PDK \u015fanz\u0131man teknolojisiyle tekerleklere aktar\u0131yor.<\/p>\n\n\n\n<figure class=\"wp-block-image\"><img decoding=\"async\" src=\"https:\/\/i0.wp.com\/hurbakisgazetesi.com\/wp-content\/uploads\/2026\/04\/porscheden-japonyaya-ozel-911-gt3-artisan-edition-4-2048x1536-1.webp?resize=616%2C462&amp;ssl=1\" alt=\"\" class=\"wp-image-11048\"\/><\/figure>\n\n\n\n<p>Porsche, s\u0131n\u0131rl\u0131 \u00fcretim olan bu modelin resmi sat\u0131\u015f fiyat\u0131na dair hen\u00fcz kesin bir rakam payla\u015fmad\u0131. Ancak b\u00fcnyesindeki Manthey donan\u0131m paketi ve 30 adetlik k\u0131s\u0131tl\u0131 \u00fcretim hacmi g\u00f6z \u00f6n\u00fcne al\u0131nd\u0131\u011f\u0131nda, arac\u0131n Japonya\u2019daki standart 911 GT3 baz fiyat\u0131 olan 28.680.000 Yen\u2019in olduk\u00e7a \u00fczerinde bir bedelle sat\u0131\u015fa sunulmas\u0131 bekleniyor.<\/p>\n\n\n\n<p>Otomobilin lansman\u0131yla birlikte, arac\u0131n indigo ve sanatsal temas\u0131n\u0131 tamamlayan \u201cWearable Heritage Collection\u201d adl\u0131 \u00f6zel bir aksesuar serisi de kullan\u0131c\u0131lar\u0131n be\u011fenisine sunuldu.<\/p>\n\n\n\n<p>KARDE\u015e HABER<\/p>\n\n\n\n<figure class=\"wp-block-embed is-type-wp-embed is-provider-h-r-bak-gazetesi wp-block-embed-h-r-bak-gazetesi\"><div class=\"wp-block-embed__wrapper\">\n<blockquote class=\"wp-embedded-content\" data-secret=\"OuipDKJyfP\"><a href=\"https:\/\/hurbakisgazetesi.com\/2026\/04\/28\/porscheden-japonya-pazarina-munhasir-sanatsal-dokunus-911-gt3-artisan-edition-tanitildi\/\">Porsche\u2019den Japonya Pazar\u0131na M\u00fcnhas\u0131r Sanatsal Dokunu\u015f: 911 GT3 Artisan Edition Tan\u0131t\u0131ld\u0131<\/a><\/blockquote><iframe loading=\"lazy\" class=\"wp-embedded-content\" sandbox=\"allow-scripts\" security=\"restricted\" style=\"position: absolute; visibility: hidden;\" title=\"&#8220;Porsche\u2019den Japonya Pazar\u0131na M\u00fcnhas\u0131r Sanatsal Dokunu\u015f: 911 GT3 Artisan Edition Tan\u0131t\u0131ld\u0131&#8221; &#8212; H\u00fcr Bak\u0131\u015f Gazetesi\" src=\"https:\/\/hurbakisgazetesi.com\/2026\/04\/28\/porscheden-japonya-pazarina-munhasir-sanatsal-dokunus-911-gt3-artisan-edition-tanitildi\/embed\/#?secret=oP35RaGGgU#?secret=OuipDKJyfP\" data-secret=\"OuipDKJyfP\" width=\"600\" height=\"338\" frameborder=\"0\" marginwidth=\"0\" marginheight=\"0\" scrolling=\"no\"><\/iframe>\n<\/div><\/figure>\n","protected":false},"excerpt":{"rendered":"<p>Alman otomobil devi Porsche, Japonya\u2019ya \u00f6zel olarak tasarlad\u0131\u011f\u0131 ve \u00fcretim adedi d\u00fcnya genelinde yaln\u0131zca 30 ile s\u0131n\u0131rland\u0131r\u0131lan 911 GT3 Artisan Edition modelini resmi olarak duyurdu. Geleneksel el sanatlar\u0131n\u0131n modern m\u00fchendislikle harmanland\u0131\u011f\u0131 bu \u00f6zel serinin t\u00fcm detaylar\u0131 teknoloji ve otomobil merakl\u0131lar\u0131 i\u00e7in payla\u015f\u0131ld\u0131. Porsche, Exclusive Manufaktur departman\u0131n\u0131n imzas\u0131n\u0131 ta\u015f\u0131yan ve sadece Japonya pazar\u0131 i\u00e7in \u00f6zel olarak [&hellip;]<\/p>\n","protected":false},"author":4,"featured_media":5056,"comment_status":"open","ping_status":"open","sticky":false,"template":"","format":"standard","meta":{"_jetpack_memberships_contains_paid_content":false,"footnotes":""},"categories":[40],"tags":[],"class_list":["post-5055","post","type-post","status-publish","format-standard","has-post-thumbnail","hentry","category-teknoloji-haberleri"],"jetpack_featured_media_url":"https:\/\/odakhaber.site\/wp-content\/uploads\/2026\/04\/porscheden-japonyaya-ozel-911-gt3-artisan-edition.webp","jetpack_sharing_enabled":true,"_links":{"self":[{"href":"https:\/\/odakhaber.site\/index.php?rest_route=\/wp\/v2\/posts\/5055","targetHints":{"allow":["GET"]}}],"collection":[{"href":"https:\/\/odakhaber.site\/index.php?rest_route=\/wp\/v2\/posts"}],"about":[{"href":"https:\/\/odakhaber.site\/index.php?rest_route=\/wp\/v2\/types\/post"}],"author":[{"embeddable":true,"href":"https:\/\/odakhaber.site\/index.php?rest_route=\/wp\/v2\/users\/4"}],"replies":[{"embeddable":true,"href":"https:\/\/odakhaber.site\/index.php?rest_route=%2Fwp%2Fv2%2Fcomments&post=5055"}],"version-history":[{"count":1,"href":"https:\/\/odakhaber.site\/index.php?rest_route=\/wp\/v2\/posts\/5055\/revisions"}],"predecessor-version":[{"id":5057,"href":"https:\/\/odakhaber.site\/index.php?rest_route=\/wp\/v2\/posts\/5055\/revisions\/5057"}],"wp:featuredmedia":[{"embeddable":true,"href":"https:\/\/odakhaber.site\/index.php?rest_route=\/wp\/v2\/media\/5056"}],"wp:attachment":[{"href":"https:\/\/odakhaber.site\/index.php?rest_route=%2Fwp%2Fv2%2Fmedia&parent=5055"}],"wp:term":[{"taxonomy":"category","embeddable":true,"href":"https:\/\/odakhaber.site\/index.php?rest_route=%2Fwp%2Fv2%2Fcategories&post=5055"},{"taxonomy":"post_tag","embeddable":true,"href":"https:\/\/odakhaber.site\/index.php?rest_route=%2Fwp%2Fv2%2Ftags&post=5055"}],"curies":[{"name":"wp","href":"https:\/\/api.w.org\/{rel}","templated":true}]}}