{"id":5058,"date":"2026-04-28T20:35:14","date_gmt":"2026-04-28T20:35:14","guid":{"rendered":"https:\/\/odakhaber.site\/?p=5058"},"modified":"2026-04-28T20:35:14","modified_gmt":"2026-04-28T20:35:14","slug":"domenico-tedesco-almanyada-gundemde","status":"publish","type":"post","link":"https:\/\/odakhaber.site\/?p=5058","title":{"rendered":"Domenico Tedesco Almanya\u2019da G\u00fcndemde:"},"content":{"rendered":"\n<figure class=\"wp-block-image\"><img decoding=\"async\" src=\"https:\/\/mavimanset.com\/wp-content\/uploads\/2026\/04\/img_6208.jpg\" alt=\"\"\/><\/figure>\n\n\n\n<p>Fenerbah\u00e7e, teknik direkt\u00f6r Domenico Tedesco ile yollar\u0131n\u0131 ay\u0131rd\u0131. Karar, Alman bas\u0131n\u0131nda geni\u015f yank\u0131 uyand\u0131rd\u0131.<\/p>\n\n\n\n<p>S\u00fcper Lig\u2019de Galatasaray kar\u015f\u0131s\u0131nda al\u0131nan derbi ma\u011flubiyetinin ard\u0131ndan gelen ayr\u0131l\u0131kta, puan fark\u0131n\u0131n a\u00e7\u0131lmas\u0131 belirleyici oldu.<\/p>\n\n\n\n<p>Alman bas\u0131n\u0131ndan Sport1, Tedesco\u2019nun ma\u00e7 ba\u015f\u0131na 2 puan ortalamas\u0131 yakalamas\u0131na ra\u011fmen derbi yenilgisi sonras\u0131 \u015fampiyonluk \u015fans\u0131n\u0131n neredeyse kalmad\u0131\u011f\u0131n\u0131 vurgulad\u0131.<\/p>\n\n\n\n<p>Kicker ise dikkat \u00e7ekici bir detaya yer verdi: \u201cFenerbah\u00e7e sezon boyunca sadece iki ma\u00e7 kaybetmi\u015f olsa da, al\u0131nan \u00e7ok say\u0131da beraberlik Galatasaray ile rekabet i\u00e7in yeterli olmad\u0131.\u201d<\/p>\n\n\n\n<p>Bild ve Sportschau, derbi ma\u011flubiyetinin do\u011frudan bu karara yol a\u00e7t\u0131\u011f\u0131n\u0131 yazarken;&nbsp;<a href=\"http:\/\/sport.de\/\">Sport.de<\/a>&nbsp;ve T-Online, sar\u0131-lacivertlilerin zirve yar\u0131\u015f\u0131nda geri d\u00fc\u015fmesinin ayr\u0131l\u0131\u011f\u0131n temel nedeni oldu\u011funa dikkat \u00e7ekti.<\/p>\n\n\n\n<p>Sezonun kritik b\u00f6l\u00fcm\u00fcnde gelen bu karar, Fenerbah\u00e7e\u2019nin \u015fampiyonluk umutlar\u0131n\u0131n ciddi \u015fekilde zay\u0131flad\u0131\u011f\u0131n\u0131 da ortaya koydu.<\/p>\n\n\n\n<p>KARDE\u015e HABER<\/p>\n\n\n\n<figure class=\"wp-block-embed is-type-wp-embed is-provider-mavi-man-et wp-block-embed-mavi-man-et\"><div class=\"wp-block-embed__wrapper\">\n<blockquote class=\"wp-embedded-content\" data-secret=\"NXHG8rNQ7Q\"><a href=\"https:\/\/mavimanset.com\/2026\/04\/28\/domenico-tedesco-almanyada-gundemde\/\">Domenico Tedesco Almanya\u2019da G\u00fcndemde:<\/a><\/blockquote><iframe loading=\"lazy\" class=\"wp-embedded-content\" sandbox=\"allow-scripts\" security=\"restricted\" style=\"position: absolute; visibility: hidden;\" title=\"&#8220;Domenico Tedesco Almanya\u2019da G\u00fcndemde:&#8221; &#8212; Mavi Man\u015fet\" src=\"https:\/\/mavimanset.com\/2026\/04\/28\/domenico-tedesco-almanyada-gundemde\/embed\/#?secret=1r4phg6G2K#?secret=NXHG8rNQ7Q\" data-secret=\"NXHG8rNQ7Q\" width=\"600\" height=\"338\" frameborder=\"0\" marginwidth=\"0\" marginheight=\"0\" scrolling=\"no\"><\/iframe>\n<\/div><\/figure>\n","protected":false},"excerpt":{"rendered":"<p>Fenerbah\u00e7e, teknik direkt\u00f6r Domenico Tedesco ile yollar\u0131n\u0131 ay\u0131rd\u0131. Karar, Alman bas\u0131n\u0131nda geni\u015f yank\u0131 uyand\u0131rd\u0131. S\u00fcper Lig\u2019de Galatasaray kar\u015f\u0131s\u0131nda al\u0131nan derbi ma\u011flubiyetinin ard\u0131ndan gelen ayr\u0131l\u0131kta, puan fark\u0131n\u0131n a\u00e7\u0131lmas\u0131 belirleyici oldu. Alman bas\u0131n\u0131ndan Sport1, Tedesco\u2019nun ma\u00e7 ba\u015f\u0131na 2 puan ortalamas\u0131 yakalamas\u0131na ra\u011fmen derbi yenilgisi sonras\u0131 \u015fampiyonluk \u015fans\u0131n\u0131n neredeyse kalmad\u0131\u011f\u0131n\u0131 vurgulad\u0131. Kicker ise dikkat \u00e7ekici bir detaya yer [&hellip;]<\/p>\n","protected":false},"author":4,"featured_media":5059,"comment_status":"open","ping_status":"open","sticky":false,"template":"","format":"standard","meta":{"_jetpack_memberships_contains_paid_content":false,"footnotes":""},"categories":[9],"tags":[],"class_list":["post-5058","post","type-post","status-publish","format-standard","has-post-thumbnail","hentry","category-spor"],"jetpack_featured_media_url":"https:\/\/odakhaber.site\/wp-content\/uploads\/2026\/04\/img_6208.jpg","jetpack_sharing_enabled":true,"_links":{"self":[{"href":"https:\/\/odakhaber.site\/index.php?rest_route=\/wp\/v2\/posts\/5058","targetHints":{"allow":["GET"]}}],"collection":[{"href":"https:\/\/odakhaber.site\/index.php?rest_route=\/wp\/v2\/posts"}],"about":[{"href":"https:\/\/odakhaber.site\/index.php?rest_route=\/wp\/v2\/types\/post"}],"author":[{"embeddable":true,"href":"https:\/\/odakhaber.site\/index.php?rest_route=\/wp\/v2\/users\/4"}],"replies":[{"embeddable":true,"href":"https:\/\/odakhaber.site\/index.php?rest_route=%2Fwp%2Fv2%2Fcomments&post=5058"}],"version-history":[{"count":1,"href":"https:\/\/odakhaber.site\/index.php?rest_route=\/wp\/v2\/posts\/5058\/revisions"}],"predecessor-version":[{"id":5060,"href":"https:\/\/odakhaber.site\/index.php?rest_route=\/wp\/v2\/posts\/5058\/revisions\/5060"}],"wp:featuredmedia":[{"embeddable":true,"href":"https:\/\/odakhaber.site\/index.php?rest_route=\/wp\/v2\/media\/5059"}],"wp:attachment":[{"href":"https:\/\/odakhaber.site\/index.php?rest_route=%2Fwp%2Fv2%2Fmedia&parent=5058"}],"wp:term":[{"taxonomy":"category","embeddable":true,"href":"https:\/\/odakhaber.site\/index.php?rest_route=%2Fwp%2Fv2%2Fcategories&post=5058"},{"taxonomy":"post_tag","embeddable":true,"href":"https:\/\/odakhaber.site\/index.php?rest_route=%2Fwp%2Fv2%2Ftags&post=5058"}],"curies":[{"name":"wp","href":"https:\/\/api.w.org\/{rel}","templated":true}]}}