{"id":5061,"date":"2026-04-29T18:39:09","date_gmt":"2026-04-29T18:39:09","guid":{"rendered":"https:\/\/odakhaber.site\/?p=5061"},"modified":"2026-04-29T18:39:09","modified_gmt":"2026-04-29T18:39:09","slug":"adriyatik-denizinde-olagan-disi-denizanasi-yogunlugu-balikcilik-faaliyetleri-etkileniyor","status":"publish","type":"post","link":"https:\/\/odakhaber.site\/?p=5061","title":{"rendered":"Adriyatik Denizi\u2019nde Ola\u011fan d\u0131\u015f\u0131 Denizanas\u0131 Yo\u011funlu\u011fu: Bal\u0131k\u00e7\u0131l\u0131k Faaliyetleri Etkileniyor"},"content":{"rendered":"\n<figure class=\"wp-block-image\"><img decoding=\"async\" src=\"https:\/\/i0.wp.com\/hurbakisgazetesi.com\/wp-content\/uploads\/2026\/04\/kojpg-tIb9rBqKz06Gf5HKIT8CyQ.webp?resize=776%2C436&amp;ssl=1\" alt=\"\" title=\"Adriyatik Denizi\u2019nde Ola\u011fan d\u0131\u015f\u0131 Denizanas\u0131 Yo\u011funlu\u011fu: Bal\u0131k\u00e7\u0131l\u0131k Faaliyetleri Etkileniyor\"\/><\/figure>\n\n\n\n<p><strong>Trieste K\u00f6rfezi\u2019nde son d\u00f6nemde g\u00f6zlemlenen a\u015f\u0131r\u0131 denizanas\u0131 art\u0131\u015f\u0131, b\u00f6lgedeki denizcilik ve bal\u0131k\u00e7\u0131l\u0131k faaliyetlerinde aksamalara neden oluyor. Do\u011fal bir d\u00f6ng\u00fcn\u00fcn sonucu olarak de\u011ferlendirilen bu yo\u011funluk, yerel ekosistem ve ticaret \u00fczerinde belirgin etkiler b\u0131rak\u0131yor.<\/strong><\/p>\n\n\n\n<figure class=\"wp-block-image\"><img decoding=\"async\" src=\"https:\/\/i0.wp.com\/hurbakisgazetesi.com\/wp-content\/uploads\/2026\/04\/kojpg-tIb9rBqKz06Gf5HKIT8CyQ.webp?resize=616%2C346&amp;ssl=1\" alt=\"\" class=\"wp-image-11135\"\/><\/figure>\n\n\n\n<p>Adriyatik Denizi\u2019nin kuzeyinde yer alan Trieste K\u00f6rfezi, son iki haftad\u0131r nadir g\u00f6r\u00fclen bir do\u011fa olay\u0131na ev sahipli\u011fi yap\u0131yor. B\u00f6lgede say\u0131lar\u0131 milyarlarla ifade edilen denizanas\u0131 pop\u00fclasyonu, deniz y\u00fczeyini geni\u015f \u00f6l\u00e7\u00fcde kaplam\u0131\u015f durumda. G\u00f6rsel a\u00e7\u0131dan dikkat \u00e7ekici sahneler olu\u015fturan bu biyolojik hareketlilik, b\u00f6lgedeki ticari faaliyetlerin s\u00fcrd\u00fcr\u00fclebilirli\u011fini ise zorla\u015ft\u0131r\u0131yor.<\/p>\n\n\n\n<h3 class=\"wp-block-heading\">Sekt\u00f6rel Yans\u0131malar ve Tedarik S\u00fcre\u00e7leri<\/h3>\n\n\n\n<p>Denizdeki bu yo\u011fun tabaka, b\u00f6lge bal\u0131k\u00e7\u0131l\u0131\u011f\u0131 i\u00e7in baz\u0131 teknik zorluklar\u0131 beraberinde getirdi. Yerel bal\u0131k\u00e7\u0131lar\u0131n aktard\u0131\u011f\u0131 bilgilere g\u00f6re, yo\u011fun denizanas\u0131 k\u00fctleleri avlanma ekipmanlar\u0131na a\u011f\u0131rl\u0131k vererek teknik hasarlara yol a\u00e7\u0131yor. Bu durum, b\u00f6lge esnaf\u0131n\u0131n denize a\u00e7\u0131lma s\u0131kl\u0131\u011f\u0131n\u0131 azalt\u0131rken, \u00f6zellikle sezonun en verimli d\u00f6neminde \u00fcretim kapasitesinin s\u0131n\u0131rlanmas\u0131na neden oldu.<\/p>\n\n\n\n<p>Yerel kaynaklardaki arz\u0131n bu do\u011fal s\u00fcre\u00e7 nedeniyle azalmas\u0131 \u00fczerine, i\u00e7 piyasadaki talebi kar\u015f\u0131lamak amac\u0131yla kom\u015fu \u00fclkelerle ticari i\u015f birlikleri h\u0131z kazand\u0131. B\u00f6lge pazarlar\u0131ndaki ihtiyac\u0131n kesintisiz devam etmesi i\u00e7in Slovenya ve H\u0131rvatistan gibi \u00e7evre \u00fclkelerden \u00fcr\u00fcn tedari\u011fine gidilerek tedarik zincirindeki denge korunmaya \u00e7al\u0131\u015f\u0131l\u0131yor.<\/p>\n\n\n\n<h3 class=\"wp-block-heading\">Uzman G\u00f6r\u00fc\u015fleri ve Operasyonel Zorluklar<\/h3>\n\n\n\n<p>B\u00f6lgede uzun y\u0131llard\u0131r faaliyet g\u00f6steren bal\u0131k\u00e7\u0131 Diego Sugan, mevcut durumu operasyonel bir k\u0131s\u0131tl\u0131l\u0131k olarak tan\u0131ml\u0131yor. Denizanalar\u0131n\u0131n a\u011flara zarar vermesi ve avlanma verimlili\u011fini d\u00fc\u015f\u00fcrmesi nedeniyle pek \u00e7ok teknenin limanda bekledi\u011fi ifade ediliyor. \u00d6zellikle \u00e7ipura gibi b\u00f6lgenin ekonomik de\u011feri y\u00fcksek t\u00fcrlerinin av mevsimine denk gelen bu yo\u011funluk, sezonun ticari beklentilerinin yeniden revize edilmesine yol a\u00e7t\u0131.<\/p>\n\n\n\n<h3 class=\"wp-block-heading\">Ekolojik Takip S\u00fcr\u00fcyor<\/h3>\n\n\n\n<p>Bilim insanlar\u0131, bu t\u00fcr pop\u00fclasyon patlamalar\u0131n\u0131n deniz suyu s\u0131cakl\u0131klar\u0131 ve ak\u0131nt\u0131 de\u011fi\u015fimleri gibi fakt\u00f6rlerden kaynaklanabilece\u011fini belirtiyor. Yetkililer, denizanas\u0131 yo\u011funlu\u011funun azalmas\u0131yla birlikte b\u00f6lgedeki ticari ve sportif denizcilik faaliyetlerinin normale d\u00f6nmesini bekliyor. Bu s\u00fcre\u00e7te yerel y\u00f6netimlerin, deniz emek\u00e7ilerinin kar\u015f\u0131la\u015ft\u0131\u011f\u0131 teknik maliyetleri ve piyasa dengelerini yak\u0131ndan takip etti\u011fi bildirildi.<\/p>\n\n\n\n<p>KARDE\u015e HABER <\/p>\n\n\n\n<figure class=\"wp-block-embed is-type-wp-embed is-provider-h-r-bak-gazetesi wp-block-embed-h-r-bak-gazetesi\"><div class=\"wp-block-embed__wrapper\">\n<blockquote class=\"wp-embedded-content\" data-secret=\"rZptJLZSuB\"><a href=\"https:\/\/hurbakisgazetesi.com\/2026\/04\/29\/adriyatik-denizinde-olagan-disi-denizanasi-yogunlugu-balikcilik-faaliyetleri-etkileniyor\/\">Adriyatik Denizi\u2019nde Ola\u011fan d\u0131\u015f\u0131 Denizanas\u0131 Yo\u011funlu\u011fu: Bal\u0131k\u00e7\u0131l\u0131k Faaliyetleri Etkileniyor<\/a><\/blockquote><iframe loading=\"lazy\" class=\"wp-embedded-content\" sandbox=\"allow-scripts\" security=\"restricted\" style=\"position: absolute; visibility: hidden;\" title=\"&#8220;Adriyatik Denizi\u2019nde Ola\u011fan d\u0131\u015f\u0131 Denizanas\u0131 Yo\u011funlu\u011fu: Bal\u0131k\u00e7\u0131l\u0131k Faaliyetleri Etkileniyor&#8221; &#8212; H\u00fcr Bak\u0131\u015f Gazetesi\" src=\"https:\/\/hurbakisgazetesi.com\/2026\/04\/29\/adriyatik-denizinde-olagan-disi-denizanasi-yogunlugu-balikcilik-faaliyetleri-etkileniyor\/embed\/#?secret=yd9p1hyNs7#?secret=rZptJLZSuB\" data-secret=\"rZptJLZSuB\" width=\"600\" height=\"338\" frameborder=\"0\" marginwidth=\"0\" marginheight=\"0\" scrolling=\"no\"><\/iframe>\n<\/div><\/figure>\n\n\n\n<p><\/p>\n","protected":false},"excerpt":{"rendered":"<p>Trieste K\u00f6rfezi\u2019nde son d\u00f6nemde g\u00f6zlemlenen a\u015f\u0131r\u0131 denizanas\u0131 art\u0131\u015f\u0131, b\u00f6lgedeki denizcilik ve bal\u0131k\u00e7\u0131l\u0131k faaliyetlerinde aksamalara neden oluyor. Do\u011fal bir d\u00f6ng\u00fcn\u00fcn sonucu olarak de\u011ferlendirilen bu yo\u011funluk, yerel ekosistem ve ticaret \u00fczerinde belirgin etkiler b\u0131rak\u0131yor. Adriyatik Denizi\u2019nin kuzeyinde yer alan Trieste K\u00f6rfezi, son iki haftad\u0131r nadir g\u00f6r\u00fclen bir do\u011fa olay\u0131na ev sahipli\u011fi yap\u0131yor. B\u00f6lgede say\u0131lar\u0131 milyarlarla ifade edilen [&hellip;]<\/p>\n","protected":false},"author":5,"featured_media":5062,"comment_status":"open","ping_status":"open","sticky":false,"template":"","format":"standard","meta":{"_jetpack_memberships_contains_paid_content":false,"footnotes":""},"categories":[37],"tags":[],"class_list":["post-5061","post","type-post","status-publish","format-standard","has-post-thumbnail","hentry","category-dunya-haberleri"],"jetpack_featured_media_url":"https:\/\/odakhaber.site\/wp-content\/uploads\/2026\/04\/kojpg-tIb9rBqKz06Gf5HKIT8CyQ.webp","jetpack_sharing_enabled":true,"_links":{"self":[{"href":"https:\/\/odakhaber.site\/index.php?rest_route=\/wp\/v2\/posts\/5061","targetHints":{"allow":["GET"]}}],"collection":[{"href":"https:\/\/odakhaber.site\/index.php?rest_route=\/wp\/v2\/posts"}],"about":[{"href":"https:\/\/odakhaber.site\/index.php?rest_route=\/wp\/v2\/types\/post"}],"author":[{"embeddable":true,"href":"https:\/\/odakhaber.site\/index.php?rest_route=\/wp\/v2\/users\/5"}],"replies":[{"embeddable":true,"href":"https:\/\/odakhaber.site\/index.php?rest_route=%2Fwp%2Fv2%2Fcomments&post=5061"}],"version-history":[{"count":1,"href":"https:\/\/odakhaber.site\/index.php?rest_route=\/wp\/v2\/posts\/5061\/revisions"}],"predecessor-version":[{"id":5063,"href":"https:\/\/odakhaber.site\/index.php?rest_route=\/wp\/v2\/posts\/5061\/revisions\/5063"}],"wp:featuredmedia":[{"embeddable":true,"href":"https:\/\/odakhaber.site\/index.php?rest_route=\/wp\/v2\/media\/5062"}],"wp:attachment":[{"href":"https:\/\/odakhaber.site\/index.php?rest_route=%2Fwp%2Fv2%2Fmedia&parent=5061"}],"wp:term":[{"taxonomy":"category","embeddable":true,"href":"https:\/\/odakhaber.site\/index.php?rest_route=%2Fwp%2Fv2%2Fcategories&post=5061"},{"taxonomy":"post_tag","embeddable":true,"href":"https:\/\/odakhaber.site\/index.php?rest_route=%2Fwp%2Fv2%2Ftags&post=5061"}],"curies":[{"name":"wp","href":"https:\/\/api.w.org\/{rel}","templated":true}]}}