{"id":5064,"date":"2026-04-29T18:40:29","date_gmt":"2026-04-29T18:40:29","guid":{"rendered":"https:\/\/odakhaber.site\/?p=5064"},"modified":"2026-04-29T18:40:29","modified_gmt":"2026-04-29T18:40:29","slug":"klinik-arastirma-sonuclari-gebelik-doneminde-hava-kirliligine-maruz-kalmak-bebeklerde-konusma-gelisimini-geciktirebilir","status":"publish","type":"post","link":"https:\/\/odakhaber.site\/?p=5064","title":{"rendered":"Klinik Ara\u015ft\u0131rma Sonu\u00e7lar\u0131: Gebelik D\u00f6neminde Hava Kirlili\u011fine Maruz Kalmak Bebeklerde Konu\u015fma Geli\u015fimini Geciktirebilir"},"content":{"rendered":"\n<figure class=\"wp-block-image\"><img decoding=\"async\" src=\"https:\/\/i0.wp.com\/hurbakisgazetesi.com\/wp-content\/uploads\/2026\/04\/arastirma-ortaya-koydu-anne-karninda-hava-kirliligi-konusma-gelisimini-geciktirebilir-kp73-1.png?resize=816%2C459&amp;ssl=1\" alt=\"\" title=\"Klinik Ara\u015ft\u0131rma Sonu\u00e7lar\u0131: Gebelik D\u00f6neminde Hava Kirlili\u011fine Maruz Kalmak Bebeklerde Konu\u015fma Geli\u015fimini Geciktirebilir\"\/><\/figure>\n\n\n\n<p><strong>King\u2019s College London taraf\u0131ndan y\u00fcr\u00fct\u00fclen g\u00fcncel bir \u00e7al\u0131\u015fmaya g\u00f6re, hamileli\u011fin ba\u015flang\u0131\u00e7 evrelerinde yo\u011fun hava kirlili\u011fine maruz kalan bebeklerin dil becerilerini kazanma s\u00fcre\u00e7leri uzayabiliyor. Erken do\u011fum vakalar\u0131nda ise konu\u015fma gecikmesine, fiziksel motor becerilerdeki gerilemenin de e\u015flik edebildi\u011fi saptand\u0131.<\/strong><\/p>\n\n\n\n<figure class=\"wp-block-image\"><img decoding=\"async\" src=\"https:\/\/i0.wp.com\/hurbakisgazetesi.com\/wp-content\/uploads\/2026\/04\/arastirma-ortaya-koydu-anne-karninda-hava-kirliligi-konusma-gelisimini-geciktirebilir-kp73-1.png?resize=616%2C346&amp;ssl=1\" alt=\"\" class=\"wp-image-11148\"\/><\/figure>\n\n\n\n<p>Anne karn\u0131nda atmosferik kirlili\u011fe maruz kalman\u0131n, yeni do\u011fanlar\u0131n erken evre geli\u015fimsel s\u00fcre\u00e7leri \u00fczerinde olumsuz etkiler yaratabilece\u011fi bilimsel olarak belgelendi. The Guardian\u2019da yer alan habere g\u00f6re King\u2019s College London ara\u015ft\u0131rmac\u0131lar\u0131; hamileli\u011fin ilk trimesterinde azot dioksit ile ince ve ultra ince partik\u00fcl maddelere yo\u011fun \u015fekilde maruz kalan bebeklerin, 18 ayl\u0131k olduklar\u0131nda konu\u015fma geli\u015fimlerinin ya\u015f\u0131tlar\u0131na oranla daha yava\u015f seyretti\u011fini ortaya koydu.<\/p>\n\n\n\n<h3 class=\"wp-block-heading\">Erken Do\u011fan Bebeklerde Olumsuz Etki Daha \u015eiddetli G\u00f6r\u00fcl\u00fcyor<\/h3>\n\n\n\n<p>Ara\u015ft\u0131rma verilerine g\u00f6re kirlili\u011fin yaratt\u0131\u011f\u0131 geli\u015fimsel riskler, premat\u00fcre do\u011fan bebeklerde \u00e7ok daha belirgin bir hal al\u0131yor. Y\u00fcksek d\u00fczeyde hava kirlili\u011fine maruz kalan premat\u00fcre bebeklerde, konu\u015fma geli\u015fimindeki aksakl\u0131klar\u0131n yan\u0131 s\u0131ra motor becerilerde de belirgin bir gerileme tespit edildi. Ara\u015ft\u0131rman\u0131n ba\u015fyazar\u0131 Dr. Alexandra Bonthrone, s\u00f6z konusu bebeklerin ilerleyen \u00e7ocukluk evrelerinde ya\u015f\u0131tlar\u0131n\u0131 yakalay\u0131p yakalayamayaca\u011f\u0131n\u0131 \u00f6ng\u00f6rmek i\u00e7in hen\u00fcz erken oldu\u011funu vurgulad\u0131. Dr. Bonthrone, bu durumun netlik kazanabilmesi i\u00e7in \u00e7ocuklar\u0131n ileri ya\u015flardaki geli\u015fimsel s\u00fcre\u00e7lerinin titizlikle izlenmesi gerekti\u011fini ifade etti.<\/p>\n\n\n\n<h3 class=\"wp-block-heading\">Londra\u2019da 498 Bebek \u00dczerinde Kapsaml\u0131 \u0130nceleme Y\u00fcr\u00fct\u00fcld\u00fc<\/h3>\n\n\n\n<p>\u00c7al\u0131\u015fma kapsam\u0131nda, 2015 ile 2020 y\u0131llar\u0131 aras\u0131nda Londra\u2019daki St Thomas\u2019 Hastanesi\u2019nde d\u00fcnyaya gelen toplam 498 bebek mercek alt\u0131na al\u0131nd\u0131. Bu grubun 125\u2019ini erken do\u011fan bebekler olu\u015ftururken, 54 bebe\u011fin ise 32 haftadan \u00f6nce d\u00fcnyaya gelen \u201c\u00e7ok erken\u201d veya \u201ca\u015f\u0131r\u0131 erken\u201d premat\u00fcre kategorisinde yer ald\u0131\u011f\u0131 a\u00e7\u0131kland\u0131. Bilim insanlar\u0131, annelerin gebelik s\u00fcresince ikamet ettikleri adres verilerini kullanarak maruz kal\u0131nan hava kirlili\u011fi seviyelerini hesaplad\u0131. Bebekler 18 ayl\u0131k geli\u015fim seviyesine ula\u015ft\u0131\u011f\u0131nda ise bili\u015fsel yetenek, dil becerisi ve motor fonksiyonlar\u0131n\u0131 \u00f6l\u00e7en standart klinik testler uyguland\u0131.<\/p>\n\n\n\n<h3 class=\"wp-block-heading\">Dil ve Bili\u015fsel Test Sonu\u00e7lar\u0131nda Belirgin Puan D\u00fc\u015f\u00fc\u015f\u00fc Saptand\u0131<\/h3>\n\n\n\n<p>Y\u00fcr\u00fct\u00fclen klinik testler sonucunda, gebeli\u011fin ilk \u00fc\u00e7 ay\u0131nda y\u00fcksek kirlili\u011fe maruz kalan bebeklerin, temiz hava soluyan akranlar\u0131na k\u0131yasla dil testlerinde ortalama 5 ila 7 puan daha d\u00fc\u015f\u00fck performans sergiledi\u011fi g\u00f6r\u00fcld\u00fc. \u00d6zellikle hamilelik d\u00f6nemi boyunca en yo\u011fun kirlili\u011fe maruz kalan premat\u00fcre bebeklerde ise tablo daha kritik bir boyuta ula\u015ft\u0131. Bu gruptaki bebeklerin motor beceri puanlar\u0131n\u0131n, d\u00fc\u015f\u00fck kirlilik seviyesindeki akranlar\u0131na oranla ortalama 11 puan geride kald\u0131\u011f\u0131 kay\u0131t alt\u0131na al\u0131nd\u0131.<\/p>\n\n\n\n<h3 class=\"wp-block-heading\">Hava Kirlili\u011fi Temelde Bir Sosyal E\u015fitsizlik Meselesi Olarak G\u00f6r\u00fcl\u00fcyor<\/h3>\n\n\n\n<p>Haberde g\u00f6r\u00fc\u015flerine yer verilen uzmanlar, hava kirlili\u011finin yaln\u0131zca ekolojik bir problem de\u011fil, ayn\u0131 zamanda derin bir sosyal e\u015fitsizlik g\u00f6stergesi oldu\u011funa dikkat \u00e7ekti. War on Want kampanya direkt\u00f6r\u00fc Tyrone Scott; yo\u011fun trafikli ana yollara ve kirlilik merkezlerine yak\u0131n konumlarda ya\u015famak mecburiyetinde kalan i\u015f\u00e7i s\u0131n\u0131f\u0131 ile marjinalle\u015ftirilmi\u015f topluluklar\u0131n bu durumdan \u00e7ok daha a\u011f\u0131r etkilendi\u011fini savundu. Global Child and Maternal Health CEO\u2019su Agnes Agyepong ise kirli havaya maruz kalma oranlar\u0131n\u0131n rastgele da\u011f\u0131lmad\u0131\u011f\u0131n\u0131; konut politikalar\u0131, \u015fehir planlamas\u0131 ve sosyo-ekonomik g\u00fc\u00e7 dengelerindeki asimetrinin bu tabloyu \u015fekillendirdi\u011fini dile getirdi.<\/p>\n\n\n\n<h3 class=\"wp-block-heading\">DS\u00d6: Hava Kirlili\u011fi K\u00fcresel \u00d6l\u00e7ekteki En B\u00fcy\u00fck \u00c7evresel Sa\u011fl\u0131k Tehdidi<\/h3>\n\n\n\n<p>D\u00fcnya Sa\u011fl\u0131k \u00d6rg\u00fct\u00fc (DS\u00d6) verilerine g\u00f6re, k\u00fcresel n\u00fcfusun neredeyse tamam\u0131 kurumun belirledi\u011fi g\u00fcvenlik limitlerinin \u00fczerinde kirletici i\u00e7eren hava solumak durumunda kal\u0131yor. The Guardian\u2019\u0131n aktard\u0131\u011f\u0131 raporlarda DS\u00d6\u2019n\u00fcn hava kirlili\u011fini, \u201cinsan sa\u011fl\u0131\u011f\u0131 \u00f6n\u00fcndeki k\u00fcresel \u00f6l\u00e7ekli en b\u00fcy\u00fck tekil \u00e7evresel risk\u201d olarak tan\u0131mlad\u0131\u011f\u0131na vurgu yap\u0131l\u0131yor.<\/p>\n\n\n\n<p>KARDE\u015e HABER <\/p>\n\n\n\n<figure class=\"wp-block-embed is-type-wp-embed is-provider-h-r-bak-gazetesi wp-block-embed-h-r-bak-gazetesi\"><div class=\"wp-block-embed__wrapper\">\n<blockquote class=\"wp-embedded-content\" data-secret=\"AsYYBS3LXC\"><a href=\"https:\/\/hurbakisgazetesi.com\/2026\/04\/29\/klinik-arastirma-sonuclari-gebelik-doneminde-hava-kirliligine-maruz-kalmak-bebeklerde-konusma-gelisimini-geciktirebilir\/\">Klinik Ara\u015ft\u0131rma Sonu\u00e7lar\u0131: Gebelik D\u00f6neminde Hava Kirlili\u011fine Maruz Kalmak Bebeklerde Konu\u015fma Geli\u015fimini Geciktirebilir<\/a><\/blockquote><iframe loading=\"lazy\" class=\"wp-embedded-content\" sandbox=\"allow-scripts\" security=\"restricted\" style=\"position: absolute; visibility: hidden;\" title=\"&#8220;Klinik Ara\u015ft\u0131rma Sonu\u00e7lar\u0131: Gebelik D\u00f6neminde Hava Kirlili\u011fine Maruz Kalmak Bebeklerde Konu\u015fma Geli\u015fimini Geciktirebilir&#8221; &#8212; H\u00fcr Bak\u0131\u015f Gazetesi\" src=\"https:\/\/hurbakisgazetesi.com\/2026\/04\/29\/klinik-arastirma-sonuclari-gebelik-doneminde-hava-kirliligine-maruz-kalmak-bebeklerde-konusma-gelisimini-geciktirebilir\/embed\/#?secret=FHDmZs8d8m#?secret=AsYYBS3LXC\" data-secret=\"AsYYBS3LXC\" width=\"600\" height=\"338\" frameborder=\"0\" marginwidth=\"0\" marginheight=\"0\" scrolling=\"no\"><\/iframe>\n<\/div><\/figure>\n\n\n\n<p><\/p>\n","protected":false},"excerpt":{"rendered":"<p>King\u2019s College London taraf\u0131ndan y\u00fcr\u00fct\u00fclen g\u00fcncel bir \u00e7al\u0131\u015fmaya g\u00f6re, hamileli\u011fin ba\u015flang\u0131\u00e7 evrelerinde yo\u011fun hava kirlili\u011fine maruz kalan bebeklerin dil becerilerini kazanma s\u00fcre\u00e7leri uzayabiliyor. Erken do\u011fum vakalar\u0131nda ise konu\u015fma gecikmesine, fiziksel motor becerilerdeki gerilemenin de e\u015flik edebildi\u011fi saptand\u0131. Anne karn\u0131nda atmosferik kirlili\u011fe maruz kalman\u0131n, yeni do\u011fanlar\u0131n erken evre geli\u015fimsel s\u00fcre\u00e7leri \u00fczerinde olumsuz etkiler yaratabilece\u011fi bilimsel olarak [&hellip;]<\/p>\n","protected":false},"author":5,"featured_media":5065,"comment_status":"open","ping_status":"open","sticky":false,"template":"","format":"standard","meta":{"_jetpack_memberships_contains_paid_content":false,"footnotes":""},"categories":[39],"tags":[],"class_list":["post-5064","post","type-post","status-publish","format-standard","has-post-thumbnail","hentry","category-saglik-haberleri"],"jetpack_featured_media_url":"https:\/\/odakhaber.site\/wp-content\/uploads\/2026\/04\/arastirma-ortaya-koydu-anne-karninda-hava-kirliligi-konusma-gelisimini-geciktirebilir-kp73-1.png.webp","jetpack_sharing_enabled":true,"_links":{"self":[{"href":"https:\/\/odakhaber.site\/index.php?rest_route=\/wp\/v2\/posts\/5064","targetHints":{"allow":["GET"]}}],"collection":[{"href":"https:\/\/odakhaber.site\/index.php?rest_route=\/wp\/v2\/posts"}],"about":[{"href":"https:\/\/odakhaber.site\/index.php?rest_route=\/wp\/v2\/types\/post"}],"author":[{"embeddable":true,"href":"https:\/\/odakhaber.site\/index.php?rest_route=\/wp\/v2\/users\/5"}],"replies":[{"embeddable":true,"href":"https:\/\/odakhaber.site\/index.php?rest_route=%2Fwp%2Fv2%2Fcomments&post=5064"}],"version-history":[{"count":1,"href":"https:\/\/odakhaber.site\/index.php?rest_route=\/wp\/v2\/posts\/5064\/revisions"}],"predecessor-version":[{"id":5066,"href":"https:\/\/odakhaber.site\/index.php?rest_route=\/wp\/v2\/posts\/5064\/revisions\/5066"}],"wp:featuredmedia":[{"embeddable":true,"href":"https:\/\/odakhaber.site\/index.php?rest_route=\/wp\/v2\/media\/5065"}],"wp:attachment":[{"href":"https:\/\/odakhaber.site\/index.php?rest_route=%2Fwp%2Fv2%2Fmedia&parent=5064"}],"wp:term":[{"taxonomy":"category","embeddable":true,"href":"https:\/\/odakhaber.site\/index.php?rest_route=%2Fwp%2Fv2%2Fcategories&post=5064"},{"taxonomy":"post_tag","embeddable":true,"href":"https:\/\/odakhaber.site\/index.php?rest_route=%2Fwp%2Fv2%2Ftags&post=5064"}],"curies":[{"name":"wp","href":"https:\/\/api.w.org\/{rel}","templated":true}]}}