{"id":5070,"date":"2026-04-29T18:46:13","date_gmt":"2026-04-29T18:46:13","guid":{"rendered":"https:\/\/odakhaber.site\/?p=5070"},"modified":"2026-04-29T18:46:13","modified_gmt":"2026-04-29T18:46:13","slug":"tropikal-orman-kaybinda-keskin-dusus","status":"publish","type":"post","link":"https:\/\/odakhaber.site\/?p=5070","title":{"rendered":"Tropikal Orman Kayb\u0131nda Keskin D\u00fc\u015f\u00fc\u015f"},"content":{"rendered":"\n<p>D\u00fcnyan\u0131n akci\u011ferleri olarak kabul edilen tropikal b\u00f6lgelerde ormans\u0131zla\u015fma h\u0131z\u0131, 2024 y\u0131l\u0131na oranla \u00f6nemli bir gerileme kaydetti:<\/p>\n\n\n\n<ul class=\"wp-block-list\">\n<li><strong>Veriler:<\/strong>\u00a0Ge\u00e7en y\u0131l d\u00fcnya genelinde\u00a04,3 milyon hektar\u00a0bozulmam\u0131\u015f tropik orman kaybedildi.<\/li>\n\n\n\n<li><strong>De\u011fi\u015fim:<\/strong>\u00a0Bu miktar, 2024 y\u0131l\u0131ndaki rekor seviyeye k\u0131yasla\u00a0y\u00fczde 36\u2019l\u0131k bir d\u00fc\u015f\u00fc\u015f\u00a0anlam\u0131na geliyor.<\/li>\n\n\n\n<li><strong>K\u00fcresel Genel:<\/strong>\u00a0Tropikal b\u00f6lgelerin \u00f6tesindeki ekosistemler de dahil edildi\u011finde, k\u00fcresel orman kayb\u0131 ge\u00e7en y\u0131l\u00a0<strong>y\u00fczde 14<\/strong>\u00a0azald\u0131.<\/li>\n<\/ul>\n\n\n\n<h2 class=\"wp-block-heading\">&#8220;Ger\u00e7ek M\u00fcdahaleler \u0130\u015fe Yar\u0131yor&#8221;<\/h2>\n\n\n\n<p>Global Forest Watch e\u015f direkt\u00f6r\u00fc&nbsp;<strong>Elizabeth Goldman<\/strong>, verilerdeki bu iyile\u015fmenin cesaret verici oldu\u011funu belirterek \u015funlar\u0131 aktard\u0131:<\/p>\n\n\n\n<blockquote class=\"wp-block-quote is-layout-flow wp-block-quote-is-layout-flow\">\n<p>&#8220;Sorun \u00e7ok b\u00fcy\u00fck oldu\u011funda, orada i\u015fe yarayan ger\u00e7ek m\u00fcdahalelerin olmas\u0131 ve bunu verilerde g\u00f6rebilmemiz cesaret verici.&#8221;<\/p>\n<\/blockquote>\n\n\n\n<p>Ancak Goldman, \u00fclkelerin 2030 y\u0131l\u0131na kadar orman kayb\u0131n\u0131 durdurma hedeflerinin hala gerisinde oldu\u011funu; mevcut ormans\u0131zla\u015ft\u0131rma oran\u0131n\u0131n, hedeflenen seviyeden\u00a0y\u00fczde 70 daha fazla\u00a0oldu\u011funu vurgulad\u0131.<\/p>\n\n\n\n<hr class=\"wp-block-separator has-alpha-channel-opacity\"\/>\n\n\n\n<h2 class=\"wp-block-heading\">Ormans\u0131zla\u015fman\u0131n Temel Nedenleri<\/h2>\n\n\n\n<p>Orman kayb\u0131n\u0131n arkas\u0131ndaki en b\u00fcy\u00fck itici g\u00fc\u00e7, b\u00f6lgelere g\u00f6re farkl\u0131l\u0131k g\u00f6steren tar\u0131msal faaliyetler olmaya devam ediyor:<\/p>\n\n\n\n<ul class=\"wp-block-list\">\n<li><strong>Tar\u0131msal Emtialar:<\/strong>\u00a0Brezilya, Bolivya ve Endonezya&#8217;da ticari tar\u0131m alanlar\u0131n\u0131n geni\u015flemesi.<\/li>\n\n\n\n<li><strong>Ge\u00e7imlik Tar\u0131m:<\/strong>\u00a0Demokratik Kongo Cumhuriyeti gibi b\u00f6lgelerde yerel halk\u0131n temel ihtiya\u00e7lar\u0131 i\u00e7in tar\u0131m alanlar\u0131 a\u00e7mas\u0131.<\/li>\n<\/ul>\n\n\n\n<hr class=\"wp-block-separator has-alpha-channel-opacity\"\/>\n\n\n\n<h2 class=\"wp-block-heading\">Kritik Uyar\u0131: &#8220;B\u0131\u00e7ak S\u0131rt\u0131nday\u0131z&#8221;<\/h2>\n\n\n\n<p>\u00c7evre gruplar\u0131 ve uzmanlar, elde edilen ba\u015far\u0131n\u0131n kal\u0131c\u0131 olabilmesi i\u00e7in uyar\u0131larda bulunuyor. \u00d6zellikle Amazon ya\u011fmur ormanlar\u0131nda yeni ormans\u0131zla\u015fan alanlardan soya fasulyesi al\u0131m\u0131n\u0131 yasaklayan anla\u015fman\u0131n sona ermesi, Brezilya i\u00e7in bir risk fakt\u00f6r\u00fc olarak g\u00f6r\u00fcl\u00fcyor.<\/p>\n\n\n\n<p>WRI K\u00fcresel Ormanlar Direkt\u00f6r\u00fc\u00a0Rod Taylor, iklim de\u011fi\u015fikli\u011finin ormanlar\u0131 birer &#8220;karbon yuta\u011f\u0131&#8221; olmaktan \u00e7\u0131kar\u0131p &#8220;emisyon kayna\u011f\u0131na&#8221; d\u00f6n\u00fc\u015ft\u00fcrme riskine dikkat \u00e7ekerek durumu \u015fu \u015fekilde \u00f6zetledi:<\/p>\n\n\n\n<blockquote class=\"wp-block-quote is-layout-flow wp-block-quote-is-layout-flow\">\n<p>&#8220;Is\u0131nan bir gezegende yang\u0131nlar ve kurakl\u0131klar bu ekosistemleri giderek sera gaz\u0131 emisyon kaynaklar\u0131na d\u00f6n\u00fc\u015ft\u00fcr\u00fcyor. Bir t\u00fcr b\u0131\u00e7ak s\u0131rt\u0131nday\u0131z.&#8221;<\/p>\n<\/blockquote>\n\n\n\n<p><a href=\"https:\/\/gazeteoksijen.com\/surdurulebilir-yasam\/dunya-ormanlari-icin-umut-yili-tropikal-kayip-2025te-yuzde-36-dustu-273819\">https:\/\/gazeteoksijen.com\/surdurulebilir-yasam\/dunya-ormanlari-icin-umut-yili-tropikal-kayip-2025te-yuzde-36-dustu-273819<\/a><\/p>\n\n\n\n<p><\/p>\n","protected":false},"excerpt":{"rendered":"<p>D\u00fcnyan\u0131n akci\u011ferleri olarak kabul edilen tropikal b\u00f6lgelerde ormans\u0131zla\u015fma h\u0131z\u0131, 2024 y\u0131l\u0131na oranla \u00f6nemli bir gerileme kaydetti: &#8220;Ger\u00e7ek M\u00fcdahaleler \u0130\u015fe Yar\u0131yor&#8221; Global Forest Watch e\u015f direkt\u00f6r\u00fc&nbsp;Elizabeth Goldman, verilerdeki bu iyile\u015fmenin cesaret verici oldu\u011funu belirterek \u015funlar\u0131 aktard\u0131: &#8220;Sorun \u00e7ok b\u00fcy\u00fck oldu\u011funda, orada i\u015fe yarayan ger\u00e7ek m\u00fcdahalelerin olmas\u0131 ve bunu verilerde g\u00f6rebilmemiz cesaret verici.&#8221; Ancak Goldman, \u00fclkelerin 2030 [&hellip;]<\/p>\n","protected":false},"author":5,"featured_media":5071,"comment_status":"open","ping_status":"open","sticky":false,"template":"","format":"standard","meta":{"_jetpack_memberships_contains_paid_content":false,"footnotes":""},"categories":[37],"tags":[],"class_list":["post-5070","post","type-post","status-publish","format-standard","has-post-thumbnail","hentry","category-dunya-haberleri"],"jetpack_featured_media_url":"https:\/\/odakhaber.site\/wp-content\/uploads\/2026\/04\/ormanlar-3nkv.png","jetpack_sharing_enabled":true,"_links":{"self":[{"href":"https:\/\/odakhaber.site\/index.php?rest_route=\/wp\/v2\/posts\/5070","targetHints":{"allow":["GET"]}}],"collection":[{"href":"https:\/\/odakhaber.site\/index.php?rest_route=\/wp\/v2\/posts"}],"about":[{"href":"https:\/\/odakhaber.site\/index.php?rest_route=\/wp\/v2\/types\/post"}],"author":[{"embeddable":true,"href":"https:\/\/odakhaber.site\/index.php?rest_route=\/wp\/v2\/users\/5"}],"replies":[{"embeddable":true,"href":"https:\/\/odakhaber.site\/index.php?rest_route=%2Fwp%2Fv2%2Fcomments&post=5070"}],"version-history":[{"count":1,"href":"https:\/\/odakhaber.site\/index.php?rest_route=\/wp\/v2\/posts\/5070\/revisions"}],"predecessor-version":[{"id":5072,"href":"https:\/\/odakhaber.site\/index.php?rest_route=\/wp\/v2\/posts\/5070\/revisions\/5072"}],"wp:featuredmedia":[{"embeddable":true,"href":"https:\/\/odakhaber.site\/index.php?rest_route=\/wp\/v2\/media\/5071"}],"wp:attachment":[{"href":"https:\/\/odakhaber.site\/index.php?rest_route=%2Fwp%2Fv2%2Fmedia&parent=5070"}],"wp:term":[{"taxonomy":"category","embeddable":true,"href":"https:\/\/odakhaber.site\/index.php?rest_route=%2Fwp%2Fv2%2Fcategories&post=5070"},{"taxonomy":"post_tag","embeddable":true,"href":"https:\/\/odakhaber.site\/index.php?rest_route=%2Fwp%2Fv2%2Ftags&post=5070"}],"curies":[{"name":"wp","href":"https:\/\/api.w.org\/{rel}","templated":true}]}}