{"id":5073,"date":"2026-04-29T18:48:53","date_gmt":"2026-04-29T18:48:53","guid":{"rendered":"https:\/\/odakhaber.site\/?p=5073"},"modified":"2026-04-29T18:48:53","modified_gmt":"2026-04-29T18:48:53","slug":"dokunulmamis-plaj-statusu-nedir","status":"publish","type":"post","link":"https:\/\/odakhaber.site\/?p=5073","title":{"rendered":"&#8220;Dokunulmam\u0131\u015f Plaj&#8221; Stat\u00fcs\u00fc Nedir?"},"content":{"rendered":"\n<p>Bu stat\u00fcye sahip plajlar ziyaret\u00e7ilere tamamen a\u00e7\u0131k kalmaya devam ederken, \u00e7evresel dokuyu bozabilecek ticari faaliyetlere s\u0131k\u0131 k\u0131s\u0131tlamalar getiriliyor:<\/p>\n\n\n\n<ul class=\"wp-block-list\">\n<li><strong>Ekipman Yasaklar\u0131:<\/strong>\u00a0\u0130\u015fletmelerin kuma \u015femsiye, \u015fezlong, masa veya sandalye gibi ticari mobilyalar yerle\u015ftirmesi yasakland\u0131.<\/li>\n\n\n\n<li><strong>Su Sporlar\u0131 K\u0131s\u0131tlamas\u0131:<\/strong>\u00a0Jet ski, pedall\u0131 tekne ve kano gibi ara\u00e7lar\u0131n kiralanmas\u0131na izin verilmeyecek.<\/li>\n\n\n\n<li><strong>G\u00fcr\u00fclt\u00fc ve Etkinlik Kontrol\u00fc:<\/strong>\u00a010 ki\u015fiden fazla kat\u0131l\u0131mc\u0131n\u0131n oldu\u011fu etkinlikler, b\u00fcy\u00fck ses y\u00fckseltici sistemlerin kullan\u0131m\u0131 ve kumsalda ara\u00e7 kullan\u0131m\u0131 engellenecek.<\/li>\n<\/ul>\n\n\n\n<hr class=\"wp-block-separator has-alpha-channel-opacity\"\/>\n\n\n\n<h2 class=\"wp-block-heading\">Hangi Hizmetler Devam Edecek?<\/h2>\n\n\n\n<p>Plajlardaki koruma \u00f6nlemleri devam ederken, ziyaret\u00e7ilerin temel ihtiya\u00e7lar\u0131 i\u00e7in baz\u0131 istisnalar tan\u0131n\u0131yor:<\/p>\n\n\n\n<ul class=\"wp-block-list\">\n<li><strong>Yiyecek ve \u0130\u00e7ecek:<\/strong>\u00a0Seyyar veya r\u00f6morklu stantlar arac\u0131l\u0131\u011f\u0131yla at\u0131\u015ft\u0131rmal\u0131k ve i\u00e7ecek sat\u0131\u015f\u0131 yap\u0131labilecek.<\/li>\n\n\n\n<li><strong>Mevcut S\u00f6zle\u015fmeler:<\/strong>\u00a0Halihaz\u0131rda y\u00fcr\u00fcrl\u00fckte olan i\u015fletme s\u00f6zle\u015fmeleri, biti\u015f tarihlerine kadar bu yeni k\u0131s\u0131tlamalardan etkilenmeyecek.<\/li>\n<\/ul>\n\n\n\n<hr class=\"wp-block-separator has-alpha-channel-opacity\"\/>\n\n\n\n<h2 class=\"wp-block-heading\">Koruma Alt\u0131na Al\u0131nan B\u00f6lgeler<\/h2>\n\n\n\n<p>Bilimsel ve ekolojik de\u011ferleri, e\u015fsiz manzaralar\u0131 ve habitat \u00e7e\u015fitlili\u011fi nedeniyle se\u00e7ilen bu b\u00f6lgeler Yunanistan geneline ve adalar grubuna yay\u0131lm\u0131\u015f durumda:<\/p>\n\n\n\n<ul class=\"wp-block-list\">\n<li><strong>\u00d6ne \u00c7\u0131kan Adalar:<\/strong>\u00a0Simi, Nak\u015fa, \u015eifnoz, Tilos, Rodos, Korfu, Lefkada ve Girit\u2019teki Kissamos gibi noktalar listede yer al\u0131yor.<\/li>\n\n\n\n<li><strong>Lider Belediye:<\/strong>\u00a0On \u0130ki Ada grubundan\u00a0\u0130lipsi, toplam\u00a023 &#8220;dokunulmam\u0131\u015f plaj&#8221;\u00a0ile \u00fclkenin en geni\u015f korunan k\u0131y\u0131 \u015feridine sahip b\u00f6lgesi \u00fcnvan\u0131n\u0131 kazand\u0131.<\/li>\n<\/ul>\n\n\n\n<p>Bakanl\u0131klar, bu k\u0131s\u0131tlamalar\u0131n temel amac\u0131n\u0131n b\u00f6lgedeki flora ve fauna t\u00fcrlerini koruyarak gelecek nesillere bozulmam\u0131\u015f bir do\u011fa b\u0131rakmak oldu\u011funu vurguluyor.<\/p>\n\n\n\n<p><a href=\"https:\/\/gazeteoksijen.com\/dunya\/yunanistandan-sezlong-yasagi-uygulanan-plajlarin-sayisi-artiyor-273849\">https:\/\/gazeteoksijen.com\/dunya\/yunanistandan-sezlong-yasagi-uygulanan-plajlarin-sayisi-artiyor-273849<\/a><\/p>\n\n\n\n<p><\/p>\n","protected":false},"excerpt":{"rendered":"<p>Bu stat\u00fcye sahip plajlar ziyaret\u00e7ilere tamamen a\u00e7\u0131k kalmaya devam ederken, \u00e7evresel dokuyu bozabilecek ticari faaliyetlere s\u0131k\u0131 k\u0131s\u0131tlamalar getiriliyor: Hangi Hizmetler Devam Edecek? Plajlardaki koruma \u00f6nlemleri devam ederken, ziyaret\u00e7ilerin temel ihtiya\u00e7lar\u0131 i\u00e7in baz\u0131 istisnalar tan\u0131n\u0131yor: Koruma Alt\u0131na Al\u0131nan B\u00f6lgeler Bilimsel ve ekolojik de\u011ferleri, e\u015fsiz manzaralar\u0131 ve habitat \u00e7e\u015fitlili\u011fi nedeniyle se\u00e7ilen bu b\u00f6lgeler Yunanistan geneline ve adalar [&hellip;]<\/p>\n","protected":false},"author":5,"featured_media":5074,"comment_status":"open","ping_status":"open","sticky":false,"template":"","format":"standard","meta":{"_jetpack_memberships_contains_paid_content":false,"footnotes":""},"categories":[37],"tags":[],"class_list":["post-5073","post","type-post","status-publish","format-standard","has-post-thumbnail","hentry","category-dunya-haberleri"],"jetpack_featured_media_url":"https:\/\/odakhaber.site\/wp-content\/uploads\/2026\/04\/shutterstock-2114112134-1-hc1q.jpg","jetpack_sharing_enabled":true,"_links":{"self":[{"href":"https:\/\/odakhaber.site\/index.php?rest_route=\/wp\/v2\/posts\/5073","targetHints":{"allow":["GET"]}}],"collection":[{"href":"https:\/\/odakhaber.site\/index.php?rest_route=\/wp\/v2\/posts"}],"about":[{"href":"https:\/\/odakhaber.site\/index.php?rest_route=\/wp\/v2\/types\/post"}],"author":[{"embeddable":true,"href":"https:\/\/odakhaber.site\/index.php?rest_route=\/wp\/v2\/users\/5"}],"replies":[{"embeddable":true,"href":"https:\/\/odakhaber.site\/index.php?rest_route=%2Fwp%2Fv2%2Fcomments&post=5073"}],"version-history":[{"count":1,"href":"https:\/\/odakhaber.site\/index.php?rest_route=\/wp\/v2\/posts\/5073\/revisions"}],"predecessor-version":[{"id":5075,"href":"https:\/\/odakhaber.site\/index.php?rest_route=\/wp\/v2\/posts\/5073\/revisions\/5075"}],"wp:featuredmedia":[{"embeddable":true,"href":"https:\/\/odakhaber.site\/index.php?rest_route=\/wp\/v2\/media\/5074"}],"wp:attachment":[{"href":"https:\/\/odakhaber.site\/index.php?rest_route=%2Fwp%2Fv2%2Fmedia&parent=5073"}],"wp:term":[{"taxonomy":"category","embeddable":true,"href":"https:\/\/odakhaber.site\/index.php?rest_route=%2Fwp%2Fv2%2Fcategories&post=5073"},{"taxonomy":"post_tag","embeddable":true,"href":"https:\/\/odakhaber.site\/index.php?rest_route=%2Fwp%2Fv2%2Ftags&post=5073"}],"curies":[{"name":"wp","href":"https:\/\/api.w.org\/{rel}","templated":true}]}}