{"id":5079,"date":"2026-04-29T19:51:36","date_gmt":"2026-04-29T19:51:36","guid":{"rendered":"https:\/\/odakhaber.site\/?p=5079"},"modified":"2026-04-29T19:51:36","modified_gmt":"2026-04-29T19:51:36","slug":"ankarada-edebiyat-soleni-29-baskent-oyku-gunleri-basliyor","status":"publish","type":"post","link":"https:\/\/odakhaber.site\/?p=5079","title":{"rendered":"Ankara\u2019da Edebiyat \u015e\u00f6leni: 29. Ba\u015fkent \u00d6yk\u00fc G\u00fcnleri Ba\u015fl\u0131yor"},"content":{"rendered":"\n<p>Ankara, 8-9-10 May\u0131s 2026 tarihlerinde edebiyat d\u00fcnyas\u0131n\u0131 bir araya getirecek kapsaml\u0131 bir organizasyona ev sahipli\u011fi yapmaya haz\u0131rlan\u0131yor. Uluslararas\u0131 \u00d6yk\u00fc G\u00fcnleri Derne\u011fi ve \u00c7ankaya Belediyesi i\u015f birli\u011fiyle d\u00fczenlenen&nbsp;<strong>Ba\u015fkent Ankara \u00d6yk\u00fc G\u00fcnleri<\/strong>, \u00f6yk\u00fcden felsefeye, plastik sanatlardan sinemaya kadar pek \u00e7ok disiplini ayn\u0131 potada eritecek. Etkinlikler, Naz\u0131m Hikmet K\u00fclt\u00fcr Merkezi ve Do\u011fan Ta\u015fdelen \u00c7a\u011fda\u015f Sanatlar Merkezi b\u00fcnyesindeki Sabahattin Ali Salonu\u2019nda takip edilebilecek.<\/p>\n\n\n\n<hr class=\"wp-block-separator has-alpha-channel-opacity\"\/>\n\n\n\n<h3 class=\"wp-block-heading\"><strong>Disiplinleraras\u0131 ve \u00c7ok Katmanl\u0131 Program<\/strong><\/h3>\n\n\n\n<p>\u00dc\u00e7 g\u00fcn s\u00fcrecek etkinlik dizisi, edebiyat\u0131n sadece metinden ibaret olmad\u0131\u011f\u0131n\u0131 kan\u0131tlayan zengin bir i\u00e7erik sunuyor:<\/p>\n\n\n\n<ul class=\"wp-block-list\">\n<li><strong>8 May\u0131s Cuma:<\/strong>\u00a0Dijitalle\u015fme \u00e7a\u011f\u0131nda okur kavram\u0131, edebiyat\u0131n hakikatle ba\u011f\u0131 ve disiplinleraras\u0131 etkile\u015fimler tart\u0131\u015f\u0131lacak. Program, AFSAD\u2019\u0131n sergi a\u00e7\u0131l\u0131\u015f\u0131, Ya\u015far Kemal \u00fczerine \u00f6zel bir sunum ve m\u00fczik dinletileriyle devam edecek.<\/li>\n\n\n\n<li><strong>9 May\u0131s Cumartesi:<\/strong>\u00a0Ankara\u2019n\u0131n \u00f6yk\u00fc duraklar\u0131, toplumsal haf\u0131za ve g\u00f6\u00e7 temalar\u0131 masaya yat\u0131r\u0131lacak. G\u00fcn\u00fcn kapan\u0131\u015f\u0131nda resim, foto\u011fraf ve heykelin \u00f6yk\u00fc sanat\u0131 \u00fczerindeki izleri s\u00fcr\u00fclecek.<\/li>\n\n\n\n<li><strong>10 May\u0131s Pazar:<\/strong>\u00a0Kitle k\u00fclt\u00fcr\u00fc, metnin g\u00f6r\u00fcnt\u00fcye d\u00f6n\u00fc\u015f\u00fcm\u00fc ve sinema-\u00f6yk\u00fc ili\u015fkisi ele al\u0131nacak. Kapan\u0131\u015f oturumu, Anadolu\u2019nun kadim anlat\u0131c\u0131l\u0131k gelene\u011finden modern sinemaya uzanan k\u00f6pr\u00fcy\u00fc inceleyecek.<\/li>\n<\/ul>\n\n\n\n<hr class=\"wp-block-separator has-alpha-channel-opacity\"\/>\n\n\n\n<h3 class=\"wp-block-heading\"><strong>Sanat ve Akademi D\u00fcnyas\u0131ndan G\u00fc\u00e7l\u00fc Kat\u0131l\u0131m<\/strong><\/h3>\n\n\n\n<p>Etkinlik, alan\u0131nda yetkin pek \u00e7ok ismi a\u011f\u0131rl\u0131yor. Programda yer alan isimlerden baz\u0131lar\u0131 \u015funlar:<\/p>\n\n\n\n<ul class=\"wp-block-list\">\n<li><strong>Edebiyat:<\/strong>\u00a0G\u00fcrsel Korat, Bar\u0131\u015f \u0130nce, Fadime Uslu, Abdullah Ata\u015f\u00e7\u0131, Ethem Baran, \u0130nci G\u00fcrb\u00fczatik, Adnan Gerger.<\/li>\n\n\n\n<li><strong>Sanat ve Sinema:<\/strong>\u00a0Y\u00f6netmen Ezel Akay, heykelt\u0131ra\u015f Mehmet Aksoy ve foto\u011fraf\u00e7\u0131 Mehmet \u00d6zer.<\/li>\n\n\n\n<li><strong>Akademi:<\/strong>\u00a0Beliz G\u00fc\u00e7bilmez, \u00c7i\u011fdem \u00dclker ve Nizamettin U\u011fur.<\/li>\n<\/ul>\n\n\n\n<p>Organizasyona Ankara Kent Konseyi, AKK K\u00fclt\u00fcr Sanat Meclisi ve Anadolu Sanat Tarih\u00e7ileri Derne\u011fi gibi pek \u00e7ok kurumun yan\u0131 s\u0131ra ba\u011f\u0131ms\u0131z medya kurulu\u015flar\u0131 ve yerel k\u00fclt\u00fcr odaklar\u0131 da destek veriyor.<\/p>\n\n\n\n<hr class=\"wp-block-separator has-alpha-channel-opacity\"\/>\n\n\n\n<h3 class=\"wp-block-heading\"><strong>\u00c7ocuklar \u0130\u00e7in Yarat\u0131c\u0131 At\u00f6lyeler ve Anneler G\u00fcn\u00fc \u00d6zel<\/strong><\/h3>\n\n\n\n<p>Ba\u015fkent Ankara \u00d6yk\u00fc G\u00fcnleri, \u00e7ocuklar\u0131n sanatla ba\u011f\u0131n\u0131 g\u00fc\u00e7lendirmek amac\u0131yla geni\u015f bir at\u00f6lye program\u0131 sunuyor.<\/p>\n\n\n\n<ul class=\"wp-block-list\">\n<li><strong>Okul \u00d6ncesi Etkinlikleri:<\/strong>\u00a08 May\u0131s\u2019ta Mart\u0131, U\u011fur B\u00f6ce\u011fi ve Atlas kre\u015flerinde drama ve resimli kitap at\u00f6lyeleri yap\u0131lacak.<\/li>\n\n\n\n<li><strong>Yazma ve Ke\u015fif At\u00f6lyeleri:<\/strong>\u00a09 May\u0131s\u2019ta \u00c7ankaya Evleri\u2019nde mitoloji, drama ve yazma odakl\u0131 \u00e7al\u0131\u015fmalar ger\u00e7ekle\u015ftirilecek.<\/li>\n\n\n\n<li><strong>Anneler G\u00fcn\u00fc \u00d6zel:<\/strong>\u00a010 May\u0131s\u2019ta Karap\u0131nar \u00c7ankaya Evi\u2019nde anne ve \u00e7ocuklar\u0131n birlikte \u00fcretim yapabilece\u011fi, G\u00fcl\u00fc\u015f T\u00fcrkmen ve Hicret Aydo\u011far G\u00fclsa\u00e7an gibi isimlerin rehberlik edece\u011fi \u00f6zel bir program uygulanacak.<\/li>\n<\/ul>\n\n\n\n<p>Bu k\u00f6kl\u00fc etkinlik, \u00fc\u00e7 g\u00fcn boyunca yazarlar\u0131, sanat\u00e7\u0131lar\u0131 ve okurlar\u0131 Ankara\u2019n\u0131n k\u00fclt\u00fcrel atmosferinde bir araya getirerek edebiyat\u0131n gelece\u011fine \u0131\u015f\u0131k tutmay\u0131 hedefliyor.<\/p>\n\n\n\n<p><a href=\"https:\/\/www.cumhuriyet.com.tr\/kultur-sanat\/baskent-ankara-oyku-gunleri-8-10-mayis-ta-edebiyatseverlerle-bulusuyor-2499606\">https:\/\/www.cumhuriyet.com.tr\/kultur-sanat\/baskent-ankara-oyku-gunleri-8-10-mayis-ta-edebiyatseverlerle-bulusuyor-2499606<\/a><\/p>\n","protected":false},"excerpt":{"rendered":"<p>Ankara, 8-9-10 May\u0131s 2026 tarihlerinde edebiyat d\u00fcnyas\u0131n\u0131 bir araya getirecek kapsaml\u0131 bir organizasyona ev sahipli\u011fi yapmaya haz\u0131rlan\u0131yor. Uluslararas\u0131 \u00d6yk\u00fc G\u00fcnleri Derne\u011fi ve \u00c7ankaya Belediyesi i\u015f birli\u011fiyle d\u00fczenlenen&nbsp;Ba\u015fkent Ankara \u00d6yk\u00fc G\u00fcnleri, \u00f6yk\u00fcden felsefeye, plastik sanatlardan sinemaya kadar pek \u00e7ok disiplini ayn\u0131 potada eritecek. Etkinlikler, Naz\u0131m Hikmet K\u00fclt\u00fcr Merkezi ve Do\u011fan Ta\u015fdelen \u00c7a\u011fda\u015f Sanatlar Merkezi b\u00fcnyesindeki Sabahattin [&hellip;]<\/p>\n","protected":false},"author":3,"featured_media":5080,"comment_status":"open","ping_status":"open","sticky":false,"template":"","format":"standard","meta":{"_jetpack_memberships_contains_paid_content":false,"footnotes":""},"categories":[3],"tags":[],"class_list":["post-5079","post","type-post","status-publish","format-standard","has-post-thumbnail","hentry","category-kultur-sanat-haberleri"],"jetpack_featured_media_url":"https:\/\/odakhaber.site\/wp-content\/uploads\/2026\/04\/e98a538e-659a-4e0e-ad2d-d3c3cc0442a1.jpg.webp","jetpack_sharing_enabled":true,"_links":{"self":[{"href":"https:\/\/odakhaber.site\/index.php?rest_route=\/wp\/v2\/posts\/5079","targetHints":{"allow":["GET"]}}],"collection":[{"href":"https:\/\/odakhaber.site\/index.php?rest_route=\/wp\/v2\/posts"}],"about":[{"href":"https:\/\/odakhaber.site\/index.php?rest_route=\/wp\/v2\/types\/post"}],"author":[{"embeddable":true,"href":"https:\/\/odakhaber.site\/index.php?rest_route=\/wp\/v2\/users\/3"}],"replies":[{"embeddable":true,"href":"https:\/\/odakhaber.site\/index.php?rest_route=%2Fwp%2Fv2%2Fcomments&post=5079"}],"version-history":[{"count":1,"href":"https:\/\/odakhaber.site\/index.php?rest_route=\/wp\/v2\/posts\/5079\/revisions"}],"predecessor-version":[{"id":5081,"href":"https:\/\/odakhaber.site\/index.php?rest_route=\/wp\/v2\/posts\/5079\/revisions\/5081"}],"wp:featuredmedia":[{"embeddable":true,"href":"https:\/\/odakhaber.site\/index.php?rest_route=\/wp\/v2\/media\/5080"}],"wp:attachment":[{"href":"https:\/\/odakhaber.site\/index.php?rest_route=%2Fwp%2Fv2%2Fmedia&parent=5079"}],"wp:term":[{"taxonomy":"category","embeddable":true,"href":"https:\/\/odakhaber.site\/index.php?rest_route=%2Fwp%2Fv2%2Fcategories&post=5079"},{"taxonomy":"post_tag","embeddable":true,"href":"https:\/\/odakhaber.site\/index.php?rest_route=%2Fwp%2Fv2%2Ftags&post=5079"}],"curies":[{"name":"wp","href":"https:\/\/api.w.org\/{rel}","templated":true}]}}