{"id":5088,"date":"2026-04-29T20:03:59","date_gmt":"2026-04-29T20:03:59","guid":{"rendered":"https:\/\/odakhaber.site\/?p=5088"},"modified":"2026-04-29T20:03:59","modified_gmt":"2026-04-29T20:03:59","slug":"antalyanin-degerleri-gelecek-icin-bulustu-2-antalya-markalari-kongresi-basladi","status":"publish","type":"post","link":"https:\/\/odakhaber.site\/?p=5088","title":{"rendered":"Antalya\u2019n\u0131n De\u011ferleri Gelecek \u0130\u00e7in Bulu\u015ftu: 2. Antalya Markalar\u0131 Kongresi Ba\u015flad\u0131"},"content":{"rendered":"\n<p>Antalya Halkla \u0130li\u015fkiler Derne\u011fi (<strong>AH\u0130D<\/strong>) taraf\u0131ndan bu y\u0131l ikincisi d\u00fczenlenen&nbsp;<strong>Antalya Markalar\u0131 Kongresi<\/strong>, kentin \u00fcretim, ticaret ve giri\u015fimcilik potansiyelini ulusal ve uluslararas\u0131 boyuta ta\u015f\u0131yan markalar\u0131 bir araya getirdi. Muratpa\u015fa il\u00e7esinde ger\u00e7ekle\u015ftirilen a\u00e7\u0131l\u0131\u015f t\u00f6renine Antalya Valisi Hulusi \u015eahin, AH\u0130D Ba\u015fkan\u0131 G\u00fcldal Si\u011fin\u00e7, STK temsilcileri ve i\u015f d\u00fcnyas\u0131n\u0131n \u00f6nde gelen isimleri kat\u0131ld\u0131.<\/p>\n\n\n\n<hr class=\"wp-block-separator has-alpha-channel-opacity\"\/>\n\n\n\n<h3 class=\"wp-block-heading\"><strong>Antalya Ekonomisinin K\u00fcresel G\u00fcc\u00fc ve Tecr\u00fcbe Payla\u015f\u0131m\u0131<\/strong><\/h3>\n\n\n\n<p>Kongre a\u00e7\u0131l\u0131\u015f\u0131nda konu\u015fan Vali Hulusi \u015eahin, Antalya&#8217;n\u0131n giri\u015fimci ruhunun alt\u0131n\u0131 \u00e7izerek etkinli\u011fin kurumsal yap\u0131s\u0131n\u0131n g\u00fc\u00e7lendi\u011fine dikkat \u00e7ekti. Antalya ekonomisinin T\u00fcrkiye\u2019nin en b\u00fcy\u00fcklerinden biri oldu\u011funu belirten Vali \u015eahin, \u015fu ifadeleri kulland\u0131:<\/p>\n\n\n\n<blockquote class=\"wp-block-quote is-layout-flow wp-block-quote-is-layout-flow\">\n<p>\u201cAntalya\u2019n\u0131n insan\u0131 \u00e7al\u0131\u015fkan ve giri\u015fimci; bir ekonomide ihtiya\u00e7 duyulan en \u00f6nemli unsurlar\u0131n hepsini b\u00fcnyesinde bar\u0131nd\u0131r\u0131yor. Bunun sonucunda Antalya\u2019da hem b\u00f6lgesel hem ulusal, hatta k\u00fcresel markalar ortaya \u00e7\u0131kt\u0131. Antalya ekonomisi, T\u00fcrkiye\u2019nin en b\u00fcy\u00fck ekonomilerinden biri; d\u00fcnyada da \u00f6zellikle baz\u0131 sekt\u00f6rlerde hat\u0131r\u0131 say\u0131l\u0131r ekonomilerden biri h\u00e2line geldi. Bunu nas\u0131l devam ettirece\u011fiz ve nas\u0131l daha da b\u00fcy\u00fcyece\u011fiz? \u00d6ncelikle bunu ba\u015faranlardan bu ba\u015far\u0131 hik\u00e2yelerini almam\u0131z laz\u0131m. Bu tecr\u00fcbelerin yan\u0131nda, yeni kurumsal hamleler yapt\u0131ysalar onlar\u0131 da \u00f6\u011frenmemiz laz\u0131m. En k\u0131ymetli \u015fey bilgidir.\u201d<\/p>\n<\/blockquote>\n\n\n\n<hr class=\"wp-block-separator has-alpha-channel-opacity\"\/>\n\n\n\n<h3 class=\"wp-block-heading\"><strong>S\u00fcrd\u00fcr\u00fclebilirlik ve COP31 Vurgusu<\/strong><\/h3>\n\n\n\n<p>Vali \u015eahin, konu\u015fmas\u0131nda ayr\u0131ca Kas\u0131m ay\u0131nda Antalya\u2019n\u0131n ev sahipli\u011fi yapaca\u011f\u0131 Birle\u015fmi\u015f Milletler \u0130klim De\u011fi\u015fikli\u011fi Konferans\u0131\u2019na (<strong>COP31<\/strong>) de\u011finerek, ekonomik b\u00fcy\u00fcmenin \u00e7evresel sorumlulukla dengelenmesi gerekti\u011fini vurgulad\u0131:<\/p>\n\n\n\n<blockquote class=\"wp-block-quote is-layout-flow wp-block-quote-is-layout-flow\">\n<p>\u201cHavaya, suya, topra\u011fa ve denize hi\u00e7bir \u015fekilde zarar vermeden, bunlar\u0131 \u00e7ocuklar\u0131m\u0131za devrederek bu s\u00fcreci ba\u015farmak zorunday\u0131z. Bu hem \u015fehrimize hem de bu d\u00fcnyaya olan y\u00fck\u00fcml\u00fcl\u00fc\u011f\u00fcm\u00fczd\u00fcr. Bu a\u00e7\u0131dan da \u00e7ok \u00f6nemsedi\u011fim bir kongrenin ba\u015flang\u0131c\u0131nday\u0131z. \u00c7ok de\u011ferli isimler burada gen\u00e7lerle, giri\u015fimcilerle, giri\u015fimci adaylar\u0131yla ya da i\u015fini b\u00fcy\u00fctmek isteyenlerle bulu\u015fuyor.\u201d<\/p>\n<\/blockquote>\n\n\n\n<hr class=\"wp-block-separator has-alpha-channel-opacity\"\/>\n\n\n\n<h3 class=\"wp-block-heading\"><strong>K\u00fclt\u00fcrel Etkinlikler ve Paneller<\/strong><\/h3>\n\n\n\n<p>A\u00e7\u0131l\u0131\u015f t\u00f6reninin ard\u0131ndan Vali \u015eahin ve beraberindeki heyet, Kemer Y\u00f6resel Tan\u0131t\u0131m Vakf\u0131 (<strong>KETAV<\/strong>) taraf\u0131ndan haz\u0131rlanan&nbsp;<strong>Su Alt\u0131 Resim Sergisi<\/strong>\u2019ni ziyaret etti.<\/p>\n\n\n\n<p>Alan\u0131nda uzman konu\u015fmac\u0131lar\u0131n yer ald\u0131\u011f\u0131 paneller, ba\u015far\u0131 hik\u00e2yeleri ve kurumsal geli\u015fim stratejilerinin ele al\u0131naca\u011f\u0131 kongre,&nbsp;<strong>29-30 Nisan<\/strong>&nbsp;tarihleri boyunca devam edecek. Gen\u00e7 giri\u015fimciler ve i\u015f d\u00fcnyas\u0131 temsilcileri i\u00e7in \u00f6nemli bir bilgi payla\u015f\u0131m platformu sunan organizasyon, Antalya\u2019n\u0131n marka de\u011ferini g\u00fc\u00e7lendirmeyi hedefliyor.<\/p>\n\n\n\n<p><a href=\"https:\/\/www.turizmdays.com\/news\/antalyanin-markalari-bir-araya-geldi-32248\">https:\/\/www.turizmdays.com\/news\/antalyanin-markalari-bir-araya-geldi-32248<\/a><\/p>\n","protected":false},"excerpt":{"rendered":"<p>Antalya Halkla \u0130li\u015fkiler Derne\u011fi (AH\u0130D) taraf\u0131ndan bu y\u0131l ikincisi d\u00fczenlenen&nbsp;Antalya Markalar\u0131 Kongresi, kentin \u00fcretim, ticaret ve giri\u015fimcilik potansiyelini ulusal ve uluslararas\u0131 boyuta ta\u015f\u0131yan markalar\u0131 bir araya getirdi. Muratpa\u015fa il\u00e7esinde ger\u00e7ekle\u015ftirilen a\u00e7\u0131l\u0131\u015f t\u00f6renine Antalya Valisi Hulusi \u015eahin, AH\u0130D Ba\u015fkan\u0131 G\u00fcldal Si\u011fin\u00e7, STK temsilcileri ve i\u015f d\u00fcnyas\u0131n\u0131n \u00f6nde gelen isimleri kat\u0131ld\u0131. Antalya Ekonomisinin K\u00fcresel G\u00fcc\u00fc ve Tecr\u00fcbe [&hellip;]<\/p>\n","protected":false},"author":3,"featured_media":5089,"comment_status":"open","ping_status":"open","sticky":false,"template":"","format":"standard","meta":{"_jetpack_memberships_contains_paid_content":false,"footnotes":""},"categories":[34],"tags":[],"class_list":["post-5088","post","type-post","status-publish","format-standard","has-post-thumbnail","hentry","category-turizm-ve-seyehat-haberleri"],"jetpack_featured_media_url":"https:\/\/odakhaber.site\/wp-content\/uploads\/2026\/04\/32248_antalyanin-markalari-bir-araya-geldi_0.jpeg","jetpack_sharing_enabled":true,"_links":{"self":[{"href":"https:\/\/odakhaber.site\/index.php?rest_route=\/wp\/v2\/posts\/5088","targetHints":{"allow":["GET"]}}],"collection":[{"href":"https:\/\/odakhaber.site\/index.php?rest_route=\/wp\/v2\/posts"}],"about":[{"href":"https:\/\/odakhaber.site\/index.php?rest_route=\/wp\/v2\/types\/post"}],"author":[{"embeddable":true,"href":"https:\/\/odakhaber.site\/index.php?rest_route=\/wp\/v2\/users\/3"}],"replies":[{"embeddable":true,"href":"https:\/\/odakhaber.site\/index.php?rest_route=%2Fwp%2Fv2%2Fcomments&post=5088"}],"version-history":[{"count":1,"href":"https:\/\/odakhaber.site\/index.php?rest_route=\/wp\/v2\/posts\/5088\/revisions"}],"predecessor-version":[{"id":5090,"href":"https:\/\/odakhaber.site\/index.php?rest_route=\/wp\/v2\/posts\/5088\/revisions\/5090"}],"wp:featuredmedia":[{"embeddable":true,"href":"https:\/\/odakhaber.site\/index.php?rest_route=\/wp\/v2\/media\/5089"}],"wp:attachment":[{"href":"https:\/\/odakhaber.site\/index.php?rest_route=%2Fwp%2Fv2%2Fmedia&parent=5088"}],"wp:term":[{"taxonomy":"category","embeddable":true,"href":"https:\/\/odakhaber.site\/index.php?rest_route=%2Fwp%2Fv2%2Fcategories&post=5088"},{"taxonomy":"post_tag","embeddable":true,"href":"https:\/\/odakhaber.site\/index.php?rest_route=%2Fwp%2Fv2%2Ftags&post=5088"}],"curies":[{"name":"wp","href":"https:\/\/api.w.org\/{rel}","templated":true}]}}