{"id":5094,"date":"2026-04-29T20:08:50","date_gmt":"2026-04-29T20:08:50","guid":{"rendered":"https:\/\/odakhaber.site\/?p=5094"},"modified":"2026-04-29T20:08:50","modified_gmt":"2026-04-29T20:08:50","slug":"koy-enstituleri-bellegi-unutulmaz-gelecek-sergisiyle-yasatiliyor","status":"publish","type":"post","link":"https:\/\/odakhaber.site\/?p=5094","title":{"rendered":"K\u00f6y Enstit\u00fcleri Belle\u011fi \u201cUnutulmaz Gelecek\u201d Sergisiyle Ya\u015fat\u0131l\u0131yor"},"content":{"rendered":"\n<h2 class=\"wp-block-heading\"><strong>K\u00f6y Enstit\u00fcleri\u2019nin Haf\u0131zas\u0131 Deri \u00dczerine Nak\u015fedildi: \u201cUnutulmaz Gelecek\u201d Sergisi A\u00e7\u0131ld\u0131<\/strong><\/h2>\n\n\n\n<p>T\u00fcrkiye\u2019nin e\u011fitim tarihindeki en \u00f6nemli d\u00f6n\u00fcm noktalar\u0131ndan biri olan K\u00f6y Enstit\u00fcleri, sanat\u00e7\u0131 Tezcan Karaku\u015f Candan\u2019\u0131n \u00f6zg\u00fcn yorumuyla sanatseverlerin be\u011fenisine sunuldu. Eski TMMOB Mimarlar Odas\u0131 Ankara \u015eube Ba\u015fkan\u0131 Candan\u2019\u0131n imzas\u0131n\u0131 ta\u015f\u0131yan&nbsp;<strong>\u201cUnutulmaz Gelecek: K\u00f6y Enstit\u00fcleri\u201d<\/strong>&nbsp;sergisi, Nurol Sanat Galerisi\u2019nde kap\u0131lar\u0131n\u0131 a\u00e7t\u0131.<\/p>\n\n\n\n<h3 class=\"wp-block-heading\"><strong>21 Enstit\u00fc, 21 Ayd\u0131nlanma Y\u0131ld\u0131z\u0131<\/strong><\/h3>\n\n\n\n<p>K\u00fcrat\u00f6rl\u00fc\u011f\u00fcn\u00fc \u0130brahim Karao\u011flu\u2019nun \u00fcstlendi\u011fi \u00e7al\u0131\u015fma, 21 K\u00f6y Enstit\u00fcs\u00fc\u2019n\u00fc s\u0131radan bir e\u011fitim modelinin \u00f6tesine ta\u015f\u0131yor. Proje; bu kurumlar\u0131 birer haf\u0131za haritas\u0131, \u00fcretim oda\u011f\u0131 ve toplumsal direni\u015f bi\u00e7imi olarak yeniden ele al\u0131yor. Serginin temel felsefesi, K\u00f6y Enstit\u00fcleri\u2019ni \u201ckaranl\u0131\u011f\u0131n i\u00e7inde emekle y\u00fckselen ayd\u0131nlanma y\u0131ld\u0131zlar\u0131\u201d olarak tan\u0131ml\u0131yor.<\/p>\n\n\n\n<h3 class=\"wp-block-heading\"><strong>Malzeme Se\u00e7imiyle Gelen Anlam: Deri \u00dczerine \u0130\u015flenen Bellek<\/strong><\/h3>\n\n\n\n<p>Serginin en dikkat \u00e7ekici teknik detay\u0131, eserlerin&nbsp;<strong>deri \u00fczerine<\/strong>&nbsp;\u00e7al\u0131\u015f\u0131lm\u0131\u015f olmas\u0131. Sanat\u00e7\u0131, unutturulmaya \u00e7al\u0131\u015f\u0131lan toplumsal belle\u011fi deri gibi hem kal\u0131c\u0131 hem de hassas bir y\u00fczeye nak\u015federek ge\u00e7mi\u015fin izlerini bug\u00fcne ta\u015f\u0131yor. Sergi metninde bu sanatsal tercih; haf\u0131zan\u0131n zamana kar\u015f\u0131 verdi\u011fi m\u00fccadelenin ve \u201cbelle\u011fin deri \u00fczerine nak\u015fedilmi\u015f g\u00f6\u00e7\u00fc\u201dn\u00fcn bir yans\u0131mas\u0131 olarak nitelendiriliyor.<\/p>\n\n\n\n<h3 class=\"wp-block-heading\"><strong>Ziyaret Takvimi<\/strong><\/h3>\n\n\n\n<p>Ankara\u2019n\u0131n sanat g\u00fcndemine damga vuran bu anlaml\u0131 sergi,&nbsp;<strong>9 May\u0131s<\/strong>&nbsp;tarihine kadar Nurol Sanat Galerisi\u2019nde ziyaret\u00e7ilerini a\u011f\u0131rlamaya devam edecek.<\/p>\n\n\n\n<figure class=\"wp-block-embed is-type-wp-embed is-provider-objektif-haber wp-block-embed-objektif-haber\"><div class=\"wp-block-embed__wrapper\">\n<blockquote class=\"wp-embedded-content\" data-secret=\"BySBOwndvb\"><a href=\"https:\/\/objektif.site\/2026\/04\/29\/koy-enstituleri-bellegi-unutulmaz-gelecek-sergisiyle-yasatiliyor\/\">K\u00f6y Enstit\u00fcleri Belle\u011fi \u201cUnutulmaz Gelecek\u201d Sergisiyle Ya\u015fat\u0131l\u0131yor<\/a><\/blockquote><iframe loading=\"lazy\" class=\"wp-embedded-content\" sandbox=\"allow-scripts\" security=\"restricted\" style=\"position: absolute; visibility: hidden;\" title=\"&#8220;K\u00f6y Enstit\u00fcleri Belle\u011fi \u201cUnutulmaz Gelecek\u201d Sergisiyle Ya\u015fat\u0131l\u0131yor&#8221; &#8212; Objektif Haber\" src=\"https:\/\/objektif.site\/2026\/04\/29\/koy-enstituleri-bellegi-unutulmaz-gelecek-sergisiyle-yasatiliyor\/embed\/#?secret=xjceU2o11D#?secret=BySBOwndvb\" data-secret=\"BySBOwndvb\" width=\"600\" height=\"338\" frameborder=\"0\" marginwidth=\"0\" marginheight=\"0\" scrolling=\"no\"><\/iframe>\n<\/div><\/figure>\n\n\n\n<p>KARDE\u015e HABER<\/p>\n","protected":false},"excerpt":{"rendered":"<p>K\u00f6y Enstit\u00fcleri\u2019nin Haf\u0131zas\u0131 Deri \u00dczerine Nak\u015fedildi: \u201cUnutulmaz Gelecek\u201d Sergisi A\u00e7\u0131ld\u0131 T\u00fcrkiye\u2019nin e\u011fitim tarihindeki en \u00f6nemli d\u00f6n\u00fcm noktalar\u0131ndan biri olan K\u00f6y Enstit\u00fcleri, sanat\u00e7\u0131 Tezcan Karaku\u015f Candan\u2019\u0131n \u00f6zg\u00fcn yorumuyla sanatseverlerin be\u011fenisine sunuldu. Eski TMMOB Mimarlar Odas\u0131 Ankara \u015eube Ba\u015fkan\u0131 Candan\u2019\u0131n imzas\u0131n\u0131 ta\u015f\u0131yan&nbsp;\u201cUnutulmaz Gelecek: K\u00f6y Enstit\u00fcleri\u201d&nbsp;sergisi, Nurol Sanat Galerisi\u2019nde kap\u0131lar\u0131n\u0131 a\u00e7t\u0131. 21 Enstit\u00fc, 21 Ayd\u0131nlanma Y\u0131ld\u0131z\u0131 K\u00fcrat\u00f6rl\u00fc\u011f\u00fcn\u00fc \u0130brahim [&hellip;]<\/p>\n","protected":false},"author":3,"featured_media":5095,"comment_status":"open","ping_status":"open","sticky":false,"template":"","format":"standard","meta":{"_jetpack_memberships_contains_paid_content":false,"footnotes":""},"categories":[3],"tags":[],"class_list":["post-5094","post","type-post","status-publish","format-standard","has-post-thumbnail","hentry","category-kultur-sanat-haberleri"],"jetpack_featured_media_url":"https:\/\/odakhaber.site\/wp-content\/uploads\/2026\/04\/9594ad50-ce51-44a2-96b7-6c41f54f0337.jpg.webp","jetpack_sharing_enabled":true,"_links":{"self":[{"href":"https:\/\/odakhaber.site\/index.php?rest_route=\/wp\/v2\/posts\/5094","targetHints":{"allow":["GET"]}}],"collection":[{"href":"https:\/\/odakhaber.site\/index.php?rest_route=\/wp\/v2\/posts"}],"about":[{"href":"https:\/\/odakhaber.site\/index.php?rest_route=\/wp\/v2\/types\/post"}],"author":[{"embeddable":true,"href":"https:\/\/odakhaber.site\/index.php?rest_route=\/wp\/v2\/users\/3"}],"replies":[{"embeddable":true,"href":"https:\/\/odakhaber.site\/index.php?rest_route=%2Fwp%2Fv2%2Fcomments&post=5094"}],"version-history":[{"count":1,"href":"https:\/\/odakhaber.site\/index.php?rest_route=\/wp\/v2\/posts\/5094\/revisions"}],"predecessor-version":[{"id":5096,"href":"https:\/\/odakhaber.site\/index.php?rest_route=\/wp\/v2\/posts\/5094\/revisions\/5096"}],"wp:featuredmedia":[{"embeddable":true,"href":"https:\/\/odakhaber.site\/index.php?rest_route=\/wp\/v2\/media\/5095"}],"wp:attachment":[{"href":"https:\/\/odakhaber.site\/index.php?rest_route=%2Fwp%2Fv2%2Fmedia&parent=5094"}],"wp:term":[{"taxonomy":"category","embeddable":true,"href":"https:\/\/odakhaber.site\/index.php?rest_route=%2Fwp%2Fv2%2Fcategories&post=5094"},{"taxonomy":"post_tag","embeddable":true,"href":"https:\/\/odakhaber.site\/index.php?rest_route=%2Fwp%2Fv2%2Ftags&post=5094"}],"curies":[{"name":"wp","href":"https:\/\/api.w.org\/{rel}","templated":true}]}}