{"id":5103,"date":"2026-04-29T20:17:05","date_gmt":"2026-04-29T20:17:05","guid":{"rendered":"https:\/\/odakhaber.site\/?p=5103"},"modified":"2026-04-29T20:17:05","modified_gmt":"2026-04-29T20:17:05","slug":"rams-parkta-solen-havasi-galatasaraydan-taraftara-acik-dev-antrenman","status":"publish","type":"post","link":"https:\/\/odakhaber.site\/?p=5103","title":{"rendered":"RAMS Park\u2019ta \u015e\u00f6len Havas\u0131: Galatasaray\u2019dan Taraftara A\u00e7\u0131k Dev Antrenman"},"content":{"rendered":"\n<p>Galatasaray, Trendyol S\u00fcper Lig\u2019in 32. haftas\u0131nda deplasmanda kar\u015f\u0131la\u015faca\u011f\u0131 Samsunspor m\u00fcsabakas\u0131 \u00f6ncesinde, RAMS Park\u2019ta taraftar\u0131na kap\u0131lar\u0131n\u0131 a\u00e7t\u0131. Yakla\u015f\u0131k 40 bin sar\u0131-k\u0131rm\u0131z\u0131l\u0131 futbolseverin takip etti\u011fi idman, bir antrenmandan ziyade derbi atmosferini aratmayan g\u00f6rkemli bir \u015f\u00f6lene d\u00f6n\u00fc\u015ft\u00fc.<\/p>\n\n\n\n<hr class=\"wp-block-separator has-alpha-channel-opacity\"\/>\n\n\n\n<h3 class=\"wp-block-heading\"><strong>Trib\u00fcnlerde 40 Bin Ki\u015filik Co\u015fku<\/strong><\/h3>\n\n\n\n<p>Antrenmandan saatler \u00f6nce trib\u00fcnleri dolduran taraftarlar, futbolcular\u0131n sahaya ayak basmas\u0131yla b\u00fcy\u00fck bir sevgi g\u00f6sterisinde bulundu. Me\u015faleler ve mar\u015flar e\u015fli\u011finde ger\u00e7ekle\u015fen idmanda \u00f6ne \u00e7\u0131kan detaylar \u015funlar oldu:<\/p>\n\n\n\n<ul class=\"wp-block-list\">\n<li><strong>Y\u0131ld\u0131zlara \u00d6zel \u0130lgi:<\/strong>\u00a0Is\u0131nma hareketleri s\u0131ras\u0131nda t\u00fcm futbolcular tek tek trib\u00fcnlere \u00e7a\u011fr\u0131l\u0131rken, en b\u00fcy\u00fck ilgi\u00a0<strong>Victor Osimhen<\/strong>\u00a0ve\u00a0<strong>Mauro Icardi<\/strong>\u00a0\u00fczerinde topland\u0131. Teknik direkt\u00f6r\u00a0<strong>Okan Buruk<\/strong>\u00a0ise taraftarlar\u0131n yo\u011fun alk\u0131\u015flar\u0131 e\u015fli\u011finde sahaya davet edildi.<\/li>\n\n\n\n<li><strong>G\u00f6rsel \u015e\u00f6len:<\/strong>\u00a0\u00c7ift kale ma\u00e7 s\u0131ras\u0131nda t\u00fcm trib\u00fcnlerde ayn\u0131 anda yak\u0131lan me\u015faleler, statta unutulmaz bir g\u00f6rsel \u015f\u00f6len olu\u015fturdu.<\/li>\n<\/ul>\n\n\n\n<hr class=\"wp-block-separator has-alpha-channel-opacity\"\/>\n\n\n\n<h3 class=\"wp-block-heading\"><strong>Ba\u015fkan Dursun \u00d6zbek\u2019e Sevgi Seli<\/strong><\/h3>\n\n\n\n<p>Galatasaray Ba\u015fkan\u0131 Dursun \u00d6zbek, taraftarlar\u0131n \u00f6zel iste\u011fi \u00fczerine locas\u0131ndan sahaya inerek trib\u00fcnleri selamlad\u0131. Taraftarlar\u0131n &#8220;B\u00fcy\u00fck ba\u015fkan&#8221; tezah\u00fcratlar\u0131 e\u015fli\u011finde sahada tur atan \u00d6zbek\u2019e camia ve taraftardan tam destek geldi.<\/p>\n\n\n\n<hr class=\"wp-block-separator has-alpha-channel-opacity\"\/>\n\n\n\n<h3 class=\"wp-block-heading\"><strong>Eski Y\u0131ld\u0131zlar Unutulmad\u0131<\/strong><\/h3>\n\n\n\n<p>Sar\u0131-k\u0131rm\u0131z\u0131l\u0131 ekibin tarihindeki \u00f6nemli isimler de bu \u00f6zel g\u00fcnde tak\u0131m\u0131 yaln\u0131z b\u0131rakmad\u0131. Antrenman\u0131 trib\u00fcnden takip eden eski futbolcular aras\u0131nda \u015fu isimler yer ald\u0131:<\/p>\n\n\n\n<ul class=\"wp-block-list\">\n<li>Johan Elmander, Sabri Sar\u0131o\u011flu, Yekta Kurtulu\u015f, Emre \u00c7olak, Hasan Kabze, Ryan Babel, Ryan Donk ve Jimmy Durmaz.<\/li>\n<\/ul>\n\n\n\n<hr class=\"wp-block-separator has-alpha-channel-opacity\"\/>\n\n\n\n<h3 class=\"wp-block-heading\"><strong>Sakatl\u0131k Raporu ve Haz\u0131rl\u0131k S\u00fcreci<\/strong><\/h3>\n\n\n\n<p>2 May\u0131s Cumartesi g\u00fcn\u00fc oynanacak Samsunspor ma\u00e7\u0131 i\u00e7in haz\u0131rl\u0131klar\u0131n\u0131 s\u00fcrd\u00fcren tak\u0131mda iki eksik dikkat \u00e7ekti. Ayak bile\u011finde kemik \u00f6demi bulunan&nbsp;<strong>Gabriel Sara<\/strong>&nbsp;ile dizinde esneme olan&nbsp;<strong>Yaser Asprilla<\/strong>, g\u00fcn\u00fc tedaviyle ge\u00e7irdikleri i\u00e7in \u00e7al\u0131\u015fmada yer almad\u0131lar.<\/p>\n\n\n\n<p>Galatasaray, Samsunspor kar\u015f\u0131la\u015fmas\u0131n\u0131n taktik haz\u0131rl\u0131klar\u0131na yar\u0131n ger\u00e7ekle\u015ftirece\u011fi antrenmanla devam edecek.<\/p>\n\n\n\n<p><a href=\"https:\/\/www.fotomac.com.tr\/galatasaray\/2026\/04\/29\/galatasaray-taraftara-acik-antrenman-canli\">https:\/\/www.fotomac.com.tr\/galatasaray\/2026\/04\/29\/galatasaray-taraftara-acik-antrenman-canli<\/a><\/p>\n","protected":false},"excerpt":{"rendered":"<p>Galatasaray, Trendyol S\u00fcper Lig\u2019in 32. haftas\u0131nda deplasmanda kar\u015f\u0131la\u015faca\u011f\u0131 Samsunspor m\u00fcsabakas\u0131 \u00f6ncesinde, RAMS Park\u2019ta taraftar\u0131na kap\u0131lar\u0131n\u0131 a\u00e7t\u0131. Yakla\u015f\u0131k 40 bin sar\u0131-k\u0131rm\u0131z\u0131l\u0131 futbolseverin takip etti\u011fi idman, bir antrenmandan ziyade derbi atmosferini aratmayan g\u00f6rkemli bir \u015f\u00f6lene d\u00f6n\u00fc\u015ft\u00fc. Trib\u00fcnlerde 40 Bin Ki\u015filik Co\u015fku Antrenmandan saatler \u00f6nce trib\u00fcnleri dolduran taraftarlar, futbolcular\u0131n sahaya ayak basmas\u0131yla b\u00fcy\u00fck bir sevgi g\u00f6sterisinde bulundu. Me\u015faleler [&hellip;]<\/p>\n","protected":false},"author":4,"featured_media":5104,"comment_status":"open","ping_status":"open","sticky":false,"template":"","format":"standard","meta":{"_jetpack_memberships_contains_paid_content":false,"footnotes":""},"categories":[9],"tags":[],"class_list":["post-5103","post","type-post","status-publish","format-standard","has-post-thumbnail","hentry","category-spor"],"jetpack_featured_media_url":"https:\/\/odakhaber.site\/wp-content\/uploads\/2026\/04\/633x358-galatasaray-taraftara-acik-antrenman-gerceklestirdi-1777491652478.jpeg","jetpack_sharing_enabled":true,"_links":{"self":[{"href":"https:\/\/odakhaber.site\/index.php?rest_route=\/wp\/v2\/posts\/5103","targetHints":{"allow":["GET"]}}],"collection":[{"href":"https:\/\/odakhaber.site\/index.php?rest_route=\/wp\/v2\/posts"}],"about":[{"href":"https:\/\/odakhaber.site\/index.php?rest_route=\/wp\/v2\/types\/post"}],"author":[{"embeddable":true,"href":"https:\/\/odakhaber.site\/index.php?rest_route=\/wp\/v2\/users\/4"}],"replies":[{"embeddable":true,"href":"https:\/\/odakhaber.site\/index.php?rest_route=%2Fwp%2Fv2%2Fcomments&post=5103"}],"version-history":[{"count":1,"href":"https:\/\/odakhaber.site\/index.php?rest_route=\/wp\/v2\/posts\/5103\/revisions"}],"predecessor-version":[{"id":5105,"href":"https:\/\/odakhaber.site\/index.php?rest_route=\/wp\/v2\/posts\/5103\/revisions\/5105"}],"wp:featuredmedia":[{"embeddable":true,"href":"https:\/\/odakhaber.site\/index.php?rest_route=\/wp\/v2\/media\/5104"}],"wp:attachment":[{"href":"https:\/\/odakhaber.site\/index.php?rest_route=%2Fwp%2Fv2%2Fmedia&parent=5103"}],"wp:term":[{"taxonomy":"category","embeddable":true,"href":"https:\/\/odakhaber.site\/index.php?rest_route=%2Fwp%2Fv2%2Fcategories&post=5103"},{"taxonomy":"post_tag","embeddable":true,"href":"https:\/\/odakhaber.site\/index.php?rest_route=%2Fwp%2Fv2%2Ftags&post=5103"}],"curies":[{"name":"wp","href":"https:\/\/api.w.org\/{rel}","templated":true}]}}