{"id":5106,"date":"2026-04-29T20:18:58","date_gmt":"2026-04-29T20:18:58","guid":{"rendered":"https:\/\/odakhaber.site\/?p=5106"},"modified":"2026-04-29T20:18:58","modified_gmt":"2026-04-29T20:18:58","slug":"psgde-kritik-eksik-achraf-hakimi-bayern-munih-rovansinda-yok","status":"publish","type":"post","link":"https:\/\/odakhaber.site\/?p=5106","title":{"rendered":"PSG&#8217;de Kritik Eksik: Achraf Hakimi, Bayern M\u00fcnih R\u00f6van\u015f\u0131nda Yok"},"content":{"rendered":"\n<p>Paris Saint-Germain (PSG), UEFA \u015eampiyonlar Ligi yar\u0131 final r\u00f6van\u015f m\u00fccadelesi \u00f6ncesi gelen sakatl\u0131k haberiyle sars\u0131ld\u0131. Frans\u0131z ekibinin savunmadaki kilit ismi&nbsp;<strong>Achraf Hakimi<\/strong>, ya\u015fad\u0131\u011f\u0131 sakatl\u0131k nedeniyle dev ma\u00e7ta tak\u0131mdaki yerini alamayacak.<\/p>\n\n\n\n<hr class=\"wp-block-separator has-alpha-channel-opacity\"\/>\n\n\n\n<h3 class=\"wp-block-heading\"><strong>Sa\u011f Uyluk Adalesinde Sakatl\u0131k<\/strong><\/h3>\n\n\n\n<p>Kul\u00fcp taraf\u0131ndan yap\u0131lan resmi a\u00e7\u0131klamada, Bayern M\u00fcnih ile oynanan ilk kar\u015f\u0131la\u015fmada sa\u011f uyluk adalesinden sakatlanan Fasl\u0131 y\u0131ld\u0131z\u0131n tedavisinin birka\u00e7 hafta s\u00fcrece\u011fi duyuruldu. Bu geli\u015fme sonras\u0131 Hakimi&#8217;nin, PSG&#8217;nin&nbsp;<strong>6 May\u0131s \u00c7ar\u015famba<\/strong>&nbsp;g\u00fcn\u00fc deplasmanda oynayaca\u011f\u0131 kritik r\u00f6van\u015f ma\u00e7\u0131nda forma giyemeyece\u011fi kesinle\u015fti.<\/p>\n\n\n\n<hr class=\"wp-block-separator has-alpha-channel-opacity\"\/>\n\n\n\n<h3 class=\"wp-block-heading\"><strong>Yar\u0131 Finalde Nefes Kesen M\u00fccadele<\/strong><\/h3>\n\n\n\n<p>Son y\u0131llar\u0131n en heyecan verici e\u015fle\u015fmelerinden birine sahne olan \u015eampiyonlar Ligi yar\u0131 final ilk ma\u00e7\u0131nda PSG, sahas\u0131nda Bayern M\u00fcnih&#8217;i&nbsp;<strong>5-4<\/strong>&nbsp;gibi \u00e7arp\u0131c\u0131 bir skorla ma\u011flup etmeyi ba\u015farm\u0131\u015ft\u0131. Paris temsilcisi, r\u00f6van\u015f m\u00fccadelesine bu skor avantaj\u0131yla \u00e7\u0131ksa da savunman\u0131n en \u00f6nemli par\u00e7alar\u0131ndan biri olan Hakimi\u2019den yoksun olarak final biletini arayacak.<\/p>\n\n\n\n<hr class=\"wp-block-separator has-alpha-channel-opacity\"\/>\n\n\n\n<h3 class=\"wp-block-heading\"><strong>Geri D\u00f6n\u00fc\u015f S\u00fcreci<\/strong><\/h3>\n\n\n\n<p>Birka\u00e7 hafta sahalardan uzak kalmas\u0131 beklenen ba\u015far\u0131l\u0131 sa\u011f bekin yoklu\u011funda, teknik heyetin savunma hatt\u0131nda nas\u0131l bir revizyona gidece\u011fi merak konusu. PSG, Hakimi&#8217;nin yoklu\u011funda Almanya&#8217;da avantaj\u0131n\u0131 koruyarak ad\u0131n\u0131 finale yazd\u0131rmak i\u00e7in m\u00fccadele edecek.<\/p>\n\n\n\n<p><a href=\"https:\/\/www.fotomac.com.tr\/futbol\/2026\/04\/29\/psgye-achraf-hakimi-soku-bayern-munihe-karsi-forma-giyemecek\">https:\/\/www.fotomac.com.tr\/futbol\/2026\/04\/29\/psgye-achraf-hakimi-soku-bayern-munihe-karsi-forma-giyemecek<\/a><\/p>\n","protected":false},"excerpt":{"rendered":"<p>Paris Saint-Germain (PSG), UEFA \u015eampiyonlar Ligi yar\u0131 final r\u00f6van\u015f m\u00fccadelesi \u00f6ncesi gelen sakatl\u0131k haberiyle sars\u0131ld\u0131. Frans\u0131z ekibinin savunmadaki kilit ismi&nbsp;Achraf Hakimi, ya\u015fad\u0131\u011f\u0131 sakatl\u0131k nedeniyle dev ma\u00e7ta tak\u0131mdaki yerini alamayacak. Sa\u011f Uyluk Adalesinde Sakatl\u0131k Kul\u00fcp taraf\u0131ndan yap\u0131lan resmi a\u00e7\u0131klamada, Bayern M\u00fcnih ile oynanan ilk kar\u015f\u0131la\u015fmada sa\u011f uyluk adalesinden sakatlanan Fasl\u0131 y\u0131ld\u0131z\u0131n tedavisinin birka\u00e7 hafta s\u00fcrece\u011fi duyuruldu. [&hellip;]<\/p>\n","protected":false},"author":4,"featured_media":5107,"comment_status":"open","ping_status":"open","sticky":false,"template":"","format":"standard","meta":{"_jetpack_memberships_contains_paid_content":false,"footnotes":""},"categories":[9],"tags":[],"class_list":["post-5106","post","type-post","status-publish","format-standard","has-post-thumbnail","hentry","category-spor"],"jetpack_featured_media_url":"https:\/\/odakhaber.site\/wp-content\/uploads\/2026\/04\/633x358-psgye-achraf-hakimi-soku-bayern-munihe-karsi-forma-giyemecek-1777493032239.jpeg","jetpack_sharing_enabled":true,"_links":{"self":[{"href":"https:\/\/odakhaber.site\/index.php?rest_route=\/wp\/v2\/posts\/5106","targetHints":{"allow":["GET"]}}],"collection":[{"href":"https:\/\/odakhaber.site\/index.php?rest_route=\/wp\/v2\/posts"}],"about":[{"href":"https:\/\/odakhaber.site\/index.php?rest_route=\/wp\/v2\/types\/post"}],"author":[{"embeddable":true,"href":"https:\/\/odakhaber.site\/index.php?rest_route=\/wp\/v2\/users\/4"}],"replies":[{"embeddable":true,"href":"https:\/\/odakhaber.site\/index.php?rest_route=%2Fwp%2Fv2%2Fcomments&post=5106"}],"version-history":[{"count":1,"href":"https:\/\/odakhaber.site\/index.php?rest_route=\/wp\/v2\/posts\/5106\/revisions"}],"predecessor-version":[{"id":5108,"href":"https:\/\/odakhaber.site\/index.php?rest_route=\/wp\/v2\/posts\/5106\/revisions\/5108"}],"wp:featuredmedia":[{"embeddable":true,"href":"https:\/\/odakhaber.site\/index.php?rest_route=\/wp\/v2\/media\/5107"}],"wp:attachment":[{"href":"https:\/\/odakhaber.site\/index.php?rest_route=%2Fwp%2Fv2%2Fmedia&parent=5106"}],"wp:term":[{"taxonomy":"category","embeddable":true,"href":"https:\/\/odakhaber.site\/index.php?rest_route=%2Fwp%2Fv2%2Fcategories&post=5106"},{"taxonomy":"post_tag","embeddable":true,"href":"https:\/\/odakhaber.site\/index.php?rest_route=%2Fwp%2Fv2%2Ftags&post=5106"}],"curies":[{"name":"wp","href":"https:\/\/api.w.org\/{rel}","templated":true}]}}