{"id":5116,"date":"2026-04-30T17:46:22","date_gmt":"2026-04-30T17:46:22","guid":{"rendered":"https:\/\/odakhaber.site\/?p=5116"},"modified":"2026-04-30T17:46:22","modified_gmt":"2026-04-30T17:46:22","slug":"kikirdak-ameliyatlarinda-beklenen-fayda-gorulmeyebilir-helsinki-universitesinden-10-yillik-arastirma","status":"publish","type":"post","link":"https:\/\/odakhaber.site\/?p=5116","title":{"rendered":"K\u0131k\u0131rdak Ameliyatlar\u0131nda Beklenen Fayda G\u00f6r\u00fclmeyebilir: Helsinki \u00dcniversitesi\u2019nden 10 Y\u0131ll\u0131k Ara\u015ft\u0131rma"},"content":{"rendered":"\n<p>Helsinki \u00dcniversitesi taraf\u0131ndan y\u00fcr\u00fct\u00fclen ve 10 y\u0131ll\u0131k bir s\u00fcreci kapsayan kapsaml\u0131 bir \u00e7al\u0131\u015fma, k\u0131k\u0131rdak hasar\u0131 nedeniyle ger\u00e7ekle\u015ftirilen diz ameliyatlar\u0131n\u0131n hastalar \u00fczerinde anlaml\u0131 bir iyile\u015fme sa\u011flamad\u0131\u011f\u0131n\u0131, aksine durumu daha k\u00f6t\u00fcye g\u00f6t\u00fcrebilece\u011fini ortaya koydu.<\/p>\n\n\n\n<p>Ara\u015ft\u0131rma, \u00f6zellikle menisk\u00fcs y\u0131rt\u0131\u011f\u0131 tedavisi g\u00f6ren hastalar\u0131n verilerine odakland\u0131. \u00c7al\u0131\u015fma kapsam\u0131nda, ameliyat olan hastalar\u0131n sonu\u00e7lar\u0131, sadece deri kesisi yap\u0131larak ger\u00e7ek bir cerrahi i\u015flem uygulanmayan (plasebo\/sahte ameliyat) kontrol grubuyla k\u0131yasland\u0131.<\/p>\n\n\n\n<h3 class=\"wp-block-heading\">Ameliyat\u0131n Uzun Vadeli Etkileri Tart\u0131\u015fmal\u0131<\/h3>\n\n\n\n<p>Y\u0131pranm\u0131\u015f menisk\u00fcs dokusunun cerrahi y\u00f6ntemle temizlenmesi i\u015flemini ge\u00e7iren hastalar; diz fonksiyonu, a\u011fr\u0131 \u015fiddeti ve semptomlar\u0131n seyri a\u00e7\u0131s\u0131ndan yap\u0131lan testlerde bekleneni veremedi. Ara\u015ft\u0131rmay\u0131 y\u00f6neten Helsinki \u00dcniversitesi ortopedi cerrah\u0131&nbsp;<strong>Prof. Teppo J\u00e4rvinen<\/strong>, durumu \u015fu s\u00f6zlerle \u00f6zetledi:<\/p>\n\n\n\n<h3 class=\"wp-block-heading\">Menisk\u00fcs Nedir ve Hasar Nas\u0131l Olu\u015fur?<\/h3>\n\n\n\n<p>Menisk\u00fcs, diz ekleminde uyluk ve kaval kemi\u011fi aras\u0131nda yer alan, darbe emici (amortis\u00f6r) g\u00f6revi g\u00f6ren C \u015feklinde lastiksi bir k\u0131k\u0131rdak yap\u0131s\u0131d\u0131r.<\/p>\n\n\n\n<ul class=\"wp-block-list\">\n<li><strong>Olu\u015fumu:<\/strong>\u00a0Spor esnas\u0131ndaki ani burkulmalarla ger\u00e7ekle\u015febilece\u011fi gibi, zamanla kademeli olarak da y\u0131pranabilir.<\/li>\n\n\n\n<li><strong>Semptomlar:<\/strong>\u00a0Diz a\u011fr\u0131s\u0131, sertlik, hareket k\u0131s\u0131tl\u0131l\u0131\u011f\u0131 ve eklemden gelen sesler temel belirtilerdir.<\/li>\n\n\n\n<li><strong>\u0130lgin\u00e7 Veri:<\/strong>\u00a0MR taramalar\u0131, hi\u00e7bir a\u011fr\u0131s\u0131 olmayan sa\u011fl\u0131kl\u0131 bireylerde bile menisk\u00fcs y\u0131rt\u0131klar\u0131n\u0131n tesad\u00fcfen saptanabildi\u011fini g\u00f6steriyor. Prof. J\u00e4rvinen, son 20 y\u0131lda biriken kan\u0131tlar\u0131n, MR&#8217;daki pek \u00e7ok bulgunun asl\u0131nda semptomlarla do\u011frudan ili\u015fkili olmad\u0131\u011f\u0131n\u0131 kan\u0131tlad\u0131\u011f\u0131n\u0131 vurguluyor.<\/li>\n<\/ul>\n\n\n\n<h3 class=\"wp-block-heading\">10 Y\u0131ll\u0131k Takip Sonu\u00e7lar\u0131: Risk Daha Y\u00fcksek<\/h3>\n\n\n\n<p>Finlandiya\u2019daki be\u015f farkl\u0131 hastaneden 35-65 ya\u015f aras\u0131 146 hastan\u0131n kat\u0131ld\u0131\u011f\u0131 \u00e7al\u0131\u015fmada \u00e7arp\u0131c\u0131 sonu\u00e7lar elde edildi:<\/p>\n\n\n\n<ul class=\"wp-block-list\">\n<li><strong>Daha K\u00f6t\u00fc Fonksiyon:<\/strong>\u00a0Ameliyat olan grupta 10 y\u0131l\u0131n sonunda diz fonksiyonlar\u0131n\u0131n daha zay\u0131f oldu\u011fu g\u00f6r\u00fcld\u00fc.<\/li>\n\n\n\n<li><strong>H\u0131zl\u0131 Kire\u00e7lenme:<\/strong>\u00a0Cerrahi m\u00fcdahale g\u00f6ren hastalarda osteoartritin (kire\u00e7lenme) daha h\u0131zl\u0131 ilerledi\u011fi saptand\u0131.<\/li>\n\n\n\n<li><strong>Tekrarlayan Ameliyatlar:<\/strong>\u00a0Bu grubun gelecekte yeni bir diz operasyonu ge\u00e7irme olas\u0131l\u0131\u011f\u0131 daha y\u00fcksek \u00e7\u0131kt\u0131.<\/li>\n<\/ul>\n\n\n\n<h3 class=\"wp-block-heading\">Uzman G\u00f6r\u00fc\u015f\u00fc: &#8220;Vurmadan \u00d6nce D\u00fc\u015f\u00fcn&#8221;<\/h3>\n\n\n\n<p>\u0130ngiliz Ortopedi Derne\u011fi&#8217;nin eski ba\u015fkan\u0131 ve diz cerrah\u0131\u00a0Mark Bowditch, son y\u0131llarda cerrahi yakla\u015f\u0131mlar\u0131n de\u011fi\u015fti\u011fini belirtti. Bowditch, &#8220;Ge\u00e7mi\u015fte hastalar\u0131n d\u00f6rtte \u00fc\u00e7\u00fc ameliyat ediliyorsa, g\u00fcn\u00fcm\u00fczde bu oran d\u00f6rtte bire kadar d\u00fc\u015ft\u00fc. Art\u0131k &#8216;vurmadan \u00f6nce d\u00fc\u015f\u00fcn&#8217; yakla\u015f\u0131m\u0131n\u0131 benimsiyoruz. Ameliyat asla ilk ad\u0131m olmamal\u0131d\u0131r,&#8221; diyerek tedavi s\u00fcrecinde daha temkinli olunmas\u0131 gerekti\u011finin alt\u0131n\u0131 \u00e7izdi.<\/p>\n\n\n\n<p><a href=\"https:\/\/gazeteoksijen.com\/saglik\/10-yillik-arastirmadan-cikan-sonuc-diz-ameliyatlari-hastalara-beklenen-faydayi-saglamiyor-273960\">https:\/\/gazeteoksijen.com\/saglik\/10-yillik-arastirmadan-cikan-sonuc-diz-ameliyatlari-hastalara-beklenen-faydayi-saglamiyor-273960<\/a><\/p>\n\n\n\n<p><\/p>\n","protected":false},"excerpt":{"rendered":"<p>Helsinki \u00dcniversitesi taraf\u0131ndan y\u00fcr\u00fct\u00fclen ve 10 y\u0131ll\u0131k bir s\u00fcreci kapsayan kapsaml\u0131 bir \u00e7al\u0131\u015fma, k\u0131k\u0131rdak hasar\u0131 nedeniyle ger\u00e7ekle\u015ftirilen diz ameliyatlar\u0131n\u0131n hastalar \u00fczerinde anlaml\u0131 bir iyile\u015fme sa\u011flamad\u0131\u011f\u0131n\u0131, aksine durumu daha k\u00f6t\u00fcye g\u00f6t\u00fcrebilece\u011fini ortaya koydu. Ara\u015ft\u0131rma, \u00f6zellikle menisk\u00fcs y\u0131rt\u0131\u011f\u0131 tedavisi g\u00f6ren hastalar\u0131n verilerine odakland\u0131. \u00c7al\u0131\u015fma kapsam\u0131nda, ameliyat olan hastalar\u0131n sonu\u00e7lar\u0131, sadece deri kesisi yap\u0131larak ger\u00e7ek bir cerrahi i\u015flem [&hellip;]<\/p>\n","protected":false},"author":5,"featured_media":5117,"comment_status":"open","ping_status":"open","sticky":false,"template":"","format":"standard","meta":{"_jetpack_memberships_contains_paid_content":false,"footnotes":""},"categories":[39],"tags":[],"class_list":["post-5116","post","type-post","status-publish","format-standard","has-post-thumbnail","hentry","category-saglik-haberleri"],"jetpack_featured_media_url":"https:\/\/odakhaber.site\/wp-content\/uploads\/2026\/04\/diz-agrisi-yuha.png","jetpack_sharing_enabled":true,"_links":{"self":[{"href":"https:\/\/odakhaber.site\/index.php?rest_route=\/wp\/v2\/posts\/5116","targetHints":{"allow":["GET"]}}],"collection":[{"href":"https:\/\/odakhaber.site\/index.php?rest_route=\/wp\/v2\/posts"}],"about":[{"href":"https:\/\/odakhaber.site\/index.php?rest_route=\/wp\/v2\/types\/post"}],"author":[{"embeddable":true,"href":"https:\/\/odakhaber.site\/index.php?rest_route=\/wp\/v2\/users\/5"}],"replies":[{"embeddable":true,"href":"https:\/\/odakhaber.site\/index.php?rest_route=%2Fwp%2Fv2%2Fcomments&post=5116"}],"version-history":[{"count":1,"href":"https:\/\/odakhaber.site\/index.php?rest_route=\/wp\/v2\/posts\/5116\/revisions"}],"predecessor-version":[{"id":5118,"href":"https:\/\/odakhaber.site\/index.php?rest_route=\/wp\/v2\/posts\/5116\/revisions\/5118"}],"wp:featuredmedia":[{"embeddable":true,"href":"https:\/\/odakhaber.site\/index.php?rest_route=\/wp\/v2\/media\/5117"}],"wp:attachment":[{"href":"https:\/\/odakhaber.site\/index.php?rest_route=%2Fwp%2Fv2%2Fmedia&parent=5116"}],"wp:term":[{"taxonomy":"category","embeddable":true,"href":"https:\/\/odakhaber.site\/index.php?rest_route=%2Fwp%2Fv2%2Fcategories&post=5116"},{"taxonomy":"post_tag","embeddable":true,"href":"https:\/\/odakhaber.site\/index.php?rest_route=%2Fwp%2Fv2%2Ftags&post=5116"}],"curies":[{"name":"wp","href":"https:\/\/api.w.org\/{rel}","templated":true}]}}