{"id":5136,"date":"2026-04-30T17:59:04","date_gmt":"2026-04-30T17:59:04","guid":{"rendered":"https:\/\/odakhaber.site\/?p=5136"},"modified":"2026-04-30T17:59:04","modified_gmt":"2026-04-30T17:59:04","slug":"avrupada-sicaklik-alarmi-alpler-eriyor-kita-rekorlarla-isiniyor","status":"publish","type":"post","link":"https:\/\/odakhaber.site\/?p=5136","title":{"rendered":"Avrupa\u2019da S\u0131cakl\u0131k Alarm\u0131: Alpler Eriyor, K\u0131ta Rekorlarla Is\u0131n\u0131yor"},"content":{"rendered":"\n<p>D\u00fcnya Meteoroloji \u00d6rg\u00fct\u00fc ve Avrupa Orta Vadeli Hava Tahminleri Merkezi taraf\u0131ndan yay\u0131mlanan\u00a0\u201cAvrupa \u0130klim Durumu 2025\u201d\u00a0raporu, k\u0131tan\u0131n kar\u015f\u0131 kar\u015f\u0131ya oldu\u011fu iklim krizinin boyutlar\u0131n\u0131 g\u00f6zler \u00f6n\u00fcne serdi. Yakla\u015f\u0131k 100 bilim insan\u0131n\u0131n katk\u0131s\u0131yla haz\u0131rlanan rapora g\u00f6re, Avrupa k\u0131tas\u0131n\u0131n %95\u2019inde y\u0131ll\u0131k s\u0131cakl\u0131klar k\u00fcresel ortalaman\u0131n \u00fczerinde ger\u00e7ekle\u015fti.<\/p>\n\n\n\n<h3 class=\"wp-block-heading\">Buzullar H\u0131zla Yok Oluyor<\/h3>\n\n\n\n<p>D\u00fcnyan\u0131n en h\u0131zl\u0131 \u0131s\u0131nan b\u00f6lgesi olma \u00f6zelli\u011fini s\u00fcrd\u00fcren Avrupa&#8217;da, buzul b\u00f6lgelerinde devasa k\u00fctle kay\u0131plar\u0131 ya\u015fan\u0131yor:<\/p>\n\n\n\n<ul class=\"wp-block-list\">\n<li><strong>\u0130zlanda:<\/strong>\u00a0Kay\u0131tlar tutulmaya ba\u015fland\u0131\u011f\u0131ndan bu yana en b\u00fcy\u00fck ikinci buzul kayb\u0131 kaydedildi.<\/li>\n\n\n\n<li><strong>Gr\u00f6nland:<\/strong>\u00a0Buz tabakas\u0131 ge\u00e7ti\u011fimiz y\u0131l\u00a0139 milyar ton\u00a0buz kaybetti. Bu miktar, Avrupa Alpleri\u2019ndeki t\u00fcm buzullar\u0131n toplam hacminin yakla\u015f\u0131k 1.5 kat\u0131na denk geliyor.<\/li>\n\n\n\n<li><strong>Alpler:<\/strong>\u00a0Rekor s\u0131cakl\u0131klar nedeniyle Alpler&#8217;deki buzullar h\u0131zla erimeye devam ediyor.<\/li>\n<\/ul>\n\n\n\n<hr class=\"wp-block-separator has-alpha-channel-opacity\"\/>\n\n\n\n<h3 class=\"wp-block-heading\">Denizler de Is\u0131n\u0131yor<\/h3>\n\n\n\n<p>Rapora g\u00f6re sadece karalar de\u011fil, Avrupa\u2019y\u0131 \u00e7evreleyen denizler de tehdit alt\u0131nda. B\u00f6lgedeki y\u0131ll\u0131k deniz y\u00fczeyi s\u0131cakl\u0131\u011f\u0131, \u015fimdiye kadar \u00f6l\u00e7\u00fclen\u00a0en y\u00fcksek seviyeye\u00a0ula\u015ft\u0131. Is\u0131nan denizler, ekosistemler \u00fczerinde y\u0131k\u0131c\u0131 etkilere yol a\u00e7\u0131yor.<\/p>\n\n\n\n<h3 class=\"wp-block-heading\">Y\u0131k\u0131c\u0131 Etkiler Kap\u0131da<\/h3>\n\n\n\n<p>Raporda, Kuzey Kutbu\u2019ndan Akdeniz\u2019e kadar uzanan geni\u015f co\u011frafyada hissedilen etkiler \u015f\u00f6yle \u00f6zetlendi:<\/p>\n\n\n\n<blockquote class=\"wp-block-quote is-layout-flow wp-block-quote-is-layout-flow\">\n<p>\u201cAvrupa\u2019daki h\u0131zl\u0131 \u0131s\u0131nma; kar ve buz \u00f6rt\u00fcs\u00fcn\u00fc azalt\u0131rken; tehlikeli s\u0131cakl\u0131klar, kurakl\u0131k, s\u0131cak dalgalar\u0131 ve rekor okyanus s\u0131cakl\u0131klar\u0131n\u0131 beraberinde getiriyor. Bu durum, y\u0131k\u0131c\u0131 orman yang\u0131nlar\u0131ndan biyolojik \u00e7e\u015fitlilik kayb\u0131na kadar Avrupa genelindeki toplumlar ve ekosistemler \u00fczerinde a\u011f\u0131r sonu\u00e7lar do\u011furuyor.\u201d<\/p>\n<\/blockquote>\n\n\n\n<p>Bu veriler, Avrupa&#8217;n\u0131n hem karada hem de denizde ekstrem hava olaylar\u0131na ve kal\u0131c\u0131 \u00e7evresel de\u011fi\u015fimlere kar\u015f\u0131 her zamankinden daha savunmas\u0131z oldu\u011funu kan\u0131tl\u0131yor.<\/p>\n\n\n\n<p><a href=\"https:\/\/www.hurriyet.com.tr\/dunya\/avrupada-rekor-sicaklik-alpler-eriyor-43162398\">https:\/\/www.hurriyet.com.tr\/dunya\/avrupada-rekor-sicaklik-alpler-eriyor-43162398<\/a><\/p>\n\n\n\n<p><\/p>\n","protected":false},"excerpt":{"rendered":"<p>D\u00fcnya Meteoroloji \u00d6rg\u00fct\u00fc ve Avrupa Orta Vadeli Hava Tahminleri Merkezi taraf\u0131ndan yay\u0131mlanan\u00a0\u201cAvrupa \u0130klim Durumu 2025\u201d\u00a0raporu, k\u0131tan\u0131n kar\u015f\u0131 kar\u015f\u0131ya oldu\u011fu iklim krizinin boyutlar\u0131n\u0131 g\u00f6zler \u00f6n\u00fcne serdi. Yakla\u015f\u0131k 100 bilim insan\u0131n\u0131n katk\u0131s\u0131yla haz\u0131rlanan rapora g\u00f6re, Avrupa k\u0131tas\u0131n\u0131n %95\u2019inde y\u0131ll\u0131k s\u0131cakl\u0131klar k\u00fcresel ortalaman\u0131n \u00fczerinde ger\u00e7ekle\u015fti. Buzullar H\u0131zla Yok Oluyor D\u00fcnyan\u0131n en h\u0131zl\u0131 \u0131s\u0131nan b\u00f6lgesi olma \u00f6zelli\u011fini s\u00fcrd\u00fcren Avrupa&#8217;da, [&hellip;]<\/p>\n","protected":false},"author":5,"featured_media":5137,"comment_status":"open","ping_status":"open","sticky":false,"template":"","format":"standard","meta":{"_jetpack_memberships_contains_paid_content":false,"footnotes":""},"categories":[37],"tags":[],"class_list":["post-5136","post","type-post","status-publish","format-standard","has-post-thumbnail","hentry","category-dunya-haberleri"],"jetpack_featured_media_url":"https:\/\/odakhaber.site\/wp-content\/uploads\/2026\/04\/69f28f0beb422ab0018d09ea.jpg.webp","jetpack_sharing_enabled":true,"_links":{"self":[{"href":"https:\/\/odakhaber.site\/index.php?rest_route=\/wp\/v2\/posts\/5136","targetHints":{"allow":["GET"]}}],"collection":[{"href":"https:\/\/odakhaber.site\/index.php?rest_route=\/wp\/v2\/posts"}],"about":[{"href":"https:\/\/odakhaber.site\/index.php?rest_route=\/wp\/v2\/types\/post"}],"author":[{"embeddable":true,"href":"https:\/\/odakhaber.site\/index.php?rest_route=\/wp\/v2\/users\/5"}],"replies":[{"embeddable":true,"href":"https:\/\/odakhaber.site\/index.php?rest_route=%2Fwp%2Fv2%2Fcomments&post=5136"}],"version-history":[{"count":1,"href":"https:\/\/odakhaber.site\/index.php?rest_route=\/wp\/v2\/posts\/5136\/revisions"}],"predecessor-version":[{"id":5138,"href":"https:\/\/odakhaber.site\/index.php?rest_route=\/wp\/v2\/posts\/5136\/revisions\/5138"}],"wp:featuredmedia":[{"embeddable":true,"href":"https:\/\/odakhaber.site\/index.php?rest_route=\/wp\/v2\/media\/5137"}],"wp:attachment":[{"href":"https:\/\/odakhaber.site\/index.php?rest_route=%2Fwp%2Fv2%2Fmedia&parent=5136"}],"wp:term":[{"taxonomy":"category","embeddable":true,"href":"https:\/\/odakhaber.site\/index.php?rest_route=%2Fwp%2Fv2%2Fcategories&post=5136"},{"taxonomy":"post_tag","embeddable":true,"href":"https:\/\/odakhaber.site\/index.php?rest_route=%2Fwp%2Fv2%2Ftags&post=5136"}],"curies":[{"name":"wp","href":"https:\/\/api.w.org\/{rel}","templated":true}]}}