{"id":5141,"date":"2026-04-30T18:04:25","date_gmt":"2026-04-30T18:04:25","guid":{"rendered":"https:\/\/odakhaber.site\/?p=5141"},"modified":"2026-04-30T18:04:25","modified_gmt":"2026-04-30T18:04:25","slug":"turk-japon-vakfi-33-yilini-ankarada-gorkemli-bir-konserle-kutluyor","status":"publish","type":"post","link":"https:\/\/odakhaber.site\/?p=5141","title":{"rendered":"T\u00fcrk Japon Vakf\u0131 33. Y\u0131l\u0131n\u0131 Ankara\u2019da G\u00f6rkemli Bir Konserle Kutluyor"},"content":{"rendered":"\n<p>T\u00fcrk-Japon dostlu\u011funun k\u00f6kl\u00fc temsilcisi&nbsp;<strong>T\u00fcrk Japon Vakf\u0131<\/strong>, kurulu\u015funun&nbsp;<strong>33. y\u0131ld\u00f6n\u00fcm\u00fcn\u00fc<\/strong>&nbsp;\u00f6zel bir sanat etkinli\u011fiyle kutlamaya haz\u0131rlan\u0131yor. Vak\u0131f b\u00fcnyesinde faaliyet g\u00f6steren&nbsp;<strong>T\u00fcrk M\u00fczi\u011fi Korosu<\/strong>, bu anlaml\u0131 y\u0131l d\u00f6n\u00fcm\u00fc kapsam\u0131nda ba\u015fkent Ankara\u2019da m\u00fczikseverlerle bulu\u015facak.<\/p>\n\n\n\n<h3 class=\"wp-block-heading\">Diplomatik Kat\u0131l\u0131m ve K\u00fclt\u00fcrel Bulu\u015fma<\/h3>\n\n\n\n<p><strong>7 May\u0131s Per\u015fembe<\/strong>&nbsp;g\u00fcn\u00fc saat&nbsp;<strong>19.00<\/strong>\u2019da T\u00fcrk Japon Vakf\u0131\u2019n\u0131n Ankara\u2019daki merkezinde ger\u00e7ekle\u015ftirilecek olan konsere, Japonya\u2019n\u0131n Ankara B\u00fcy\u00fckel\u00e7isi&nbsp;<strong>Masami Tamura<\/strong>&nbsp;ve e\u015fi&nbsp;<strong>Miki Tamura<\/strong>&nbsp;da kat\u0131l\u0131m sa\u011flayacak. Etkinlik, iki \u00fclke aras\u0131ndaki k\u00fclt\u00fcrel ba\u011flar\u0131n g\u00fc\u00e7lendirilmesi ad\u0131na b\u00fcy\u00fck \u00f6nem ta\u015f\u0131yor.<\/p>\n\n\n\n<h3 class=\"wp-block-heading\">Kat\u0131l\u0131m Detaylar\u0131 ve Rezervasyon<\/h3>\n\n\n\n<p>Halka a\u00e7\u0131k ve&nbsp;<strong>\u00fccretsiz<\/strong>&nbsp;olarak d\u00fczenlenen bu \u00f6zel konser program\u0131na kat\u0131l\u0131m sa\u011flamak isteyen sanatseverlerin, organizasyon planlamas\u0131 do\u011frultusunda&nbsp;<strong>4 May\u0131s<\/strong>&nbsp;tarihine kadar vak\u0131f ile ileti\u015fime ge\u00e7erek ba\u015fvuruda bulunmalar\u0131 gerekiyor.<\/p>\n\n\n\n<p><strong>Etkinlik Bilgileri:<\/strong><\/p>\n\n\n\n<ul class=\"wp-block-list\">\n<li><strong>Tarih:<\/strong>\u00a07 May\u0131s Per\u015fembe<\/li>\n\n\n\n<li><strong>Saat:<\/strong>\u00a019.00<\/li>\n\n\n\n<li><strong>Yer:<\/strong>\u00a0T\u00fcrk Japon Vakf\u0131 Merkezi, Ankara<\/li>\n\n\n\n<li><strong>Son Ba\u015fvuru:<\/strong>\u00a04 May\u0131s<\/li>\n<\/ul>\n\n\n\n<p><a href=\"https:\/\/www.cumhuriyet.com.tr\/kultur-sanat\/turk-japon-vakfi-33-kurulus-yildonumunu-kutlayacak-2499941\">https:\/\/www.cumhuriyet.com.tr\/kultur-sanat\/turk-japon-vakfi-33-kurulus-yildonumunu-kutlayacak-2499941<\/a><\/p>\n","protected":false},"excerpt":{"rendered":"<p>T\u00fcrk-Japon dostlu\u011funun k\u00f6kl\u00fc temsilcisi&nbsp;T\u00fcrk Japon Vakf\u0131, kurulu\u015funun&nbsp;33. y\u0131ld\u00f6n\u00fcm\u00fcn\u00fc&nbsp;\u00f6zel bir sanat etkinli\u011fiyle kutlamaya haz\u0131rlan\u0131yor. Vak\u0131f b\u00fcnyesinde faaliyet g\u00f6steren&nbsp;T\u00fcrk M\u00fczi\u011fi Korosu, bu anlaml\u0131 y\u0131l d\u00f6n\u00fcm\u00fc kapsam\u0131nda ba\u015fkent Ankara\u2019da m\u00fczikseverlerle bulu\u015facak. Diplomatik Kat\u0131l\u0131m ve K\u00fclt\u00fcrel Bulu\u015fma 7 May\u0131s Per\u015fembe&nbsp;g\u00fcn\u00fc saat&nbsp;19.00\u2019da T\u00fcrk Japon Vakf\u0131\u2019n\u0131n Ankara\u2019daki merkezinde ger\u00e7ekle\u015ftirilecek olan konsere, Japonya\u2019n\u0131n Ankara B\u00fcy\u00fckel\u00e7isi&nbsp;Masami Tamura&nbsp;ve e\u015fi&nbsp;Miki Tamura&nbsp;da kat\u0131l\u0131m sa\u011flayacak. Etkinlik, iki [&hellip;]<\/p>\n","protected":false},"author":3,"featured_media":5142,"comment_status":"open","ping_status":"open","sticky":false,"template":"","format":"standard","meta":{"_jetpack_memberships_contains_paid_content":false,"footnotes":""},"categories":[3],"tags":[],"class_list":["post-5141","post","type-post","status-publish","format-standard","has-post-thumbnail","hentry","category-kultur-sanat-haberleri"],"jetpack_featured_media_url":"https:\/\/odakhaber.site\/wp-content\/uploads\/2026\/04\/IMG_2762.webp","jetpack_sharing_enabled":true,"_links":{"self":[{"href":"https:\/\/odakhaber.site\/index.php?rest_route=\/wp\/v2\/posts\/5141","targetHints":{"allow":["GET"]}}],"collection":[{"href":"https:\/\/odakhaber.site\/index.php?rest_route=\/wp\/v2\/posts"}],"about":[{"href":"https:\/\/odakhaber.site\/index.php?rest_route=\/wp\/v2\/types\/post"}],"author":[{"embeddable":true,"href":"https:\/\/odakhaber.site\/index.php?rest_route=\/wp\/v2\/users\/3"}],"replies":[{"embeddable":true,"href":"https:\/\/odakhaber.site\/index.php?rest_route=%2Fwp%2Fv2%2Fcomments&post=5141"}],"version-history":[{"count":1,"href":"https:\/\/odakhaber.site\/index.php?rest_route=\/wp\/v2\/posts\/5141\/revisions"}],"predecessor-version":[{"id":5143,"href":"https:\/\/odakhaber.site\/index.php?rest_route=\/wp\/v2\/posts\/5141\/revisions\/5143"}],"wp:featuredmedia":[{"embeddable":true,"href":"https:\/\/odakhaber.site\/index.php?rest_route=\/wp\/v2\/media\/5142"}],"wp:attachment":[{"href":"https:\/\/odakhaber.site\/index.php?rest_route=%2Fwp%2Fv2%2Fmedia&parent=5141"}],"wp:term":[{"taxonomy":"category","embeddable":true,"href":"https:\/\/odakhaber.site\/index.php?rest_route=%2Fwp%2Fv2%2Fcategories&post=5141"},{"taxonomy":"post_tag","embeddable":true,"href":"https:\/\/odakhaber.site\/index.php?rest_route=%2Fwp%2Fv2%2Ftags&post=5141"}],"curies":[{"name":"wp","href":"https:\/\/api.w.org\/{rel}","templated":true}]}}