{"id":5144,"date":"2026-04-30T18:09:47","date_gmt":"2026-04-30T18:09:47","guid":{"rendered":"https:\/\/odakhaber.site\/?p=5144"},"modified":"2026-04-30T18:09:47","modified_gmt":"2026-04-30T18:09:47","slug":"ankara-bilim-ve-felsefe-toplulugundan-ozel-etkinlik-bilim-cocuk-edebiyatinin-konusu-olabilir-mi","status":"publish","type":"post","link":"https:\/\/odakhaber.site\/?p=5144","title":{"rendered":"Ankara Bilim ve Felsefe Toplulu\u011fu\u2019ndan \u00d6zel Etkinlik: \u201cBilim, \u00c7ocuk Edebiyat\u0131n\u0131n Konusu Olabilir Mi?\u201d"},"content":{"rendered":"\n<p>Ankara Bilim ve Felsefe Toplulu\u011fu, edebiyat ve bilim d\u00fcnyas\u0131n\u0131 bir araya getiren anlaml\u0131 bir etkinli\u011fe imza atmaya haz\u0131rlan\u0131yor. Topluluk, \u201cBilim, \u00c7ocuk Edebiyat\u0131n\u0131n Konusu Olabilir Mi?\u201d sorusuna yan\u0131t arayaca\u011f\u0131 etkinlikte, \u00e7ocuk edebiyat\u0131n\u0131n bilimsel perspektifle olan ba\u011f\u0131n\u0131 masaya yat\u0131racak.<\/p>\n\n\n\n<h3 class=\"wp-block-heading\">Yazar Emre Apayd\u0131n ile \u201cPusulam\u0131z Ger\u00e7ek D\u00fcnya\u201d \u00dczerine S\u00f6yle\u015fi<\/h3>\n\n\n\n<p>Etkinli\u011fin konu\u011fu olan yazar&nbsp;<strong>Emre Apayd\u0131n<\/strong>, sanatseverlerle bir araya gelerek b\u00fcy\u00fck ilgi g\u00f6ren&nbsp;<strong>\u201cPusulam\u0131z Ger\u00e7ek D\u00fcnya\u201d<\/strong>&nbsp;isimli kitab\u0131n\u0131n kaleme al\u0131nma s\u00fcrecini ve i\u00e7eri\u011fini payla\u015facak. S\u00f6yle\u015fide, bilimsel ger\u00e7eklerin \u00e7ocuk edebiyat\u0131na nas\u0131l entegre edilebilece\u011fi ve ger\u00e7ek d\u00fcnyan\u0131n \u00e7ocuk zihnindeki yans\u0131malar\u0131 \u00fczerine derinlemesine bir sohbet ger\u00e7ekle\u015ftirilecek.<\/p>\n\n\n\n<h3 class=\"wp-block-heading\">Etkinlik Detaylar\u0131 ve Kat\u0131l\u0131m<\/h3>\n\n\n\n<p>Ankara&nbsp;<strong>Unite Ortak Mekan<\/strong>\u2019da d\u00fczenlenecek olan program, t\u00fcm ilgi duyanlar\u0131n kat\u0131l\u0131m\u0131na a\u00e7\u0131k ve&nbsp;<strong>\u00fccretsiz<\/strong>olarak ger\u00e7ekle\u015ftirilecek. Bilim ve edebiyat merakl\u0131lar\u0131n\u0131 bulu\u015fturacak bu \u00f6zel s\u00f6yle\u015fi,&nbsp;<strong>2 May\u0131s<\/strong>&nbsp;tarihinde saat&nbsp;<strong>15.00<\/strong>\u2019te ba\u015flayacak.<\/p>\n\n\n\n<p><strong>Program Ak\u0131\u015f\u0131:<\/strong><\/p>\n\n\n\n<ul class=\"wp-block-list\">\n<li><strong>Konu:<\/strong>\u00a0Bilim ve \u00c7ocuk Edebiyat\u0131 \u0130li\u015fkisi<\/li>\n\n\n\n<li><strong>Konuk:<\/strong>\u00a0Yazar Emre Apayd\u0131n<\/li>\n\n\n\n<li><strong>Tarih:<\/strong>\u00a02 May\u0131s Cumartesi<\/li>\n\n\n\n<li><strong>Saat:<\/strong>\u00a015.00<\/li>\n\n\n\n<li><strong>Yer:<\/strong>\u00a0Unite Ortak Mekan, Ankara<\/li>\n<\/ul>\n\n\n\n<p><a href=\"https:\/\/www.cumhuriyet.com.tr\/kultur-sanat\/yazar-emre-apaydin-pusulamiz-gercek-dunya-isimli-kitabini-anlatacak-2499872\">https:\/\/www.cumhuriyet.com.tr\/kultur-sanat\/yazar-emre-apaydin-pusulamiz-gercek-dunya-isimli-kitabini-anlatacak-2499872<\/a><\/p>\n","protected":false},"excerpt":{"rendered":"<p>Ankara Bilim ve Felsefe Toplulu\u011fu, edebiyat ve bilim d\u00fcnyas\u0131n\u0131 bir araya getiren anlaml\u0131 bir etkinli\u011fe imza atmaya haz\u0131rlan\u0131yor. Topluluk, \u201cBilim, \u00c7ocuk Edebiyat\u0131n\u0131n Konusu Olabilir Mi?\u201d sorusuna yan\u0131t arayaca\u011f\u0131 etkinlikte, \u00e7ocuk edebiyat\u0131n\u0131n bilimsel perspektifle olan ba\u011f\u0131n\u0131 masaya yat\u0131racak. Yazar Emre Apayd\u0131n ile \u201cPusulam\u0131z Ger\u00e7ek D\u00fcnya\u201d \u00dczerine S\u00f6yle\u015fi Etkinli\u011fin konu\u011fu olan yazar&nbsp;Emre Apayd\u0131n, sanatseverlerle bir araya gelerek [&hellip;]<\/p>\n","protected":false},"author":3,"featured_media":5145,"comment_status":"open","ping_status":"open","sticky":false,"template":"","format":"standard","meta":{"_jetpack_memberships_contains_paid_content":false,"footnotes":""},"categories":[3],"tags":[],"class_list":["post-5144","post","type-post","status-publish","format-standard","has-post-thumbnail","hentry","category-kultur-sanat-haberleri"],"jetpack_featured_media_url":"https:\/\/odakhaber.site\/wp-content\/uploads\/2026\/04\/IMG_2763.webp","jetpack_sharing_enabled":true,"_links":{"self":[{"href":"https:\/\/odakhaber.site\/index.php?rest_route=\/wp\/v2\/posts\/5144","targetHints":{"allow":["GET"]}}],"collection":[{"href":"https:\/\/odakhaber.site\/index.php?rest_route=\/wp\/v2\/posts"}],"about":[{"href":"https:\/\/odakhaber.site\/index.php?rest_route=\/wp\/v2\/types\/post"}],"author":[{"embeddable":true,"href":"https:\/\/odakhaber.site\/index.php?rest_route=\/wp\/v2\/users\/3"}],"replies":[{"embeddable":true,"href":"https:\/\/odakhaber.site\/index.php?rest_route=%2Fwp%2Fv2%2Fcomments&post=5144"}],"version-history":[{"count":1,"href":"https:\/\/odakhaber.site\/index.php?rest_route=\/wp\/v2\/posts\/5144\/revisions"}],"predecessor-version":[{"id":5146,"href":"https:\/\/odakhaber.site\/index.php?rest_route=\/wp\/v2\/posts\/5144\/revisions\/5146"}],"wp:featuredmedia":[{"embeddable":true,"href":"https:\/\/odakhaber.site\/index.php?rest_route=\/wp\/v2\/media\/5145"}],"wp:attachment":[{"href":"https:\/\/odakhaber.site\/index.php?rest_route=%2Fwp%2Fv2%2Fmedia&parent=5144"}],"wp:term":[{"taxonomy":"category","embeddable":true,"href":"https:\/\/odakhaber.site\/index.php?rest_route=%2Fwp%2Fv2%2Fcategories&post=5144"},{"taxonomy":"post_tag","embeddable":true,"href":"https:\/\/odakhaber.site\/index.php?rest_route=%2Fwp%2Fv2%2Ftags&post=5144"}],"curies":[{"name":"wp","href":"https:\/\/api.w.org\/{rel}","templated":true}]}}