{"id":5147,"date":"2026-04-30T18:13:28","date_gmt":"2026-04-30T18:13:28","guid":{"rendered":"https:\/\/odakhaber.site\/?p=5147"},"modified":"2026-04-30T18:13:28","modified_gmt":"2026-04-30T18:13:28","slug":"halil-pasanin-eserine-rekor-satis-uluslararasi-sanat-piyasasinda-gundem-oldu","status":"publish","type":"post","link":"https:\/\/odakhaber.site\/?p=5147","title":{"rendered":"Halil Pa\u015fa\u2019n\u0131n Eserine Rekor Sat\u0131\u015f: Uluslararas\u0131 Sanat Piyasas\u0131nda G\u00fcndem Oldu"},"content":{"rendered":"\n<p><strong>Pera M\u00fczesi\u2019ndeki sergi s\u00fcrerken, sanat\u00e7\u0131n\u0131n 1912 tarihli \u201cD\u00f6rt Mevsim\u201d temal\u0131 tablolar\u0131 Sotheby\u2019s m\u00fczayedesinde beklentinin \u00e7ok \u00fczerinde fiyata al\u0131c\u0131 buldu<\/strong><br><br><strong>Suna ve \u0130nan K\u0131ra\u00e7 Vakf\u0131 Pera M\u00fczes<\/strong>i, T\u00fcrkiye\u2019de resim sanat\u0131n\u0131n en \u00f6nemli isimlerinden&nbsp;<strong>Halil Pa\u015fa<\/strong>\u2019n\u0131n eserlerini ar\u015fiv belgeleri, foto\u011fraflar ve desen defterleriyle birlikte&nbsp;<strong>Suyun K\u0131y\u0131s\u0131nda: Halil Pa\u015fa\u2019n\u0131n Ya\u015fam\u0131 ve Sanat\u0131&nbsp;<\/strong>ba\u015fl\u0131kl\u0131 sergisinde sanatseverlerin be\u011fenisine sunmaya devam ederken; sanat\u00e7\u0131n\u0131n ad\u0131 uluslararas\u0131 sanat d\u00fcnyas\u0131nda yeniden g\u00fcndem oldu.<\/p>\n\n\n\n<p>Halil Pa\u015fa\u2019n\u0131n 1912\u2019ye tarihlenen ve d\u00f6rt mevsimi betimledi\u011fi tablolar\u0131, Londra\u2019daki&nbsp;<strong>Sotheby\u2019s<\/strong>\u2019te d\u00fczenlenen m\u00fczayedede rekor fiyata sat\u0131ld\u0131. M\u00fczayede evinin 200 bin ila 300 bin Pound tahmini de\u011fer bi\u00e7ti\u011fi tablo, 537 bin 600 Pound\u2019a sat\u0131larak sanat\u00e7\u0131n\u0131n bug\u00fcne kadar en y\u00fcksek fiyata al\u0131c\u0131 bulan serisi oldu.<\/p>\n\n\n\n<figure class=\"wp-block-image\"><img decoding=\"async\" src=\"https:\/\/basinmedya.com\/wp-content\/uploads\/2026\/04\/image-145-1024x683.png\" alt=\"\" class=\"wp-image-7419\"\/><\/figure>\n\n\n\n<p><strong>Rekor Sat\u0131\u015f\u0131n \u0130zleri Pera M\u00fczesi\u2019nde: Halil Pa\u015fa\u2019n\u0131n Erken D\u00f6nem Eserleri Sergide<\/strong><br><br>D\u00f6rt panelden olu\u015fan bu eser, d\u00fcnyaca \u00fcnl\u00fc m\u00fczayede evi Sotheby\u2019s\u2019in 19. y\u00fczy\u0131l ile 20. y\u00fczy\u0131l ba\u015flar\u0131nda Kuzey Afrika, M\u0131s\u0131r, Levant, Arabistan ve Osmanl\u0131 d\u00fcnyas\u0131n\u0131n manzaralar\u0131n\u0131, insanlar\u0131n\u0131 ve k\u00fclt\u00fcrlerine dair resimleri bir araya getiren \u201cOryantalist Sanat\u201d m\u00fczayedesinde dikkat \u00e7eken sat\u0131\u015flardan biri oldu. Tahminlerin \u00fczerinde rakama ula\u015farak uluslararas\u0131 sanat piyasas\u0131nda b\u00fcy\u00fck ilgi g\u00f6ren bu sat\u0131\u015f, Halil Pa\u015fa\u2019n\u0131n \u00fcretimine y\u00f6nelik g\u00fcncel ilgiyi yeniden g\u00f6r\u00fcn\u00fcr k\u0131l\u0131yor.<\/p>\n\n\n\n<p>Sotheby\u2019s\u2019te sat\u0131lan tablolar\u0131n 1900\u2019lerin ba\u015f\u0131na tarihlenen erken bir versiyonu ise Pera M\u00fczesi\u2019nde izlenebiliyor. Suyun K\u0131y\u0131s\u0131nda: Halil Pa\u015fa\u2019n\u0131n Ya\u015fam\u0131 ve Sanat\u0131 sergisinde yer alan bu eserler, sanatseverlere uluslararas\u0131 sanat piyasas\u0131nda dikkat \u00e7eken bu teman\u0131n erken bir yorumunu yak\u0131ndan g\u00f6rme imk\u00e2n\u0131 sunuyor. Sergi 23 A\u011fustos\u2019a kadar Pera M\u00fczesi\u2019nde ziyaret\u00e7ilerini a\u011f\u0131rlamaya devam edecek.<\/p>\n\n\n\n<figure class=\"wp-block-embed is-type-wp-embed is-provider-bas-n-medya wp-block-embed-bas-n-medya\"><div class=\"wp-block-embed__wrapper\">\n<blockquote class=\"wp-embedded-content\" data-secret=\"bFOSmyTzOC\"><a href=\"https:\/\/basinmedya.com\/2026\/04\/30\/halil-pasanin-eserine-rekor-satis-uluslararasi-sanat-piyasasinda-gundem-oldu\/\">Halil Pa\u015fa\u2019n\u0131n Eserine Rekor Sat\u0131\u015f: Uluslararas\u0131 Sanat Piyasas\u0131nda G\u00fcndem Oldu<\/a><\/blockquote><iframe loading=\"lazy\" class=\"wp-embedded-content\" sandbox=\"allow-scripts\" security=\"restricted\" style=\"position: absolute; visibility: hidden;\" title=\"&#8220;Halil Pa\u015fa\u2019n\u0131n Eserine Rekor Sat\u0131\u015f: Uluslararas\u0131 Sanat Piyasas\u0131nda G\u00fcndem Oldu&#8221; &#8212; Bas\u0131n Medya\" src=\"https:\/\/basinmedya.com\/2026\/04\/30\/halil-pasanin-eserine-rekor-satis-uluslararasi-sanat-piyasasinda-gundem-oldu\/embed\/#?secret=oxuDYW2Grx#?secret=bFOSmyTzOC\" data-secret=\"bFOSmyTzOC\" width=\"600\" height=\"338\" frameborder=\"0\" marginwidth=\"0\" marginheight=\"0\" scrolling=\"no\"><\/iframe>\n<\/div><\/figure>\n\n\n\n<p>KARDE\u015e HABER<\/p>\n","protected":false},"excerpt":{"rendered":"<p>Pera M\u00fczesi\u2019ndeki sergi s\u00fcrerken, sanat\u00e7\u0131n\u0131n 1912 tarihli \u201cD\u00f6rt Mevsim\u201d temal\u0131 tablolar\u0131 Sotheby\u2019s m\u00fczayedesinde beklentinin \u00e7ok \u00fczerinde fiyata al\u0131c\u0131 buldu Suna ve \u0130nan K\u0131ra\u00e7 Vakf\u0131 Pera M\u00fczesi, T\u00fcrkiye\u2019de resim sanat\u0131n\u0131n en \u00f6nemli isimlerinden&nbsp;Halil Pa\u015fa\u2019n\u0131n eserlerini ar\u015fiv belgeleri, foto\u011fraflar ve desen defterleriyle birlikte&nbsp;Suyun K\u0131y\u0131s\u0131nda: Halil Pa\u015fa\u2019n\u0131n Ya\u015fam\u0131 ve Sanat\u0131&nbsp;ba\u015fl\u0131kl\u0131 sergisinde sanatseverlerin be\u011fenisine sunmaya devam ederken; sanat\u00e7\u0131n\u0131n ad\u0131 [&hellip;]<\/p>\n","protected":false},"author":3,"featured_media":5148,"comment_status":"open","ping_status":"open","sticky":false,"template":"","format":"standard","meta":{"_jetpack_memberships_contains_paid_content":false,"footnotes":""},"categories":[3],"tags":[],"class_list":["post-5147","post","type-post","status-publish","format-standard","has-post-thumbnail","hentry","category-kultur-sanat-haberleri"],"jetpack_featured_media_url":"https:\/\/odakhaber.site\/wp-content\/uploads\/2026\/04\/IMG_2764.jpeg","jetpack_sharing_enabled":true,"_links":{"self":[{"href":"https:\/\/odakhaber.site\/index.php?rest_route=\/wp\/v2\/posts\/5147","targetHints":{"allow":["GET"]}}],"collection":[{"href":"https:\/\/odakhaber.site\/index.php?rest_route=\/wp\/v2\/posts"}],"about":[{"href":"https:\/\/odakhaber.site\/index.php?rest_route=\/wp\/v2\/types\/post"}],"author":[{"embeddable":true,"href":"https:\/\/odakhaber.site\/index.php?rest_route=\/wp\/v2\/users\/3"}],"replies":[{"embeddable":true,"href":"https:\/\/odakhaber.site\/index.php?rest_route=%2Fwp%2Fv2%2Fcomments&post=5147"}],"version-history":[{"count":1,"href":"https:\/\/odakhaber.site\/index.php?rest_route=\/wp\/v2\/posts\/5147\/revisions"}],"predecessor-version":[{"id":5149,"href":"https:\/\/odakhaber.site\/index.php?rest_route=\/wp\/v2\/posts\/5147\/revisions\/5149"}],"wp:featuredmedia":[{"embeddable":true,"href":"https:\/\/odakhaber.site\/index.php?rest_route=\/wp\/v2\/media\/5148"}],"wp:attachment":[{"href":"https:\/\/odakhaber.site\/index.php?rest_route=%2Fwp%2Fv2%2Fmedia&parent=5147"}],"wp:term":[{"taxonomy":"category","embeddable":true,"href":"https:\/\/odakhaber.site\/index.php?rest_route=%2Fwp%2Fv2%2Fcategories&post=5147"},{"taxonomy":"post_tag","embeddable":true,"href":"https:\/\/odakhaber.site\/index.php?rest_route=%2Fwp%2Fv2%2Ftags&post=5147"}],"curies":[{"name":"wp","href":"https:\/\/api.w.org\/{rel}","templated":true}]}}