{"id":5159,"date":"2026-04-30T19:57:19","date_gmt":"2026-04-30T19:57:19","guid":{"rendered":"https:\/\/odakhaber.site\/?p=5159"},"modified":"2026-04-30T19:57:19","modified_gmt":"2026-04-30T19:57:19","slug":"surne-bilbao-basket-avrupanin-zirvesini-kimseye-birakmiyor-ust-uste-ikinci-kupa","status":"publish","type":"post","link":"https:\/\/odakhaber.site\/?p=5159","title":{"rendered":"Surne Bilbao Basket Avrupa&#8217;n\u0131n Zirvesini Kimseye B\u0131rakm\u0131yor: \u00dcst \u00dcste \u0130kinci Kupa!"},"content":{"rendered":"\n<p>Basketbol d\u00fcnyas\u0131nda \u0130spanyol r\u00fczgar\u0131 esmeye devam ediyor. <strong>FIBA Erkekler Avrupa Kupas\u0131<\/strong> finali r\u00f6van\u015f m\u00fccadelesinde Yunan ekibi <strong>PAOK<\/strong>&#8216;u konuk eden <strong>Surne Bilbao Basket<\/strong>, muazzam bir geri d\u00f6n\u00fc\u015fe imza atarak 89-74&#8217;l\u00fck skorla \u015fampiyonluk kupas\u0131n\u0131 bir kez daha m\u00fczesine g\u00f6t\u00fcrd\u00fc.<\/p>\n\n\n\n<hr class=\"wp-block-separator has-alpha-channel-opacity\"\/>\n\n\n\n<h3 class=\"wp-block-heading\">Bilbao Arena&#8217;da Geri D\u00f6n\u00fc\u015f Ate\u015fi<\/h3>\n\n\n\n<p>Kar\u015f\u0131la\u015fma, iki dev ekibin b\u00fcy\u00fck m\u00fccadelesine sahne oldu. Ma\u00e7a h\u0131zl\u0131 ba\u015flayan taraf konuk ekip PAOK oldu ve ilk \u00e7eyre\u011fi <strong>23-19<\/strong> \u00f6nde kapatt\u0131. Ancak ikinci periyotta taraftar deste\u011fini arkas\u0131na alan \u0130spanyol temsilcisi, h\u00fccumdaki etkinli\u011fini art\u0131rarak soyunma odas\u0131na <strong>43-41<\/strong> \u00fcst\u00fcnl\u00fckle girmeyi ba\u015fard\u0131.<\/p>\n\n\n\n<hr class=\"wp-block-separator has-alpha-channel-opacity\"\/>\n\n\n\n<h3 class=\"wp-block-heading\">Fark \u0130kinci Yar\u0131da Geldi<\/h3>\n\n\n\n<p>M\u00fccadelenin ikinci yar\u0131s\u0131nda oyunun kontrol\u00fcn\u00fc tamamen eline alan Surne Bilbao Basket, savunma ve h\u00fccumdaki dengeli oyunuyla fark\u0131 h\u0131zla a\u00e7t\u0131:<\/p>\n\n\n\n<ul class=\"wp-block-list\">\n<li><strong>\u00dc\u00e7\u00fcnc\u00fc \u00c7eyrek Sonucu:<\/strong> 70-57 (Bilbao \u00fcst\u00fcnl\u00fc\u011f\u00fc)<\/li>\n\n\n\n<li><strong>Ma\u00e7 Sonucu:<\/strong> 89-74<\/li>\n\n\n\n<li><strong>Genel Skor Avantaj\u0131:<\/strong> \u0130lk ma\u00e7\u0131 deplasmanda <strong>79-73<\/strong> kaybeden Bilbao, sahas\u0131ndaki 15 say\u0131l\u0131k farkla genel toplamda \u00f6ne ge\u00e7erek <strong>\u00fcst \u00fcste ikinci \u015fampiyonlu\u011funu<\/strong> ilan etti.<\/li>\n<\/ul>\n\n\n\n<hr class=\"wp-block-separator has-alpha-channel-opacity\"\/>\n\n\n\n<h3 class=\"wp-block-heading\">Ma\u00e7\u0131n Y\u0131ld\u0131zlar\u0131<\/h3>\n\n\n\n<p>\u015eampiyonluk yolunda her iki tak\u0131mdan da dikkat \u00e7eken bireysel performanslar sergilenmesine ra\u011fmen g\u00fclen taraf Bilbao oldu:<\/p>\n\n\n\n<ul class=\"wp-block-list\">\n<li><strong>Margiris Normantas:<\/strong> 17 say\u0131 ile ev sahibi ekibin en skorer ismi olarak \u015fampiyonlukta kilit rol oynad\u0131.<\/li>\n\n\n\n<li><strong>Breein Tyree:<\/strong> PAOK ad\u0131na \u00fcretti\u011fi 19 say\u0131 ile ma\u00e7\u0131n en y\u00fcksek skoruna ula\u015fsa da bu \u00e7abas\u0131 kupay\u0131 Yunanistan&#8217;a g\u00f6t\u00fcrmeye yetmedi.<\/li>\n<\/ul>\n\n\n\n<blockquote class=\"wp-block-quote is-layout-flow wp-block-quote-is-layout-flow\">\n<p>Bu tarihi zaferle birlikte Surne Bilbao Basket, FIBA Erkekler Avrupa Kupas\u0131&#8217;ndaki hakimiyetini per\u00e7inleyerek Avrupa basketbolunda kal\u0131c\u0131 bir iz b\u0131rakt\u0131.<\/p>\n<\/blockquote>\n\n\n\n<p><a href=\"https:\/\/www.fotomac.com.tr\/basketbol\/2026\/04\/29\/surne-bilbao-basket-ust-uste-2-kez-sampiyon\">https:\/\/www.fotomac.com.tr\/basketbol\/2026\/04\/29\/surne-bilbao-basket-ust-uste-2-kez-sampiyon<\/a><\/p>\n","protected":false},"excerpt":{"rendered":"<p>Basketbol d\u00fcnyas\u0131nda \u0130spanyol r\u00fczgar\u0131 esmeye devam ediyor. FIBA Erkekler Avrupa Kupas\u0131 finali r\u00f6van\u015f m\u00fccadelesinde Yunan ekibi PAOK&#8216;u konuk eden Surne Bilbao Basket, muazzam bir geri d\u00f6n\u00fc\u015fe imza atarak 89-74&#8217;l\u00fck skorla \u015fampiyonluk kupas\u0131n\u0131 bir kez daha m\u00fczesine g\u00f6t\u00fcrd\u00fc. Bilbao Arena&#8217;da Geri D\u00f6n\u00fc\u015f Ate\u015fi Kar\u015f\u0131la\u015fma, iki dev ekibin b\u00fcy\u00fck m\u00fccadelesine sahne oldu. Ma\u00e7a h\u0131zl\u0131 ba\u015flayan taraf konuk [&hellip;]<\/p>\n","protected":false},"author":4,"featured_media":5160,"comment_status":"open","ping_status":"open","sticky":false,"template":"","format":"standard","meta":{"_jetpack_memberships_contains_paid_content":false,"footnotes":""},"categories":[9],"tags":[],"class_list":["post-5159","post","type-post","status-publish","format-standard","has-post-thumbnail","hentry","category-spor"],"jetpack_featured_media_url":"https:\/\/odakhaber.site\/wp-content\/uploads\/2026\/04\/829x469-surne-bilbao-basket-ust-uste-2-kez-sampiyon-1777497226688.jpeg","jetpack_sharing_enabled":true,"_links":{"self":[{"href":"https:\/\/odakhaber.site\/index.php?rest_route=\/wp\/v2\/posts\/5159","targetHints":{"allow":["GET"]}}],"collection":[{"href":"https:\/\/odakhaber.site\/index.php?rest_route=\/wp\/v2\/posts"}],"about":[{"href":"https:\/\/odakhaber.site\/index.php?rest_route=\/wp\/v2\/types\/post"}],"author":[{"embeddable":true,"href":"https:\/\/odakhaber.site\/index.php?rest_route=\/wp\/v2\/users\/4"}],"replies":[{"embeddable":true,"href":"https:\/\/odakhaber.site\/index.php?rest_route=%2Fwp%2Fv2%2Fcomments&post=5159"}],"version-history":[{"count":1,"href":"https:\/\/odakhaber.site\/index.php?rest_route=\/wp\/v2\/posts\/5159\/revisions"}],"predecessor-version":[{"id":5161,"href":"https:\/\/odakhaber.site\/index.php?rest_route=\/wp\/v2\/posts\/5159\/revisions\/5161"}],"wp:featuredmedia":[{"embeddable":true,"href":"https:\/\/odakhaber.site\/index.php?rest_route=\/wp\/v2\/media\/5160"}],"wp:attachment":[{"href":"https:\/\/odakhaber.site\/index.php?rest_route=%2Fwp%2Fv2%2Fmedia&parent=5159"}],"wp:term":[{"taxonomy":"category","embeddable":true,"href":"https:\/\/odakhaber.site\/index.php?rest_route=%2Fwp%2Fv2%2Fcategories&post=5159"},{"taxonomy":"post_tag","embeddable":true,"href":"https:\/\/odakhaber.site\/index.php?rest_route=%2Fwp%2Fv2%2Ftags&post=5159"}],"curies":[{"name":"wp","href":"https:\/\/api.w.org\/{rel}","templated":true}]}}