{"id":5162,"date":"2026-04-30T19:59:48","date_gmt":"2026-04-30T19:59:48","guid":{"rendered":"https:\/\/odakhaber.site\/?p=5162"},"modified":"2026-04-30T19:59:48","modified_gmt":"2026-04-30T19:59:48","slug":"siyah-beyazlilar-gaziantepte-besiktas-kritik-deplasman-icin-kampa-girdi","status":"publish","type":"post","link":"https:\/\/odakhaber.site\/?p=5162","title":{"rendered":"Siyah-Beyazl\u0131lar Gaziantep\u2019te: Be\u015fikta\u015f Kritik Deplasman \u0130\u00e7in Kampa Girdi"},"content":{"rendered":"\n<p><strong>Trendyol S\u00fcper Lig<\/strong>&#8216;in 32. haftas\u0131nda sahne alacak \u00f6nemli m\u00fccadele \u00f6ncesi <strong>Be\u015fikta\u015f<\/strong>, rakibi Gaziantep FK ile kozlar\u0131n\u0131 payla\u015fmak \u00fczere \u015fehre ula\u015ft\u0131. \u015eampiyonluk ve Avrupa yolundaki kritik haftalara girilirken siyah-beyazl\u0131 kafilenin \u015fehre geli\u015fi, taraftarlar aras\u0131nda b\u00fcy\u00fck heyecan yaratt\u0131.<\/p>\n\n\n\n<hr class=\"wp-block-separator has-alpha-channel-opacity\"\/>\n\n\n\n<h3 class=\"wp-block-heading\">Kafile \u015eehre \u00d6zel U\u00e7akla \u0130ndi<\/h3>\n\n\n\n<p>\u0130stanbul\u2019dan havalanan ve Be\u015fikta\u015fl\u0131 futbolcular ile teknik heyeti ta\u015f\u0131yan \u00f6zel u\u00e7ak, ak\u015fam saatlerinde <strong>Gaziantep Havaliman\u0131<\/strong>&#8216;na ini\u015f yapt\u0131. G\u00fcvenlik \u00f6nlemleri e\u015fli\u011finde havaliman\u0131ndan ayr\u0131lan kafile, vakit kaybetmeden ma\u00e7 saatine kadar konaklayaca\u011f\u0131 otele do\u011fru yola \u00e7\u0131kt\u0131.<\/p>\n\n\n\n<hr class=\"wp-block-separator has-alpha-channel-opacity\"\/>\n\n\n\n<h3 class=\"wp-block-heading\">Otel \u00d6n\u00fcnde Taraftar Co\u015fkusu<\/h3>\n\n\n\n<p>Siyah-beyazl\u0131 ekibi, kamp yapaca\u011f\u0131 otelin \u00f6n\u00fcnde sad\u0131k bir taraftar grubu kar\u015f\u0131lad\u0131. Tak\u0131mlar\u0131na sevgi g\u00f6sterilerinde bulunan ve tezah\u00fcratlarla moral veren taraftarlar, futbolculara olan desteklerini bir kez daha g\u00f6sterdi. Kafile, bu s\u0131cak kar\u015f\u0131laman\u0131n ard\u0131ndan dinlenmeye \u00e7ekilerek ma\u00e7 saatini beklemeye ba\u015flad\u0131.<\/p>\n\n\n\n<hr class=\"wp-block-separator has-alpha-channel-opacity\"\/>\n\n\n\n<h3 class=\"wp-block-heading\">Ma\u00e7 Takvimi ve Hakem Bilgisi<\/h3>\n\n\n\n<p>Gaziantep B\u00fcy\u00fck\u015fehir Stad\u0131\u2019n\u0131n ev sahipli\u011fi yapaca\u011f\u0131 bu zorlu randevu i\u00e7in geri say\u0131m ba\u015flad\u0131:<\/p>\n\n\n\n<ul class=\"wp-block-list\">\n<li><strong>Ma\u00e7 G\u00fcn\u00fc ve Saati:<\/strong> Yar\u0131n, saat 20.00<\/li>\n\n\n\n<li><strong>M\u00fccadelenin Hakemi:<\/strong> Kar\u015f\u0131la\u015fmay\u0131 hakem <strong>Abdullah Bu\u011fra Ta\u015fk\u0131nsoy<\/strong> y\u00f6netecek.<\/li>\n<\/ul>\n\n\n\n<blockquote class=\"wp-block-quote is-layout-flow wp-block-quote-is-layout-flow\">\n<p>Be\u015fikta\u015f, Gaziantep deplasman\u0131ndan galibiyetle ayr\u0131larak ligdeki iddias\u0131n\u0131 s\u00fcrd\u00fcrmeyi hedeflerken; Gaziantep ekibi ise kendi sahas\u0131nda puan m\u00fccadelesi verecek.<\/p>\n<\/blockquote>\n\n\n\n<p><a href=\"https:\/\/www.fotomac.com.tr\/besiktas\/2026\/04\/30\/besiktas-kafilesi-gaziantepe-geldi\">https:\/\/www.fotomac.com.tr\/besiktas\/2026\/04\/30\/besiktas-kafilesi-gaziantepe-geldi<\/a><\/p>\n","protected":false},"excerpt":{"rendered":"<p>Trendyol S\u00fcper Lig&#8216;in 32. haftas\u0131nda sahne alacak \u00f6nemli m\u00fccadele \u00f6ncesi Be\u015fikta\u015f, rakibi Gaziantep FK ile kozlar\u0131n\u0131 payla\u015fmak \u00fczere \u015fehre ula\u015ft\u0131. \u015eampiyonluk ve Avrupa yolundaki kritik haftalara girilirken siyah-beyazl\u0131 kafilenin \u015fehre geli\u015fi, taraftarlar aras\u0131nda b\u00fcy\u00fck heyecan yaratt\u0131. Kafile \u015eehre \u00d6zel U\u00e7akla \u0130ndi \u0130stanbul\u2019dan havalanan ve Be\u015fikta\u015fl\u0131 futbolcular ile teknik heyeti ta\u015f\u0131yan \u00f6zel u\u00e7ak, ak\u015fam saatlerinde Gaziantep [&hellip;]<\/p>\n","protected":false},"author":4,"featured_media":5163,"comment_status":"open","ping_status":"open","sticky":false,"template":"","format":"standard","meta":{"_jetpack_memberships_contains_paid_content":false,"footnotes":""},"categories":[9],"tags":[],"class_list":["post-5162","post","type-post","status-publish","format-standard","has-post-thumbnail","hentry","category-spor"],"jetpack_featured_media_url":"https:\/\/odakhaber.site\/wp-content\/uploads\/2026\/04\/829x469-besiktas-kafilesi-gaziantepe-geldi-1777562973595.jpeg","jetpack_sharing_enabled":true,"_links":{"self":[{"href":"https:\/\/odakhaber.site\/index.php?rest_route=\/wp\/v2\/posts\/5162","targetHints":{"allow":["GET"]}}],"collection":[{"href":"https:\/\/odakhaber.site\/index.php?rest_route=\/wp\/v2\/posts"}],"about":[{"href":"https:\/\/odakhaber.site\/index.php?rest_route=\/wp\/v2\/types\/post"}],"author":[{"embeddable":true,"href":"https:\/\/odakhaber.site\/index.php?rest_route=\/wp\/v2\/users\/4"}],"replies":[{"embeddable":true,"href":"https:\/\/odakhaber.site\/index.php?rest_route=%2Fwp%2Fv2%2Fcomments&post=5162"}],"version-history":[{"count":1,"href":"https:\/\/odakhaber.site\/index.php?rest_route=\/wp\/v2\/posts\/5162\/revisions"}],"predecessor-version":[{"id":5164,"href":"https:\/\/odakhaber.site\/index.php?rest_route=\/wp\/v2\/posts\/5162\/revisions\/5164"}],"wp:featuredmedia":[{"embeddable":true,"href":"https:\/\/odakhaber.site\/index.php?rest_route=\/wp\/v2\/media\/5163"}],"wp:attachment":[{"href":"https:\/\/odakhaber.site\/index.php?rest_route=%2Fwp%2Fv2%2Fmedia&parent=5162"}],"wp:term":[{"taxonomy":"category","embeddable":true,"href":"https:\/\/odakhaber.site\/index.php?rest_route=%2Fwp%2Fv2%2Fcategories&post=5162"},{"taxonomy":"post_tag","embeddable":true,"href":"https:\/\/odakhaber.site\/index.php?rest_route=%2Fwp%2Fv2%2Ftags&post=5162"}],"curies":[{"name":"wp","href":"https:\/\/api.w.org\/{rel}","templated":true}]}}