{"id":5168,"date":"2026-04-30T20:02:55","date_gmt":"2026-04-30T20:02:55","guid":{"rendered":"https:\/\/odakhaber.site\/?p=5168"},"modified":"2026-04-30T20:02:55","modified_gmt":"2026-04-30T20:02:55","slug":"lucas-torreira-gelecegi-icin-kararini-verdi","status":"publish","type":"post","link":"https:\/\/odakhaber.site\/?p=5168","title":{"rendered":"Lucas Torreira Gelece\u011fi \u0130\u00e7in Karar\u0131n\u0131 Verdi"},"content":{"rendered":"\n<figure class=\"wp-block-image\"><img decoding=\"async\" src=\"https:\/\/mavimanset.com\/wp-content\/uploads\/2026\/04\/img_6232.jpg\" alt=\"\"\/><\/figure>\n\n\n\n<p>Lucas Torreira\u2019n\u0131n gelece\u011fiyle ilgili merak edilen karar netle\u015fmeye ba\u015flad\u0131.<\/p>\n\n\n\n<p>Sezon sonunda Galatasaray\u2019dan ayr\u0131labilece\u011fi konu\u015fulan Uruguayl\u0131 orta saha oyuncusunun, tak\u0131mda kalmay\u0131 tercih etti\u011fi iddia edildi.<\/p>\n\n\n\n<p>2022-23 sezonu ba\u015f\u0131nda Arsenal\u2019den transfer edilen Torreira, k\u0131sa s\u00fcrede sar\u0131-k\u0131rm\u0131z\u0131l\u0131lar\u0131n vazge\u00e7ilmez isimlerinden biri haline gelmi\u015fti. \u00dclkesine d\u00f6nme ve ailesine yak\u0131n olma se\u00e7ene\u011fini de\u011ferlendiren deneyimli oyuncunun, bu konudaki t\u00fcm soru i\u015faretlerini giderdi\u011fi belirtiliyor.<\/p>\n\n\n\n<p>Habere g\u00f6re Torreira, Galatasaray\u2019da kalarak yeni ba\u015far\u0131lar kazanmay\u0131 hedefliyor ve kul\u00fcple olan s\u00f6zle\u015fmesini tamamlamay\u0131 planl\u0131yor. Bu karar\u0131n teknik heyet ve y\u00f6netim taraf\u0131ndan da olumlu kar\u015f\u0131land\u0131\u011f\u0131 ifade ediliyor.<\/p>\n\n\n\n<p><strong>SEZON PERFORMANSI<\/strong><\/p>\n\n\n\n<p>Bu sezon t\u00fcm kulvarlarda 44 ma\u00e7a \u00e7\u0131kan 30 ya\u015f\u0131ndaki futbolcu, 4 gol ve 4 asistlik katk\u0131 sa\u011flad\u0131. Sahadaki istikrar\u0131 ve m\u00fccadele g\u00fcc\u00fcyle tak\u0131m\u0131n orta sahadaki en \u00f6nemli par\u00e7alar\u0131ndan biri olmay\u0131 s\u00fcrd\u00fcrd\u00fc.<\/p>\n\n\n\n<p>KARDE\u015e HABER<\/p>\n\n\n\n<figure class=\"wp-block-embed is-type-wp-embed is-provider-mavi-man-et wp-block-embed-mavi-man-et\"><div class=\"wp-block-embed__wrapper\">\n<blockquote class=\"wp-embedded-content\" data-secret=\"ZTT9bFBfbW\"><a href=\"https:\/\/mavimanset.com\/2026\/04\/30\/lucas-torreira-gelecegi-icin-kararini-verdi\/\">Lucas Torreira Gelece\u011fi \u0130\u00e7in Karar\u0131n\u0131 Verdi<\/a><\/blockquote><iframe loading=\"lazy\" class=\"wp-embedded-content\" sandbox=\"allow-scripts\" security=\"restricted\" style=\"position: absolute; visibility: hidden;\" title=\"&#8220;Lucas Torreira Gelece\u011fi \u0130\u00e7in Karar\u0131n\u0131 Verdi&#8221; &#8212; Mavi Man\u015fet\" src=\"https:\/\/mavimanset.com\/2026\/04\/30\/lucas-torreira-gelecegi-icin-kararini-verdi\/embed\/#?secret=tz6t4YvlVV#?secret=ZTT9bFBfbW\" data-secret=\"ZTT9bFBfbW\" width=\"600\" height=\"338\" frameborder=\"0\" marginwidth=\"0\" marginheight=\"0\" scrolling=\"no\"><\/iframe>\n<\/div><\/figure>\n","protected":false},"excerpt":{"rendered":"<p>Lucas Torreira\u2019n\u0131n gelece\u011fiyle ilgili merak edilen karar netle\u015fmeye ba\u015flad\u0131. Sezon sonunda Galatasaray\u2019dan ayr\u0131labilece\u011fi konu\u015fulan Uruguayl\u0131 orta saha oyuncusunun, tak\u0131mda kalmay\u0131 tercih etti\u011fi iddia edildi. 2022-23 sezonu ba\u015f\u0131nda Arsenal\u2019den transfer edilen Torreira, k\u0131sa s\u00fcrede sar\u0131-k\u0131rm\u0131z\u0131l\u0131lar\u0131n vazge\u00e7ilmez isimlerinden biri haline gelmi\u015fti. \u00dclkesine d\u00f6nme ve ailesine yak\u0131n olma se\u00e7ene\u011fini de\u011ferlendiren deneyimli oyuncunun, bu konudaki t\u00fcm soru i\u015faretlerini giderdi\u011fi [&hellip;]<\/p>\n","protected":false},"author":4,"featured_media":5169,"comment_status":"open","ping_status":"open","sticky":false,"template":"","format":"standard","meta":{"_jetpack_memberships_contains_paid_content":false,"footnotes":""},"categories":[9],"tags":[],"class_list":["post-5168","post","type-post","status-publish","format-standard","has-post-thumbnail","hentry","category-spor"],"jetpack_featured_media_url":"https:\/\/odakhaber.site\/wp-content\/uploads\/2026\/04\/img_6232.jpg","jetpack_sharing_enabled":true,"_links":{"self":[{"href":"https:\/\/odakhaber.site\/index.php?rest_route=\/wp\/v2\/posts\/5168","targetHints":{"allow":["GET"]}}],"collection":[{"href":"https:\/\/odakhaber.site\/index.php?rest_route=\/wp\/v2\/posts"}],"about":[{"href":"https:\/\/odakhaber.site\/index.php?rest_route=\/wp\/v2\/types\/post"}],"author":[{"embeddable":true,"href":"https:\/\/odakhaber.site\/index.php?rest_route=\/wp\/v2\/users\/4"}],"replies":[{"embeddable":true,"href":"https:\/\/odakhaber.site\/index.php?rest_route=%2Fwp%2Fv2%2Fcomments&post=5168"}],"version-history":[{"count":1,"href":"https:\/\/odakhaber.site\/index.php?rest_route=\/wp\/v2\/posts\/5168\/revisions"}],"predecessor-version":[{"id":5170,"href":"https:\/\/odakhaber.site\/index.php?rest_route=\/wp\/v2\/posts\/5168\/revisions\/5170"}],"wp:featuredmedia":[{"embeddable":true,"href":"https:\/\/odakhaber.site\/index.php?rest_route=\/wp\/v2\/media\/5169"}],"wp:attachment":[{"href":"https:\/\/odakhaber.site\/index.php?rest_route=%2Fwp%2Fv2%2Fmedia&parent=5168"}],"wp:term":[{"taxonomy":"category","embeddable":true,"href":"https:\/\/odakhaber.site\/index.php?rest_route=%2Fwp%2Fv2%2Fcategories&post=5168"},{"taxonomy":"post_tag","embeddable":true,"href":"https:\/\/odakhaber.site\/index.php?rest_route=%2Fwp%2Fv2%2Ftags&post=5168"}],"curies":[{"name":"wp","href":"https:\/\/api.w.org\/{rel}","templated":true}]}}