{"id":5177,"date":"2026-05-01T08:15:53","date_gmt":"2026-05-01T08:15:53","guid":{"rendered":"https:\/\/odakhaber.site\/?p=5177"},"modified":"2026-05-01T08:15:53","modified_gmt":"2026-05-01T08:15:53","slug":"manchester-unitedda-kobbie-mainoo-donemi-2031e-kadar-imza-atildi","status":"publish","type":"post","link":"https:\/\/odakhaber.site\/?p=5177","title":{"rendered":"Manchester United\u2019da Kobbie Mainoo D\u00f6nemi: 2031\u2019e Kadar \u0130mza At\u0131ld\u0131"},"content":{"rendered":"\n<p>Premier Lig devi Manchester United, gen\u00e7 yetene\u011fi Kobbie Mainoo ile olan birlikteli\u011fini uzun vadeli bir projeye d\u00f6n\u00fc\u015ft\u00fcrd\u00fc. Kul\u00fcpten yap\u0131lan a\u00e7\u0131klamaya g\u00f6re, 21 ya\u015f\u0131ndaki ba\u015far\u0131l\u0131 orta saha oyuncusu ile Haziran 2031&#8217;e kadar ge\u00e7erli olacak yeni bir s\u00f6zle\u015fme imzaland\u0131.<\/p>\n\n\n\n<p>K\u0131rm\u0131z\u0131 \u015eeytanlar\u2019\u0131n altyap\u0131s\u0131ndan yeti\u015fen ve k\u0131sa s\u00fcrede tak\u0131m\u0131n vazge\u00e7ilmez isimlerinden biri haline gelen Mainoo, bu sezon Premier Lig&#8217;de sergiledi\u011fi performansla dikkatleri \u00fczerine \u00e7ekti. Gen\u00e7 y\u0131ld\u0131z, ligde \u00e7\u0131kt\u0131\u011f\u0131 24 kar\u015f\u0131la\u015fmada oyunun merkezinde kurdu\u011fu hakimiyetle teknik heyetin g\u00fcvenini kazand\u0131.<\/p>\n\n\n\n<p>Kul\u00fcp d\u00fczeyindeki ba\u015far\u0131s\u0131n\u0131 uluslararas\u0131 arenaya da ta\u015f\u0131yan Kobbie Mainoo, \u0130ngiltere Milli Tak\u0131m\u0131 formas\u0131yla da bug\u00fcne kadar 12 kez sahaya \u00e7\u0131kt\u0131. Manchester United y\u00f6netimi, bu hamleyle birlikte tak\u0131m\u0131n gelece\u011fini in\u015fa etme yolunda en kritik ta\u015flardan birini yerinde tutmay\u0131 ba\u015fard\u0131.<\/p>\n\n\n\n<p><a href=\"https:\/\/www.fotomac.com.tr\/basketbol\/2026\/05\/01\/manu-mainoo-ile-uzatti\">https:\/\/www.fotomac.com.tr\/basketbol\/2026\/05\/01\/manu-mainoo-ile-uzatti<\/a><\/p>\n","protected":false},"excerpt":{"rendered":"<p>Premier Lig devi Manchester United, gen\u00e7 yetene\u011fi Kobbie Mainoo ile olan birlikteli\u011fini uzun vadeli bir projeye d\u00f6n\u00fc\u015ft\u00fcrd\u00fc. Kul\u00fcpten yap\u0131lan a\u00e7\u0131klamaya g\u00f6re, 21 ya\u015f\u0131ndaki ba\u015far\u0131l\u0131 orta saha oyuncusu ile Haziran 2031&#8217;e kadar ge\u00e7erli olacak yeni bir s\u00f6zle\u015fme imzaland\u0131. K\u0131rm\u0131z\u0131 \u015eeytanlar\u2019\u0131n altyap\u0131s\u0131ndan yeti\u015fen ve k\u0131sa s\u00fcrede tak\u0131m\u0131n vazge\u00e7ilmez isimlerinden biri haline gelen Mainoo, bu sezon Premier Lig&#8217;de [&hellip;]<\/p>\n","protected":false},"author":4,"featured_media":5178,"comment_status":"open","ping_status":"open","sticky":false,"template":"","format":"standard","meta":{"_jetpack_memberships_contains_paid_content":false,"footnotes":""},"categories":[9],"tags":[],"class_list":["post-5177","post","type-post","status-publish","format-standard","has-post-thumbnail","hentry","category-spor"],"jetpack_featured_media_url":"https:\/\/odakhaber.site\/wp-content\/uploads\/2026\/05\/829x469-manu-mainoo-ile-uzatti-1777575027693.jpeg","jetpack_sharing_enabled":true,"_links":{"self":[{"href":"https:\/\/odakhaber.site\/index.php?rest_route=\/wp\/v2\/posts\/5177","targetHints":{"allow":["GET"]}}],"collection":[{"href":"https:\/\/odakhaber.site\/index.php?rest_route=\/wp\/v2\/posts"}],"about":[{"href":"https:\/\/odakhaber.site\/index.php?rest_route=\/wp\/v2\/types\/post"}],"author":[{"embeddable":true,"href":"https:\/\/odakhaber.site\/index.php?rest_route=\/wp\/v2\/users\/4"}],"replies":[{"embeddable":true,"href":"https:\/\/odakhaber.site\/index.php?rest_route=%2Fwp%2Fv2%2Fcomments&post=5177"}],"version-history":[{"count":1,"href":"https:\/\/odakhaber.site\/index.php?rest_route=\/wp\/v2\/posts\/5177\/revisions"}],"predecessor-version":[{"id":5179,"href":"https:\/\/odakhaber.site\/index.php?rest_route=\/wp\/v2\/posts\/5177\/revisions\/5179"}],"wp:featuredmedia":[{"embeddable":true,"href":"https:\/\/odakhaber.site\/index.php?rest_route=\/wp\/v2\/media\/5178"}],"wp:attachment":[{"href":"https:\/\/odakhaber.site\/index.php?rest_route=%2Fwp%2Fv2%2Fmedia&parent=5177"}],"wp:term":[{"taxonomy":"category","embeddable":true,"href":"https:\/\/odakhaber.site\/index.php?rest_route=%2Fwp%2Fv2%2Fcategories&post=5177"},{"taxonomy":"post_tag","embeddable":true,"href":"https:\/\/odakhaber.site\/index.php?rest_route=%2Fwp%2Fv2%2Ftags&post=5177"}],"curies":[{"name":"wp","href":"https:\/\/api.w.org\/{rel}","templated":true}]}}