{"id":5180,"date":"2026-05-01T08:17:53","date_gmt":"2026-05-01T08:17:53","guid":{"rendered":"https:\/\/odakhaber.site\/?p=5180"},"modified":"2026-05-01T08:17:53","modified_gmt":"2026-05-01T08:17:53","slug":"kartalin-savunma-hattina-alman-lider-thilo-kehrer-icin-yeni-harekat","status":"publish","type":"post","link":"https:\/\/odakhaber.site\/?p=5180","title":{"rendered":"Kartal\u2019\u0131n Savunma Hatt\u0131na Alman Lider: Thilo Kehrer \u0130\u00e7in Yeni Harekat"},"content":{"rendered":"\n<p>Be\u015fikta\u015f, gelecek sezonun \u015fampiyonluk kadrosunu kurmak ad\u0131na transfer \u00e7al\u0131\u015fmalar\u0131na h\u0131z verdi. Emmanuel Agbadou\u2019nun yan\u0131na savunmay\u0131 y\u00f6netecek &#8220;lider&#8221; bir isim arayan siyah-beyazl\u0131 y\u00f6netim, rotay\u0131 bir kez daha Monaco\u2019nun tecr\u00fcbeli stoperi Thilo Kehrer\u2019e k\u0131rd\u0131.<\/p>\n\n\n\n<p>Savunma hatt\u0131nda b\u00fcy\u00fck bir revizyona haz\u0131rlanan Kartal, disiplinsiz tav\u0131rlar\u0131 nedeniyle Tiago Djalo\u2019yu sat\u0131\u015f listesine koyarken, Bundesliga\u2019dan talipleri olan Felix Uduokhai ile de yollar\u0131n\u0131 ay\u0131rmay\u0131 planl\u0131yor. Teknik direkt\u00f6r Sergen Yal\u00e7\u0131n\u2019\u0131n onay\u0131yla hareket eden y\u00f6netim, yaz d\u00f6neminde Alman savunmac\u0131 i\u00e7in t\u00fcm \u015fartlar\u0131 zorlayacak.<\/p>\n\n\n\n<hr class=\"wp-block-separator has-alpha-channel-opacity\"\/>\n\n\n\n<h3 class=\"wp-block-heading\">K\u0131\u015f\u0131n Reddedilen 15 Milyon Euro\u2019luk Paket<\/h3>\n\n\n\n<p>Be\u015fikta\u015f y\u00f6netimi, ara transfer d\u00f6neminde 29 ya\u015f\u0131ndaki savunmac\u0131 i\u00e7in Monaco\u2019nun kap\u0131s\u0131n\u0131 olduk\u00e7a ciddi bir teklifle \u00e7alm\u0131\u015ft\u0131. Siyah-beyazl\u0131lar, 12 milyon euro bonservis ve 3 milyon euro bonus i\u00e7eren toplam 15 milyon euro\u2019luk bir paket sunmu\u015f ancak Frans\u0131z temsilcisi bu rakam\u0131 yetersiz bularak teklifi geri \u00e7evirmi\u015fti. Haziran 2028\u2019e kadar s\u00f6zle\u015fmesi bulunan ve g\u00fcncel piyasa de\u011feri 15 milyon euro olan Kehrer i\u00e7in Be\u015fikta\u015f, yaz\u0131n yeni bir anla\u015fma zemini arayacak.<\/p>\n\n\n\n<hr class=\"wp-block-separator has-alpha-channel-opacity\"\/>\n\n\n\n<h3 class=\"wp-block-heading\">Pocognoli\u2019nin Vazge\u00e7ilmezi: 37 Ma\u00e7ta G\u00f6rev Ald\u0131<\/h3>\n\n\n\n<p>Thilo Kehrer, Monaco Teknik Direkt\u00f6r\u00fc Pocognoli\u2019nin sisteminde kilit bir rol oynuyor. Bu sezon Frans\u0131z ekibiyle 37 resmi ma\u00e7a \u00e7\u0131kan deneyimli oyuncu, skora katk\u0131 yapmasa da savunmadaki istikrar\u0131yla dikkat \u00e7ekiyor. Pocognoli taraf\u0131ndan as\u0131l b\u00f6lgesi olan stoperde de\u011ferlendirilen Kehrer, y\u00fcksek ma\u00e7 kondisyonuyla tam haz\u0131r bir g\u00f6r\u00fcnt\u00fc \u00e7iziyor.<\/p>\n\n\n\n<hr class=\"wp-block-separator has-alpha-channel-opacity\"\/>\n\n\n\n<h3 class=\"wp-block-heading\">Kariyerli ve \u00c7ok Y\u00f6nl\u00fc &#8220;Joker&#8221;<\/h3>\n\n\n\n<p>Kehrer\u2019i Be\u015fikta\u015f i\u00e7in cazip k\u0131lan en b\u00fcy\u00fck \u00f6zelliklerin ba\u015f\u0131nda \u00e7ok y\u00f6nl\u00fcl\u00fc\u011f\u00fc geliyor. Stoper hatt\u0131n\u0131n yan\u0131 s\u0131ra sa\u011f bek ve \u00f6n liberoda da g\u00f6rev yapabilen 29 ya\u015f\u0131ndaki oyuncu, tam bir &#8220;joker&#8221; profilinde.<\/p>\n\n\n\n<p>Kariyerinde PSG, Monaco, Stuttgart, Schalke ve West Ham gibi tak\u0131mlarla Ligue 1, Bundesliga ve Premier Lig tecr\u00fcbesi ya\u015fayan Kehrer; s\u00fcrati, atletik yap\u0131s\u0131 ve geriye ko\u015fulardaki ba\u015far\u0131s\u0131yla tan\u0131n\u0131yor. Pozisyon bilgisi y\u00fcksek ve oyun disiplinine sad\u0131k bir oyuncu olan Alman stoper, Be\u015fikta\u015f\u2019\u0131n savunma kurgusundaki eksik par\u00e7ay\u0131 tamamlamaya en yak\u0131n aday olarak g\u00f6r\u00fcl\u00fcyor.<\/p>\n\n\n\n<p><a href=\"https:\/\/www.fotomac.com.tr\/besiktas\/2026\/05\/01\/besiktasta-gundem-yeniden-kehrer-agbadounun-yanina-gelecek\">https:\/\/www.fotomac.com.tr\/besiktas\/2026\/05\/01\/besiktasta-gundem-yeniden-kehrer-agbadounun-yanina-gelecek<\/a><\/p>\n","protected":false},"excerpt":{"rendered":"<p>Be\u015fikta\u015f, gelecek sezonun \u015fampiyonluk kadrosunu kurmak ad\u0131na transfer \u00e7al\u0131\u015fmalar\u0131na h\u0131z verdi. Emmanuel Agbadou\u2019nun yan\u0131na savunmay\u0131 y\u00f6netecek &#8220;lider&#8221; bir isim arayan siyah-beyazl\u0131 y\u00f6netim, rotay\u0131 bir kez daha Monaco\u2019nun tecr\u00fcbeli stoperi Thilo Kehrer\u2019e k\u0131rd\u0131. Savunma hatt\u0131nda b\u00fcy\u00fck bir revizyona haz\u0131rlanan Kartal, disiplinsiz tav\u0131rlar\u0131 nedeniyle Tiago Djalo\u2019yu sat\u0131\u015f listesine koyarken, Bundesliga\u2019dan talipleri olan Felix Uduokhai ile de yollar\u0131n\u0131 [&hellip;]<\/p>\n","protected":false},"author":4,"featured_media":5181,"comment_status":"open","ping_status":"open","sticky":false,"template":"","format":"standard","meta":{"_jetpack_memberships_contains_paid_content":false,"footnotes":""},"categories":[9],"tags":[],"class_list":["post-5180","post","type-post","status-publish","format-standard","has-post-thumbnail","hentry","category-spor"],"jetpack_featured_media_url":"https:\/\/odakhaber.site\/wp-content\/uploads\/2026\/05\/829x469-ille-de-kehrer-1777568476841.jpeg","jetpack_sharing_enabled":true,"_links":{"self":[{"href":"https:\/\/odakhaber.site\/index.php?rest_route=\/wp\/v2\/posts\/5180","targetHints":{"allow":["GET"]}}],"collection":[{"href":"https:\/\/odakhaber.site\/index.php?rest_route=\/wp\/v2\/posts"}],"about":[{"href":"https:\/\/odakhaber.site\/index.php?rest_route=\/wp\/v2\/types\/post"}],"author":[{"embeddable":true,"href":"https:\/\/odakhaber.site\/index.php?rest_route=\/wp\/v2\/users\/4"}],"replies":[{"embeddable":true,"href":"https:\/\/odakhaber.site\/index.php?rest_route=%2Fwp%2Fv2%2Fcomments&post=5180"}],"version-history":[{"count":1,"href":"https:\/\/odakhaber.site\/index.php?rest_route=\/wp\/v2\/posts\/5180\/revisions"}],"predecessor-version":[{"id":5182,"href":"https:\/\/odakhaber.site\/index.php?rest_route=\/wp\/v2\/posts\/5180\/revisions\/5182"}],"wp:featuredmedia":[{"embeddable":true,"href":"https:\/\/odakhaber.site\/index.php?rest_route=\/wp\/v2\/media\/5181"}],"wp:attachment":[{"href":"https:\/\/odakhaber.site\/index.php?rest_route=%2Fwp%2Fv2%2Fmedia&parent=5180"}],"wp:term":[{"taxonomy":"category","embeddable":true,"href":"https:\/\/odakhaber.site\/index.php?rest_route=%2Fwp%2Fv2%2Fcategories&post=5180"},{"taxonomy":"post_tag","embeddable":true,"href":"https:\/\/odakhaber.site\/index.php?rest_route=%2Fwp%2Fv2%2Ftags&post=5180"}],"curies":[{"name":"wp","href":"https:\/\/api.w.org\/{rel}","templated":true}]}}