{"id":5183,"date":"2026-05-01T08:19:24","date_gmt":"2026-05-01T08:19:24","guid":{"rendered":"https:\/\/odakhaber.site\/?p=5183"},"modified":"2026-05-01T08:19:24","modified_gmt":"2026-05-01T08:19:24","slug":"demir-ege-tiknaz-atti-sc-braga-902de-kazandi","status":"publish","type":"post","link":"https:\/\/odakhaber.site\/?p=5183","title":{"rendered":"Demir Ege T\u0131knaz Att\u0131, SC Braga 90+2\u2019de Kazand\u0131"},"content":{"rendered":"\n<figure class=\"wp-block-image\"><img decoding=\"async\" src=\"https:\/\/mavimanset.com\/wp-content\/uploads\/2026\/05\/img_6242.jpg\" alt=\"\"\/><\/figure>\n\n\n\n<p>UEFA Europa League yar\u0131 final ilk ma\u00e7\u0131nda SC Braga, sahas\u0131nda SC Freiburg\u2019u 2-1 ma\u011flup ederek r\u00f6van\u015f \u00f6ncesi avantaj\u0131 kapt\u0131.<\/p>\n\n\n\n<p><strong>DEM\u0130R EGE TIKNAZ SAHNEYE \u00c7IKTI<\/strong><\/p>\n\n\n\n<p>Kar\u015f\u0131la\u015fmaya h\u0131zl\u0131 ba\u015flayan Braga\u2019da milli futbolcu Demir Ege T\u0131knaz, 8. dakikada att\u0131\u011f\u0131 golle tak\u0131m\u0131n\u0131 \u00f6ne ge\u00e7irdi. Freiburg, Vincenzo Grifo\u2019nun 16. dakikadaki gol\u00fcyle e\u015fitli\u011fi sa\u011flad\u0131.<\/p>\n\n\n\n<p>Ma\u00e7\u0131n son anlar\u0131nda sahneye \u00e7\u0131kan Mario Dorgeles ise 90+2\u2019de att\u0131\u011f\u0131 golle Braga\u2019ya galibiyeti getirdi.<\/p>\n\n\n\n<p>Bu sonu\u00e7la Portekiz temsilcisi, Almanya\u2019da oynanacak r\u00f6van\u015f \u00f6ncesinde \u00f6nemli bir avantaj elde etti.<\/p>\n\n\n\n<p>R\u00f6van\u015f kar\u015f\u0131la\u015fmas\u0131, 7 May\u0131s Per\u015fembe g\u00fcn\u00fc Almanya\u2019da oynanacak.<\/p>\n\n\n\n<p>KARDE\u015e HABER<\/p>\n\n\n\n<figure class=\"wp-block-embed is-type-wp-embed is-provider-mavi-man-et wp-block-embed-mavi-man-et\"><div class=\"wp-block-embed__wrapper\">\n<blockquote class=\"wp-embedded-content\" data-secret=\"siAXEcBq1c\"><a href=\"https:\/\/mavimanset.com\/2026\/05\/01\/demir-ege-tiknaz-atti-sc-braga-902de-kazandi\/\">Demir Ege T\u0131knaz Att\u0131, SC Braga 90+2\u2019de Kazand\u0131<\/a><\/blockquote><iframe loading=\"lazy\" class=\"wp-embedded-content\" sandbox=\"allow-scripts\" security=\"restricted\" style=\"position: absolute; visibility: hidden;\" title=\"&#8220;Demir Ege T\u0131knaz Att\u0131, SC Braga 90+2\u2019de Kazand\u0131&#8221; &#8212; Mavi Man\u015fet\" src=\"https:\/\/mavimanset.com\/2026\/05\/01\/demir-ege-tiknaz-atti-sc-braga-902de-kazandi\/embed\/#?secret=oWOA1ga1Ct#?secret=siAXEcBq1c\" data-secret=\"siAXEcBq1c\" width=\"600\" height=\"338\" frameborder=\"0\" marginwidth=\"0\" marginheight=\"0\" scrolling=\"no\"><\/iframe>\n<\/div><\/figure>\n","protected":false},"excerpt":{"rendered":"<p>UEFA Europa League yar\u0131 final ilk ma\u00e7\u0131nda SC Braga, sahas\u0131nda SC Freiburg\u2019u 2-1 ma\u011flup ederek r\u00f6van\u015f \u00f6ncesi avantaj\u0131 kapt\u0131. DEM\u0130R EGE TIKNAZ SAHNEYE \u00c7IKTI Kar\u015f\u0131la\u015fmaya h\u0131zl\u0131 ba\u015flayan Braga\u2019da milli futbolcu Demir Ege T\u0131knaz, 8. dakikada att\u0131\u011f\u0131 golle tak\u0131m\u0131n\u0131 \u00f6ne ge\u00e7irdi. Freiburg, Vincenzo Grifo\u2019nun 16. dakikadaki gol\u00fcyle e\u015fitli\u011fi sa\u011flad\u0131. Ma\u00e7\u0131n son anlar\u0131nda sahneye \u00e7\u0131kan Mario Dorgeles [&hellip;]<\/p>\n","protected":false},"author":4,"featured_media":5184,"comment_status":"open","ping_status":"open","sticky":false,"template":"","format":"standard","meta":{"_jetpack_memberships_contains_paid_content":false,"footnotes":""},"categories":[9],"tags":[],"class_list":["post-5183","post","type-post","status-publish","format-standard","has-post-thumbnail","hentry","category-spor"],"jetpack_featured_media_url":"https:\/\/odakhaber.site\/wp-content\/uploads\/2026\/05\/img_6242.jpg","jetpack_sharing_enabled":true,"_links":{"self":[{"href":"https:\/\/odakhaber.site\/index.php?rest_route=\/wp\/v2\/posts\/5183","targetHints":{"allow":["GET"]}}],"collection":[{"href":"https:\/\/odakhaber.site\/index.php?rest_route=\/wp\/v2\/posts"}],"about":[{"href":"https:\/\/odakhaber.site\/index.php?rest_route=\/wp\/v2\/types\/post"}],"author":[{"embeddable":true,"href":"https:\/\/odakhaber.site\/index.php?rest_route=\/wp\/v2\/users\/4"}],"replies":[{"embeddable":true,"href":"https:\/\/odakhaber.site\/index.php?rest_route=%2Fwp%2Fv2%2Fcomments&post=5183"}],"version-history":[{"count":1,"href":"https:\/\/odakhaber.site\/index.php?rest_route=\/wp\/v2\/posts\/5183\/revisions"}],"predecessor-version":[{"id":5185,"href":"https:\/\/odakhaber.site\/index.php?rest_route=\/wp\/v2\/posts\/5183\/revisions\/5185"}],"wp:featuredmedia":[{"embeddable":true,"href":"https:\/\/odakhaber.site\/index.php?rest_route=\/wp\/v2\/media\/5184"}],"wp:attachment":[{"href":"https:\/\/odakhaber.site\/index.php?rest_route=%2Fwp%2Fv2%2Fmedia&parent=5183"}],"wp:term":[{"taxonomy":"category","embeddable":true,"href":"https:\/\/odakhaber.site\/index.php?rest_route=%2Fwp%2Fv2%2Fcategories&post=5183"},{"taxonomy":"post_tag","embeddable":true,"href":"https:\/\/odakhaber.site\/index.php?rest_route=%2Fwp%2Fv2%2Ftags&post=5183"}],"curies":[{"name":"wp","href":"https:\/\/api.w.org\/{rel}","templated":true}]}}