{"id":5187,"date":"2026-05-01T14:01:37","date_gmt":"2026-05-01T14:01:37","guid":{"rendered":"https:\/\/odakhaber.site\/?p=5187"},"modified":"2026-05-01T14:01:37","modified_gmt":"2026-05-01T14:01:37","slug":"fethiye-fotograf-ve-sinema-derneginden-fotograf-festivali","status":"publish","type":"post","link":"https:\/\/odakhaber.site\/?p=5187","title":{"rendered":"Fethiye Foto\u011fraf ve Sinema Derne\u011fi\u2019nden Foto\u011fraf Festivali"},"content":{"rendered":"\n<figure class=\"wp-block-image\"><img decoding=\"async\" src=\"https:\/\/mavimanset.com\/wp-content\/uploads\/2026\/05\/img_6245.jpg\" alt=\"\"\/><\/figure>\n\n\n\n<p>Fethiye Foto\u011fraf ve Sinema Sanat\u0131 Derne\u011fi taraf\u0131ndan d\u00fczenlenen Fethiye Foto\u011fraf Festivali, bu y\u0131l 30 Nisan \u2013 3 May\u0131s tarihleri aras\u0131nda sanatseverlerle bulu\u015fuyor.<\/p>\n\n\n\n<p>Fethiye\u2019de 5. kez ger\u00e7ekle\u015ftirilen festival; sergiler, at\u00f6lyeler, sunumlar, s\u00f6yle\u015filer ve film g\u00f6sterimleriyle zengin bir program sunuyor.<\/p>\n\n\n\n<p><strong>TEMA: \u201cGE\u00c7\u0130\u015e\u201d<\/strong><\/p>\n\n\n\n<p>Festivalin bu y\u0131lki temas\u0131 \u201cGe\u00e7i\u015f\u201d olarak belirlendi. FEFSAD y\u00f6netimi, bu teman\u0131n yaln\u0131zca bir kavram de\u011fil; zaman\u0131n h\u0131zland\u0131\u011f\u0131, mek\u00e2nlar\u0131n d\u00f6n\u00fc\u015ft\u00fc\u011f\u00fc ve belle\u011fin par\u00e7aland\u0131\u011f\u0131 g\u00fcn\u00fcm\u00fczde ortak bir d\u00fc\u015f\u00fcnme alan\u0131 sundu\u011funu vurgulad\u0131. A\u00e7\u0131klamada, \u201cFoto\u011fraf bir ge\u00e7i\u015f alan\u0131d\u0131r; ne tamamen ge\u00e7mi\u015ftedir ne de \u015fimdiye aittir\u201d ifadelerine yer verildi.<\/p>\n\n\n\n<p><strong>\u00d6ZCAN YAMAN: \u201cKIRILMALAR FOTO\u011eRAFLARA YANSIR\u201d<\/strong><\/p>\n\n\n\n<p>Festival kapsam\u0131nda konu\u015fan foto\u011fraf\u00e7\u0131 ve yazar \u00d6zcan Yaman, ge\u00e7i\u015f d\u00f6nemlerinin toplumsal etkilerine dikkat \u00e7ekti:<br>\u201cGe\u00e7i\u015f zamanlar\u0131nda k\u0131r\u0131lmalar ya\u015fan\u0131r ve bu k\u0131r\u0131lma zamanlar\u0131 foto\u011fraflara da yans\u0131r.\u201d<\/p>\n\n\n\n<p>Yaman, sunumunda sanat\u0131n hakikatle ili\u015fkisini tart\u0131\u015f\u0131rken, foto\u011fraf\u0131n toplumsal ger\u00e7ekli\u011fi yans\u0131tma g\u00fcc\u00fcne vurgu yapt\u0131. Ayr\u0131ca sanat \u00fcretiminin cesaret ve merak gerektirdi\u011fini belirterek kat\u0131l\u0131mc\u0131lara duyarl\u0131l\u0131k \u00e7a\u011fr\u0131s\u0131nda bulundu.<\/p>\n\n\n\n<p>Festival, 3 May\u0131s\u2019a kadar \u00e7e\u015fitli etkinliklerle devam edecek.<\/p>\n\n\n\n<p>KARDE\u015e HABER<\/p>\n\n\n\n<figure class=\"wp-block-embed is-type-wp-embed is-provider-mavi-man-et wp-block-embed-mavi-man-et\"><div class=\"wp-block-embed__wrapper\">\n<blockquote class=\"wp-embedded-content\" data-secret=\"Bkds812SyF\"><a href=\"https:\/\/mavimanset.com\/2026\/05\/01\/fethiye-fotograf-ve-sinema-derneginden-fotograf-festivali\/\">Fethiye Foto\u011fraf ve Sinema Derne\u011fi\u2019nden Foto\u011fraf Festivali<\/a><\/blockquote><iframe loading=\"lazy\" class=\"wp-embedded-content\" sandbox=\"allow-scripts\" security=\"restricted\" style=\"position: absolute; visibility: hidden;\" title=\"&#8220;Fethiye Foto\u011fraf ve Sinema Derne\u011fi\u2019nden Foto\u011fraf Festivali&#8221; &#8212; Mavi Man\u015fet\" src=\"https:\/\/mavimanset.com\/2026\/05\/01\/fethiye-fotograf-ve-sinema-derneginden-fotograf-festivali\/embed\/#?secret=V5EHEqAefV#?secret=Bkds812SyF\" data-secret=\"Bkds812SyF\" width=\"600\" height=\"338\" frameborder=\"0\" marginwidth=\"0\" marginheight=\"0\" scrolling=\"no\"><\/iframe>\n<\/div><\/figure>\n","protected":false},"excerpt":{"rendered":"<p>Fethiye Foto\u011fraf ve Sinema Sanat\u0131 Derne\u011fi taraf\u0131ndan d\u00fczenlenen Fethiye Foto\u011fraf Festivali, bu y\u0131l 30 Nisan \u2013 3 May\u0131s tarihleri aras\u0131nda sanatseverlerle bulu\u015fuyor. Fethiye\u2019de 5. kez ger\u00e7ekle\u015ftirilen festival; sergiler, at\u00f6lyeler, sunumlar, s\u00f6yle\u015filer ve film g\u00f6sterimleriyle zengin bir program sunuyor. TEMA: \u201cGE\u00c7\u0130\u015e\u201d Festivalin bu y\u0131lki temas\u0131 \u201cGe\u00e7i\u015f\u201d olarak belirlendi. FEFSAD y\u00f6netimi, bu teman\u0131n yaln\u0131zca bir kavram de\u011fil; [&hellip;]<\/p>\n","protected":false},"author":3,"featured_media":5188,"comment_status":"open","ping_status":"open","sticky":false,"template":"","format":"standard","meta":{"_jetpack_memberships_contains_paid_content":false,"footnotes":""},"categories":[3],"tags":[],"class_list":["post-5187","post","type-post","status-publish","format-standard","has-post-thumbnail","hentry","category-kultur-sanat-haberleri"],"jetpack_featured_media_url":"https:\/\/odakhaber.site\/wp-content\/uploads\/2026\/05\/img_6245.jpg","jetpack_sharing_enabled":true,"_links":{"self":[{"href":"https:\/\/odakhaber.site\/index.php?rest_route=\/wp\/v2\/posts\/5187","targetHints":{"allow":["GET"]}}],"collection":[{"href":"https:\/\/odakhaber.site\/index.php?rest_route=\/wp\/v2\/posts"}],"about":[{"href":"https:\/\/odakhaber.site\/index.php?rest_route=\/wp\/v2\/types\/post"}],"author":[{"embeddable":true,"href":"https:\/\/odakhaber.site\/index.php?rest_route=\/wp\/v2\/users\/3"}],"replies":[{"embeddable":true,"href":"https:\/\/odakhaber.site\/index.php?rest_route=%2Fwp%2Fv2%2Fcomments&post=5187"}],"version-history":[{"count":1,"href":"https:\/\/odakhaber.site\/index.php?rest_route=\/wp\/v2\/posts\/5187\/revisions"}],"predecessor-version":[{"id":5189,"href":"https:\/\/odakhaber.site\/index.php?rest_route=\/wp\/v2\/posts\/5187\/revisions\/5189"}],"wp:featuredmedia":[{"embeddable":true,"href":"https:\/\/odakhaber.site\/index.php?rest_route=\/wp\/v2\/media\/5188"}],"wp:attachment":[{"href":"https:\/\/odakhaber.site\/index.php?rest_route=%2Fwp%2Fv2%2Fmedia&parent=5187"}],"wp:term":[{"taxonomy":"category","embeddable":true,"href":"https:\/\/odakhaber.site\/index.php?rest_route=%2Fwp%2Fv2%2Fcategories&post=5187"},{"taxonomy":"post_tag","embeddable":true,"href":"https:\/\/odakhaber.site\/index.php?rest_route=%2Fwp%2Fv2%2Ftags&post=5187"}],"curies":[{"name":"wp","href":"https:\/\/api.w.org\/{rel}","templated":true}]}}