{"id":5196,"date":"2026-05-01T14:07:13","date_gmt":"2026-05-01T14:07:13","guid":{"rendered":"https:\/\/odakhaber.site\/?p=5196"},"modified":"2026-05-01T14:07:13","modified_gmt":"2026-05-01T14:07:13","slug":"kadinlarin-objektifinden-20-yillik-hikaye-hayattan-kareler-yarismasi-sonuclandi","status":"publish","type":"post","link":"https:\/\/odakhaber.site\/?p=5196","title":{"rendered":"Kad\u0131nlar\u0131n Objektifinden 20 Y\u0131ll\u0131k Hikaye: &#8220;Hayattan Kareler&#8221; Yar\u0131\u015fmas\u0131 Sonu\u00e7land\u0131"},"content":{"rendered":"\n<p>Anadolu Hayat Emeklilik taraf\u0131ndan d\u00fczenlenen ve T\u00fcrkiye\u2019nin kad\u0131nlara \u00f6zel tek foto\u011fraf yar\u0131\u015fmas\u0131 olma \u00f6zelli\u011fi ta\u015f\u0131yan <strong>\u201cKad\u0131n G\u00f6z\u00fcyle Hayattan Kareler\u201d<\/strong>, bu y\u0131l 20. kez sanatseverlerle bulu\u015ftu. &#8220;Hayata Dair&#8221; temas\u0131yla d\u00fczenlenen yar\u0131\u015fman\u0131n 2026 y\u0131l\u0131 kazananlar\u0131, se\u00e7ici kurulun titiz de\u011ferlendirmesi sonucu ilan edildi.<\/p>\n\n\n\n<h3 class=\"wp-block-heading\">Zirvenin Sahibi: &#8220;Bulmaca&#8221;<\/h3>\n\n\n\n<p>Yar\u0131\u015fman\u0131n 20. y\u0131l\u0131nda b\u00fcy\u00fck \u00f6d\u00fcl\u00fcn sahibi, <strong>\u201cBulmaca\u201d<\/strong> adl\u0131 etkileyici karesiyle <strong>\u0130lham Kazdal<\/strong> oldu. Dereceye giren di\u011fer isimler ise \u015fu \u015fekilde s\u0131raland\u0131:<\/p>\n\n\n\n<ul class=\"wp-block-list\">\n<li><strong>\u0130kinci:<\/strong> \u201cRengarenk G\u00fcl\u00fcmse\u201d eseriyle <strong>Ay\u015fe Eslem Ayd\u0131n<\/strong><\/li>\n\n\n\n<li><strong>\u00dc\u00e7\u00fcnc\u00fc:<\/strong> \u201cMomentum\u201d adl\u0131 foto\u011fraf\u0131yla <strong>G\u00fcls\u00fcn \u0130nan<\/strong><\/li>\n<\/ul>\n\n\n\n<h3 class=\"wp-block-heading\">\u00d6zel \u00d6d\u00fcller ve Mansiyonlar<\/h3>\n\n\n\n<p>Yar\u0131\u015fman\u0131n prestijli kategorilerinde bu y\u0131l iki \u00f6zel \u00f6d\u00fcl daha sahiplerini buldu. <strong>Canan Y\u0131ld\u0131r\u0131m Sayak<\/strong>, \u201c\u0130lk Bulu\u015fma\u201d foto\u011fraf\u0131yla <strong>\u00c7evresel S\u00fcrd\u00fcr\u00fclebilirlik \u00d6d\u00fcl\u00fc<\/strong>\u2019n\u00fc kazan\u0131rken; yar\u0131\u015fman\u0131n 20. y\u0131l\u0131na \u00f6zel olarak verilen <strong>20. Y\u0131l \u00d6zel \u00d6d\u00fcl\u00fc<\/strong>, \u201cDijital \u00c7a\u011f\u201d \u00e7al\u0131\u015fmas\u0131yla <strong>P\u0131nar Erg\u00fcl Bayram<\/strong>\u2019a gitti.<\/p>\n\n\n\n<p>Mansiyon \u00f6d\u00fclleri ise \u00fc\u00e7 ayr\u0131 isme takdim edildi:<\/p>\n\n\n\n<ul class=\"wp-block-list\">\n<li><strong>Afet \u015eener<\/strong> \u2013 \u201cAte\u015fle Dans\u201d<\/li>\n\n\n\n<li><strong>Belma Arslan<\/strong> \u2013 \u201cYokluk\u201d<\/li>\n\n\n\n<li><strong>Berrin Kahraman<\/strong> \u2013 \u201cTorak\u00e7\u0131lar\u201d<\/li>\n<\/ul>\n\n\n\n<h3 class=\"wp-block-heading\">20 Y\u0131lda 118 Bini A\u015fk\u0131n Foto\u011fraf<\/h3>\n\n\n\n<p>T\u00fcrkiye Foto\u011fraf Sanat\u0131 Federasyonu (TFSF) dan\u0131\u015fmanl\u0131\u011f\u0131nda y\u00fcr\u00fct\u00fclen yar\u0131\u015fma, bu y\u0131l da yo\u011fun ilgi g\u00f6rd\u00fc. 2026 ba\u015fvuru d\u00f6neminde <strong>2 bin 262 kad\u0131n foto\u011fraf\u00e7\u0131<\/strong>, toplam <strong>7 bin 615 eserle<\/strong> yar\u0131\u015fmaya dahil oldu. Yar\u0131\u015fman\u0131n 20 y\u0131ll\u0131k tarih\u00e7esine bak\u0131ld\u0131\u011f\u0131nda ise 32 binden fazla kad\u0131n\u0131n 118 bini a\u015fk\u0131n foto\u011frafla bu platformda yer almas\u0131, organizasyonun g\u00fcc\u00fcn\u00fc bir kez daha kan\u0131tlad\u0131.<\/p>\n\n\n\n<h3 class=\"wp-block-heading\">Toplam 550 Bin TL De\u011ferinde \u00d6d\u00fcl Havuzu<\/h3>\n\n\n\n<p>Se\u00e7ici kurulunda Emeritus Prof. G\u00fcler Ertan, Burak \u015eenbak, \u0130zzet Keribar, Prof. Nihal Kafal\u0131 ve Tu\u011fba \u00d6cal gibi isimlerin yer ald\u0131\u011f\u0131 yar\u0131\u015fmada \u00f6d\u00fcl miktarlar\u0131 \u015f\u00f6yle belirlendi:<\/p>\n\n\n\n<ul class=\"wp-block-list\">\n<li><strong>Birincilik:<\/strong> 60 bin TL<\/li>\n\n\n\n<li><strong>\u0130kincilik:<\/strong> 50 bin TL<\/li>\n\n\n\n<li><strong>\u00dc\u00e7\u00fcnc\u00fcl\u00fck:<\/strong> 40 bin TL<\/li>\n\n\n\n<li><strong>Mansiyon ve \u00d6zel \u00d6d\u00fcller:<\/strong> 20 bin TL<\/li>\n\n\n\n<li><strong>Sergileme Alan 38 Eser (Her biri):<\/strong> 10 bin TL<\/li>\n<\/ul>\n\n\n\n<p>Toplamda 46 eserin \u00f6d\u00fcl ve sergileme almaya hak kazand\u0131\u011f\u0131 yar\u0131\u015fma, kad\u0131nlar\u0131n g\u00f6z\u00fcnden hayat\u0131n farkl\u0131 renklerini ve hikayelerini sanat d\u00fcnyas\u0131na ta\u015f\u0131maya devam ediyor.<\/p>\n\n\n\n<p><a href=\"https:\/\/www.cumhuriyet.com.tr\/kultur-sanat\/kadin-gozuyle-hayattan-kareler-in-kazananlari-aciklandi-2500185\">https:\/\/www.cumhuriyet.com.tr\/kultur-sanat\/kadin-gozuyle-hayattan-kareler-in-kazananlari-aciklandi-2500185<\/a><\/p>\n","protected":false},"excerpt":{"rendered":"<p>Anadolu Hayat Emeklilik taraf\u0131ndan d\u00fczenlenen ve T\u00fcrkiye\u2019nin kad\u0131nlara \u00f6zel tek foto\u011fraf yar\u0131\u015fmas\u0131 olma \u00f6zelli\u011fi ta\u015f\u0131yan \u201cKad\u0131n G\u00f6z\u00fcyle Hayattan Kareler\u201d, bu y\u0131l 20. kez sanatseverlerle bulu\u015ftu. &#8220;Hayata Dair&#8221; temas\u0131yla d\u00fczenlenen yar\u0131\u015fman\u0131n 2026 y\u0131l\u0131 kazananlar\u0131, se\u00e7ici kurulun titiz de\u011ferlendirmesi sonucu ilan edildi. Zirvenin Sahibi: &#8220;Bulmaca&#8221; Yar\u0131\u015fman\u0131n 20. y\u0131l\u0131nda b\u00fcy\u00fck \u00f6d\u00fcl\u00fcn sahibi, \u201cBulmaca\u201d adl\u0131 etkileyici karesiyle \u0130lham Kazdal [&hellip;]<\/p>\n","protected":false},"author":3,"featured_media":5197,"comment_status":"open","ping_status":"open","sticky":false,"template":"","format":"standard","meta":{"_jetpack_memberships_contains_paid_content":false,"footnotes":""},"categories":[3],"tags":[],"class_list":["post-5196","post","type-post","status-publish","format-standard","has-post-thumbnail","hentry","category-kultur-sanat-haberleri"],"jetpack_featured_media_url":"https:\/\/odakhaber.site\/wp-content\/uploads\/2026\/05\/bc41842b-2a20-4e40-a958-3f018e57fb7d.webp","jetpack_sharing_enabled":true,"_links":{"self":[{"href":"https:\/\/odakhaber.site\/index.php?rest_route=\/wp\/v2\/posts\/5196","targetHints":{"allow":["GET"]}}],"collection":[{"href":"https:\/\/odakhaber.site\/index.php?rest_route=\/wp\/v2\/posts"}],"about":[{"href":"https:\/\/odakhaber.site\/index.php?rest_route=\/wp\/v2\/types\/post"}],"author":[{"embeddable":true,"href":"https:\/\/odakhaber.site\/index.php?rest_route=\/wp\/v2\/users\/3"}],"replies":[{"embeddable":true,"href":"https:\/\/odakhaber.site\/index.php?rest_route=%2Fwp%2Fv2%2Fcomments&post=5196"}],"version-history":[{"count":1,"href":"https:\/\/odakhaber.site\/index.php?rest_route=\/wp\/v2\/posts\/5196\/revisions"}],"predecessor-version":[{"id":5198,"href":"https:\/\/odakhaber.site\/index.php?rest_route=\/wp\/v2\/posts\/5196\/revisions\/5198"}],"wp:featuredmedia":[{"embeddable":true,"href":"https:\/\/odakhaber.site\/index.php?rest_route=\/wp\/v2\/media\/5197"}],"wp:attachment":[{"href":"https:\/\/odakhaber.site\/index.php?rest_route=%2Fwp%2Fv2%2Fmedia&parent=5196"}],"wp:term":[{"taxonomy":"category","embeddable":true,"href":"https:\/\/odakhaber.site\/index.php?rest_route=%2Fwp%2Fv2%2Fcategories&post=5196"},{"taxonomy":"post_tag","embeddable":true,"href":"https:\/\/odakhaber.site\/index.php?rest_route=%2Fwp%2Fv2%2Ftags&post=5196"}],"curies":[{"name":"wp","href":"https:\/\/api.w.org\/{rel}","templated":true}]}}