{"id":5199,"date":"2026-05-01T14:08:34","date_gmt":"2026-05-01T14:08:34","guid":{"rendered":"https:\/\/odakhaber.site\/?p=5199"},"modified":"2026-05-01T14:08:34","modified_gmt":"2026-05-01T14:08:34","slug":"fazil-saydan-devrim-niteliginde-adim-say-plays-jazz-turkiye-turnesi-basliyor","status":"publish","type":"post","link":"https:\/\/odakhaber.site\/?p=5199","title":{"rendered":"Faz\u0131l Say\u2019dan Devrim Niteli\u011finde Ad\u0131m: &#8220;Say Plays Jazz&#8221; T\u00fcrkiye Turnesi Ba\u015fl\u0131yor"},"content":{"rendered":"\n<p>D\u00fcnyaca \u00fcnl\u00fc piyanist ve besteci <strong>Faz\u0131l Say<\/strong>, klasik m\u00fczikteki dehas\u0131n\u0131 caz\u0131n \u00f6zg\u00fcr ruhuyla birle\u015ftirdi\u011fi yeni projesi <strong>\u201cSay Plays Jazz on Tour with \u0160koda\u201d<\/strong> ile bu yaz T\u00fcrkiye\u2019yi dola\u015fmaya haz\u0131rlan\u0131yor. Sanat\u00e7\u0131n\u0131n yaln\u0131zca yorumcu de\u011fil, besteci kimli\u011fiyle de caz ekseninde yeni bir dil kurdu\u011fu bu proje, Faz\u0131l Say Jazz Quintet arac\u0131l\u0131\u011f\u0131yla m\u00fczikseverlerle bulu\u015facak.<\/p>\n\n\n\n<h3 class=\"wp-block-heading\">7 \u015eehir, 10 Konser ve Kesintisiz Bir Anlat\u0131<\/h3>\n\n\n\n<p>Pozitif M\u00fczik organizasyonuyla hayata ge\u00e7irilecek turne kapsam\u0131nda 7 farkl\u0131 \u015fehirde toplam 10 konser verilecek. Geleneksel konser formunun d\u0131\u015f\u0131na \u00e7\u0131kan &#8220;Say Plays Jazz&#8221;, yakla\u015f\u0131k 75-80 dakika s\u00fcrecek performans boyunca par\u00e7alar aras\u0131nda ara verilmeden, b\u00fct\u00fcnl\u00fckl\u00fc ve ak\u0131\u015fkan bir anlat\u0131 sunmay\u0131 hedefliyor. Projenin ilerleyen d\u00f6nemde alb\u00fcmle\u015ftirilmesi ve uluslararas\u0131 arenalara ta\u015f\u0131nmas\u0131 da planlar aras\u0131nda.<\/p>\n\n\n\n<h3 class=\"wp-block-heading\">Sosyal Meseleler Notlara D\u00f6k\u00fcl\u00fcyor<\/h3>\n\n\n\n<p>Proje, m\u00fczikal kalitesinin yan\u0131 s\u0131ra g\u00fc\u00e7l\u00fc bir sosyal duyarl\u0131l\u0131k ta\u015f\u0131yor. Faz\u0131l Say, repertuvar\u0131n temelinde yer alan temalar\u0131 \u015fu s\u00f6zlerle \u00f6zetliyor:<\/p>\n\n\n\n<blockquote class=\"wp-block-quote is-layout-flow wp-block-quote-is-layout-flow\">\n<p>\u201cDo\u011fu ile Bat\u0131 aras\u0131ndaki k\u00fclt\u00fcrel k\u00f6pr\u00fcn\u00fcn yan\u0131 s\u0131ra k\u00fcresel krizler, T\u00fcrkiye\u2019nin toplumsal meseleleri, do\u011fa tahribat\u0131 ve sokak hayvanlar\u0131n\u0131n durumu gibi temalara da yer veriyoruz.\u201d<\/p>\n<\/blockquote>\n\n\n\n<h3 class=\"wp-block-heading\">Virt\u00fc\u00f6zler Kadrosu<\/h3>\n\n\n\n<p>Sahnede Faz\u0131l Say\u2019a kendi alan\u0131nda devle\u015fmi\u015f bir m\u00fczisyen kadrosu e\u015flik edecek. Be\u015flide yer alan isimler \u015f\u00f6yle:<\/p>\n\n\n\n<ul class=\"wp-block-list\">\n<li><strong>Vokal:<\/strong> Ezgi Ala\u015f<\/li>\n\n\n\n<li><strong>Fl\u00fct:<\/strong> Asl\u0131han And Say<\/li>\n\n\n\n<li><strong>Saksafon:<\/strong> Serdar Bar\u00e7\u0131n<\/li>\n\n\n\n<li><strong>Davul:<\/strong> Ferit Odman<\/li>\n<\/ul>\n\n\n\n<h3 class=\"wp-block-heading\">Turne Takvimi: Antik Tiyatrolardan A\u00e7\u0131k Hava Sahnelerine<\/h3>\n\n\n\n<p>Yaz ak\u015famlar\u0131n\u0131 caz\u0131n b\u00fcy\u00fcs\u00fcyle birle\u015ftirecek turnenin program\u0131, T\u00fcrkiye\u2019nin en ikonik mekanlar\u0131n\u0131 kaps\u0131yor:<\/p>\n\n\n\n<ul class=\"wp-block-list\">\n<li><strong>19 Temmuz 2026:<\/strong> Ayval\u0131k Amfi Tiyatro<\/li>\n\n\n\n<li><strong>24 Temmuz 2026:<\/strong> \u00c7e\u015fme A\u00e7\u0131khava Tiyatrosu<\/li>\n\n\n\n<li><strong>25 Temmuz 2026:<\/strong> Efes Antik Tiyatrosu<\/li>\n\n\n\n<li><strong>26 Temmuz 2026:<\/strong> Bodrum Antik Tiyatrosu<\/li>\n\n\n\n<li><strong>2-3 Eyl\u00fcl 2026:<\/strong> Harbiye Cemil Topuzlu A\u00e7\u0131khava Tiyatrosu (\u0130stanbul)<\/li>\n\n\n\n<li><strong>13 Eyl\u00fcl 2026:<\/strong> \u0130zmir K\u00fclt\u00fcrpark A\u00e7\u0131khava Tiyatrosu<\/li>\n\n\n\n<li><strong>16 Eyl\u00fcl 2026:<\/strong> Hierapolis Antik Tiyatrosu (Denizli)<\/li>\n\n\n\n<li><strong>17 Eyl\u00fcl 2026:<\/strong> Antalya A\u00e7\u0131khava Tiyatrosu<\/li>\n\n\n\n<li><strong>27 Eyl\u00fcl 2026:<\/strong> Bilkent Odeon (Ankara)<\/li>\n<\/ul>\n\n\n\n<p><a href=\"https:\/\/www.cumhuriyet.com.tr\/kultur-sanat\/fazil-say-dan-yeni-caz-projesi-say-plays-jazz-2500174\">https:\/\/www.cumhuriyet.com.tr\/kultur-sanat\/fazil-say-dan-yeni-caz-projesi-say-plays-jazz-2500174<\/a><\/p>\n","protected":false},"excerpt":{"rendered":"<p>D\u00fcnyaca \u00fcnl\u00fc piyanist ve besteci Faz\u0131l Say, klasik m\u00fczikteki dehas\u0131n\u0131 caz\u0131n \u00f6zg\u00fcr ruhuyla birle\u015ftirdi\u011fi yeni projesi \u201cSay Plays Jazz on Tour with \u0160koda\u201d ile bu yaz T\u00fcrkiye\u2019yi dola\u015fmaya haz\u0131rlan\u0131yor. Sanat\u00e7\u0131n\u0131n yaln\u0131zca yorumcu de\u011fil, besteci kimli\u011fiyle de caz ekseninde yeni bir dil kurdu\u011fu bu proje, Faz\u0131l Say Jazz Quintet arac\u0131l\u0131\u011f\u0131yla m\u00fczikseverlerle bulu\u015facak. 7 \u015eehir, 10 Konser [&hellip;]<\/p>\n","protected":false},"author":3,"featured_media":5200,"comment_status":"open","ping_status":"open","sticky":false,"template":"","format":"standard","meta":{"_jetpack_memberships_contains_paid_content":false,"footnotes":""},"categories":[3],"tags":[],"class_list":["post-5199","post","type-post","status-publish","format-standard","has-post-thumbnail","hentry","category-kultur-sanat-haberleri"],"jetpack_featured_media_url":"https:\/\/odakhaber.site\/wp-content\/uploads\/2026\/05\/be6fb3e7-b9b3-4910-9c89-16c2faf2df8f.webp","jetpack_sharing_enabled":true,"_links":{"self":[{"href":"https:\/\/odakhaber.site\/index.php?rest_route=\/wp\/v2\/posts\/5199","targetHints":{"allow":["GET"]}}],"collection":[{"href":"https:\/\/odakhaber.site\/index.php?rest_route=\/wp\/v2\/posts"}],"about":[{"href":"https:\/\/odakhaber.site\/index.php?rest_route=\/wp\/v2\/types\/post"}],"author":[{"embeddable":true,"href":"https:\/\/odakhaber.site\/index.php?rest_route=\/wp\/v2\/users\/3"}],"replies":[{"embeddable":true,"href":"https:\/\/odakhaber.site\/index.php?rest_route=%2Fwp%2Fv2%2Fcomments&post=5199"}],"version-history":[{"count":1,"href":"https:\/\/odakhaber.site\/index.php?rest_route=\/wp\/v2\/posts\/5199\/revisions"}],"predecessor-version":[{"id":5201,"href":"https:\/\/odakhaber.site\/index.php?rest_route=\/wp\/v2\/posts\/5199\/revisions\/5201"}],"wp:featuredmedia":[{"embeddable":true,"href":"https:\/\/odakhaber.site\/index.php?rest_route=\/wp\/v2\/media\/5200"}],"wp:attachment":[{"href":"https:\/\/odakhaber.site\/index.php?rest_route=%2Fwp%2Fv2%2Fmedia&parent=5199"}],"wp:term":[{"taxonomy":"category","embeddable":true,"href":"https:\/\/odakhaber.site\/index.php?rest_route=%2Fwp%2Fv2%2Fcategories&post=5199"},{"taxonomy":"post_tag","embeddable":true,"href":"https:\/\/odakhaber.site\/index.php?rest_route=%2Fwp%2Fv2%2Ftags&post=5199"}],"curies":[{"name":"wp","href":"https:\/\/api.w.org\/{rel}","templated":true}]}}