{"id":5213,"date":"2026-05-01T15:47:55","date_gmt":"2026-05-01T15:47:55","guid":{"rendered":"https:\/\/odakhaber.site\/?p=5213"},"modified":"2026-05-01T15:47:55","modified_gmt":"2026-05-01T15:47:55","slug":"mevsimsel-alerjiyle-mucadelede-bilimsel-stratejiler-bahar-kabusuna-karsi-9-kritik-onlem","status":"publish","type":"post","link":"https:\/\/odakhaber.site\/?p=5213","title":{"rendered":"Mevsimsel Alerjiyle M\u00fccadelede Bilimsel Stratejiler: Bahar Kabusuna Kar\u015f\u0131 9 Kritik \u00d6nlem"},"content":{"rendered":"\n<figure class=\"wp-block-image\"><img decoding=\"async\" src=\"https:\/\/i0.wp.com\/hurbakisgazetesi.com\/wp-content\/uploads\/2026\/05\/tedavi-edilmeyen-mevsimsel-alerji-oksijen-alimini-azaltabiliyor-7ODh.jpg?resize=816%2C459&amp;ssl=1\" alt=\"\" title=\"Mevsimsel Alerjiyle M\u00fccadelede Bilimsel Stratejiler: Bahar Kabusuna Kar\u015f\u0131 9 Kritik \u00d6nlem\"\/><\/figure>\n\n\n\n<p><strong>D\u00fcnya genelinde yakla\u015f\u0131k 400 milyon ki\u015fiyi pen\u00e7esine alan mevsimsel alerjiler, iklim de\u011fi\u015fikli\u011finin etkisiyle her ge\u00e7en y\u0131l daha agresif bir hal al\u0131yor. Uzmanlar, \u2018basit bir burun ak\u0131nt\u0131s\u0131\u2019 denilerek ge\u00e7i\u015ftirilen ancak ya\u015fam kalitesini ciddi \u00f6l\u00e7\u00fcde d\u00fc\u015f\u00fcren semptomlara kar\u015f\u0131, yanl\u0131\u015f bilinen tedavi y\u00f6ntemlerini ve hayat kurtaran 9 alt\u0131n kural\u0131 a\u00e7\u0131kl\u0131yor.<\/strong><\/p>\n\n\n\n<figure class=\"wp-block-image\"><img decoding=\"async\" src=\"https:\/\/i0.wp.com\/hurbakisgazetesi.com\/wp-content\/uploads\/2026\/05\/tedavi-edilmeyen-mevsimsel-alerji-oksijen-alimini-azaltabiliyor-7ODh.jpg?resize=616%2C346&amp;ssl=1\" alt=\"\" class=\"wp-image-11302\"\/><\/figure>\n\n\n\n<p>G\u00fcne\u015fli g\u00fcnlerin ve do\u011fan\u0131n uyan\u0131\u015f\u0131n\u0131n habercisi olan bahar aylar\u0131, d\u00fcnya genelinde milyonlarca birey i\u00e7in burun ak\u0131nt\u0131s\u0131, kronik \u00f6ks\u00fcr\u00fck ve g\u00f6z sulanmas\u0131yla ge\u00e7en zorlu bir s\u00fcreci temsil ediyor. Bilimsel veriler, yakla\u015f\u0131k 400 milyon insan\u0131n havadaki alerjenlerin, \u00f6zellikle de polenlerin solunum yollar\u0131n\u0131 irite etmesiyle ortaya \u00e7\u0131kan \u201calerjik rinit\u201d tablosundan etkilendi\u011fini g\u00f6steriyor. T\u0131p literat\u00fcr\u00fcnde mevsimsel olarak \u201csaman nezlesi\u201d \u015feklinde tan\u0131mlanan bu durum, iklimsel de\u011fi\u015fimlerin etkisiyle hem hasta pop\u00fclasyonunda hem de semptomlar\u0131n \u015fiddetinde ivmeli bir art\u0131\u015f sergiliyor. Uzmanlar, g\u00fcncel ara\u015ft\u0131rmalar \u0131\u015f\u0131\u011f\u0131nda geli\u015ftirilen proaktif tedavi y\u00f6ntemleriyle bu s\u00fcrecin \u00e7ok daha konforlu ge\u00e7irilmesinin m\u00fcmk\u00fcn oldu\u011funu vurguluyor.<\/p>\n\n\n\n<h3 class=\"wp-block-heading\">1. Hedef Odakl\u0131 Tedavi: Burun Spreylerinin Etkinli\u011fi<\/h3>\n\n\n\n<p>Uzmanlar, sistemik etki g\u00f6steren a\u011f\u0131zdan al\u0131nan antihistaminik haplar yerine, do\u011frudan b\u00f6lgeye uygulanan kortikosteroid veya antihistaminik spreylerin \u00e7ok daha efektif sonu\u00e7lar verdi\u011fini belirtiyor. Sprey formundaki ila\u00e7lar, do\u011frudan hedef b\u00f6lgedeki inflamasyonu (iltihaplanmay\u0131) bask\u0131layarak hap\u015f\u0131rma, t\u0131kan\u0131kl\u0131k ve ka\u015f\u0131nt\u0131 gibi belirtileri daha kapsaml\u0131 bir \u015fekilde kontrol alt\u0131na alabiliyor. Bu ba\u011flamda, g\u00f6zlerdeki inat\u00e7\u0131 ka\u015f\u0131nt\u0131lar i\u00e7in olopatadin i\u00e7erikli damlalar\u0131n kullan\u0131m\u0131 da destekleyici bir \u00e7\u00f6z\u00fcm olarak \u00f6neriliyor.<\/p>\n\n\n\n<h3 class=\"wp-block-heading\">2. Ba\u011f\u0131ml\u0131l\u0131k Riski: Dekonjestan Spreylere Dikkat<\/h3>\n\n\n\n<p>K\u0131sa s\u00fcreli rahatlama sa\u011flayan dekonjestan (burun a\u00e7\u0131c\u0131) spreyler, uzun s\u00fcreli kullan\u0131mda \u201cgeri tepme t\u0131kan\u0131kl\u0131\u011f\u0131\u201d (rebound congestion) denilen klinik bir tabloya yol a\u00e7abiliyor. Be\u015f g\u00fcn\u00fc a\u015fan kullan\u0131mda burun damarlar\u0131n\u0131n ilaca ba\u011f\u0131ml\u0131 hale gelebilece\u011fi konusunda uyar\u0131da bulunan uzmanlar, ilac\u0131n b\u0131rak\u0131lmas\u0131yla damarlar\u0131n daha fazla \u015fi\u015ferek t\u0131kan\u0131kl\u0131\u011f\u0131 derinle\u015ftirebilece\u011fine dikkat \u00e7ekiyor.<\/p>\n\n\n\n<h3 class=\"wp-block-heading\">3. Antihistaminik Se\u00e7iminde \u0130kinci Nesil Avantaj\u0131<\/h3>\n\n\n\n<p>E\u011fer tedavi protokol\u00fcnde antihistaminik hap kullan\u0131m\u0131 gerekiyorsa; setirizin, loratadin veya feksofenadin gibi ikinci nesil ila\u00e7lar\u0131n tercih edilmesi \u00f6neriliyor. Bu yeni nesil bile\u015fenler, eski nesil difenhidramin i\u00e7erikli ila\u00e7lara k\u0131yasla daha y\u00fcksek etkinlik sunarken, g\u00fcnl\u00fck ya\u015fam\u0131 olumsuz etkileyen uyku hali ve sersemlik gibi yan etkileri minimize ediyor. Ayr\u0131ca, burun spreyi ile hap kombinasyonunun \u00e7o\u011fu zaman ek bir klinik fayda sa\u011flamad\u0131\u011f\u0131 da vurgulanan detaylar aras\u0131nda.<\/p>\n\n\n\n<h3 class=\"wp-block-heading\">4. Proaktif Yakla\u015f\u0131m: Sezon \u00d6ncesi Haz\u0131rl\u0131k<\/h3>\n\n\n\n<p>Tedavinin ba\u015far\u0131s\u0131nda zamanlama en kritik fakt\u00f6rlerden biri olarak \u00f6ne \u00e7\u0131k\u0131yor. Belirtilerin hen\u00fcz ortaya \u00e7\u0131kmad\u0131\u011f\u0131, polen sezonunun ba\u015flamas\u0131ndan yakla\u015f\u0131k d\u00f6rt hafta \u00f6ncesinde burun spreyi kullan\u0131m\u0131na ba\u015flamak, klinik tabloda \u00e7ok daha ba\u015far\u0131l\u0131 sonu\u00e7lar elde edilmesini sa\u011fl\u0131yor.<\/p>\n\n\n\n<h3 class=\"wp-block-heading\">5. Tedavide S\u00fcreklilik ve Disiplin<\/h3>\n\n\n\n<p>\u0130la\u00e7lar\u0131n etkisiz oldu\u011fu y\u00f6n\u00fcndeki yayg\u0131n alg\u0131n\u0131n temelinde genellikle d\u00fczensiz kullan\u0131m yat\u0131yor. Uzmanlar, semptomlar g\u00f6r\u00fclmese dahi tedavinin her g\u00fcn ayn\u0131 saatte ve d\u00fczenli olarak s\u00fcrd\u00fcr\u00fclmesi gerekti\u011fini hat\u0131rlat\u0131yor. Do\u011fru dozda ve istikrarl\u0131 kullan\u0131m, ba\u011f\u0131\u015f\u0131kl\u0131k sisteminin alerjenlere verdi\u011fi tepkiyi kontrol alt\u0131nda tutman\u0131n tek yolu olarak g\u00f6r\u00fcl\u00fcyor.<\/p>\n\n\n\n<h3 class=\"wp-block-heading\">6. Uygulama Tekni\u011fi: Sprey Nas\u0131l Kullan\u0131lmal\u0131?<\/h3>\n\n\n\n<p>Burun spreylerinin yanl\u0131\u015f uygulanmas\u0131, ilac\u0131n hedeflenen doku yerine do\u011frudan bo\u011faza gitmesine ve etkinli\u011fin yitirilmesine neden oluyor. Do\u011fru teknikte; ba\u015f hafif\u00e7e \u00f6ne e\u011filmeli, sprey burun deli\u011fine yerle\u015ftirildikten sonra d\u0131\u015f kulak y\u00f6n\u00fcne do\u011fru s\u0131k\u0131lmal\u0131d\u0131r. Uygulama sonras\u0131nda ilac\u0131n b\u00f6lgede kalmas\u0131 i\u00e7in burun s\u00fcmk\u00fcr\u00fclmemelidir.<\/p>\n\n\n\n<h3 class=\"wp-block-heading\">7. Ok\u00fcler Tedavide Hassas Uygulama<\/h3>\n\n\n\n<p>G\u00f6z damlalar\u0131n\u0131n do\u011frudan g\u00f6z bebe\u011fi \u00fczerine damlat\u0131lmas\u0131 yerine, ba\u015f\u0131n yana e\u011filerek damlan\u0131n g\u00f6z\u00fcn i\u00e7 k\u00f6\u015fesine uygulanmas\u0131 tavsiye ediliyor. Damlatma i\u015fleminin ard\u0131ndan g\u00f6z k\u0131rp\u0131larak ilac\u0131n t\u00fcm y\u00fczeye e\u015fit \u015fekilde yay\u0131lmas\u0131, tedavinin ba\u015far\u0131s\u0131n\u0131 art\u0131ran \u00f6nemli bir detay.<\/p>\n\n\n\n<h3 class=\"wp-block-heading\">8. \u00c7evresel \u0130zolasyon ve Polen Bariyerleri<\/h3>\n\n\n\n<p>D\u0131\u015f d\u00fcnyadaki alerjen y\u00fck\u00fcn\u00fc minimize etmek i\u00e7in pencerelerin kapal\u0131 tutulmas\u0131, d\u0131\u015f mekan aktivitelerinde koruyucu g\u00fcne\u015f g\u00f6zl\u00fc\u011f\u00fc ve maske kullan\u0131m\u0131 stratejik \u00f6nem ta\u015f\u0131yor. D\u0131\u015far\u0131dan eve d\u00f6n\u00fcld\u00fc\u011f\u00fcnde sa\u00e7 ve ciltte biriken polenlerin temizlenmesi i\u00e7in du\u015f al\u0131nmas\u0131, i\u00e7 mekan hava kalitesini korumak ad\u0131na kritik bir \u00f6nlem olarak kabul ediliyor.<\/p>\n\n\n\n<h3 class=\"wp-block-heading\">9. Profesyonel Destek ve Uzun Vadeli \u00c7\u00f6z\u00fcmler<\/h3>\n\n\n\n<p>Saman nezlesi, basit bir sa\u011fl\u0131k sorunu gibi alg\u0131lanmamal\u0131; ya\u015fam kalitesini, uyku d\u00fczenini ve genel solunum sa\u011fl\u0131\u011f\u0131n\u0131 tehdit eden bir durumdur. \u015eikayetlerin diren\u00e7li olmas\u0131 durumunda, altta yatan olas\u0131 bir ast\u0131m riskine kar\u015f\u0131 mutlaka doktora ba\u015fvurulmal\u0131d\u0131r. Alerjen imm\u00fcnoterapisi (a\u015f\u0131 tedavisi) gibi y\u00f6ntemler, uzun vadede semptomlar\u0131 kal\u0131c\u0131 olarak azaltabilecek en g\u00fc\u00e7l\u00fc t\u0131bbi se\u00e7enekler aras\u0131nda yer al\u0131yor.<\/p>\n\n\n\n<p>KARDE\u015e HABER<\/p>\n\n\n\n<figure class=\"wp-block-embed is-type-wp-embed is-provider-h-r-bak-gazetesi wp-block-embed-h-r-bak-gazetesi\"><div class=\"wp-block-embed__wrapper\">\n<blockquote class=\"wp-embedded-content\" data-secret=\"ZETPmnGhBb\"><a href=\"https:\/\/hurbakisgazetesi.com\/2026\/05\/01\/mevsimsel-alerjiyle-mucadelede-bilimsel-stratejiler-bahar-kabusuna-karsi-9-kritik-onlem\/\">Mevsimsel Alerjiyle M\u00fccadelede Bilimsel Stratejiler: Bahar Kabusuna Kar\u015f\u0131 9 Kritik \u00d6nlem<\/a><\/blockquote><iframe loading=\"lazy\" class=\"wp-embedded-content\" sandbox=\"allow-scripts\" security=\"restricted\" style=\"position: absolute; visibility: hidden;\" title=\"&#8220;Mevsimsel Alerjiyle M\u00fccadelede Bilimsel Stratejiler: Bahar Kabusuna Kar\u015f\u0131 9 Kritik \u00d6nlem&#8221; &#8212; H\u00fcr Bak\u0131\u015f Gazetesi\" src=\"https:\/\/hurbakisgazetesi.com\/2026\/05\/01\/mevsimsel-alerjiyle-mucadelede-bilimsel-stratejiler-bahar-kabusuna-karsi-9-kritik-onlem\/embed\/#?secret=JFvT9AYlJr#?secret=ZETPmnGhBb\" data-secret=\"ZETPmnGhBb\" width=\"600\" height=\"338\" frameborder=\"0\" marginwidth=\"0\" marginheight=\"0\" scrolling=\"no\"><\/iframe>\n<\/div><\/figure>\n","protected":false},"excerpt":{"rendered":"<p>D\u00fcnya genelinde yakla\u015f\u0131k 400 milyon ki\u015fiyi pen\u00e7esine alan mevsimsel alerjiler, iklim de\u011fi\u015fikli\u011finin etkisiyle her ge\u00e7en y\u0131l daha agresif bir hal al\u0131yor. Uzmanlar, \u2018basit bir burun ak\u0131nt\u0131s\u0131\u2019 denilerek ge\u00e7i\u015ftirilen ancak ya\u015fam kalitesini ciddi \u00f6l\u00e7\u00fcde d\u00fc\u015f\u00fcren semptomlara kar\u015f\u0131, yanl\u0131\u015f bilinen tedavi y\u00f6ntemlerini ve hayat kurtaran 9 alt\u0131n kural\u0131 a\u00e7\u0131kl\u0131yor. G\u00fcne\u015fli g\u00fcnlerin ve do\u011fan\u0131n uyan\u0131\u015f\u0131n\u0131n habercisi olan bahar [&hellip;]<\/p>\n","protected":false},"author":5,"featured_media":5214,"comment_status":"open","ping_status":"open","sticky":false,"template":"","format":"standard","meta":{"_jetpack_memberships_contains_paid_content":false,"footnotes":""},"categories":[39],"tags":[],"class_list":["post-5213","post","type-post","status-publish","format-standard","has-post-thumbnail","hentry","category-saglik-haberleri"],"jetpack_featured_media_url":"https:\/\/odakhaber.site\/wp-content\/uploads\/2026\/05\/tedavi-edilmeyen-mevsimsel-alerji-oksijen-alimini-azaltabiliyor-7ODh.webp","jetpack_sharing_enabled":true,"_links":{"self":[{"href":"https:\/\/odakhaber.site\/index.php?rest_route=\/wp\/v2\/posts\/5213","targetHints":{"allow":["GET"]}}],"collection":[{"href":"https:\/\/odakhaber.site\/index.php?rest_route=\/wp\/v2\/posts"}],"about":[{"href":"https:\/\/odakhaber.site\/index.php?rest_route=\/wp\/v2\/types\/post"}],"author":[{"embeddable":true,"href":"https:\/\/odakhaber.site\/index.php?rest_route=\/wp\/v2\/users\/5"}],"replies":[{"embeddable":true,"href":"https:\/\/odakhaber.site\/index.php?rest_route=%2Fwp%2Fv2%2Fcomments&post=5213"}],"version-history":[{"count":1,"href":"https:\/\/odakhaber.site\/index.php?rest_route=\/wp\/v2\/posts\/5213\/revisions"}],"predecessor-version":[{"id":5215,"href":"https:\/\/odakhaber.site\/index.php?rest_route=\/wp\/v2\/posts\/5213\/revisions\/5215"}],"wp:featuredmedia":[{"embeddable":true,"href":"https:\/\/odakhaber.site\/index.php?rest_route=\/wp\/v2\/media\/5214"}],"wp:attachment":[{"href":"https:\/\/odakhaber.site\/index.php?rest_route=%2Fwp%2Fv2%2Fmedia&parent=5213"}],"wp:term":[{"taxonomy":"category","embeddable":true,"href":"https:\/\/odakhaber.site\/index.php?rest_route=%2Fwp%2Fv2%2Fcategories&post=5213"},{"taxonomy":"post_tag","embeddable":true,"href":"https:\/\/odakhaber.site\/index.php?rest_route=%2Fwp%2Fv2%2Ftags&post=5213"}],"curies":[{"name":"wp","href":"https:\/\/api.w.org\/{rel}","templated":true}]}}